{"id":70999,"date":"2022-02-04T16:45:24","date_gmt":"2022-02-04T16:45:24","guid":{"rendered":"https:\/\/gazetaregionalna.com\/?p=70999"},"modified":"2022-02-04T16:45:25","modified_gmt":"2022-02-04T16:45:25","slug":"lekkoatleci-cks-budowlani-w-2021-roku-na-swoje-100-lecie-zdobyli-11-medali","status":"publish","type":"post","link":"https:\/\/gazetaregionalna.com\/?p=70999","title":{"rendered":"Lekkoatleci CKS Budowlani w 2021 roku na swoje 100-lecie zdobyli 11 medali"},"content":{"rendered":"\n<p>W grudniu 2021 obchodzili\u015bmy 100-lecie klubu. A w swej historii klub zdoby\u0142 ponad 500 medali Mistrzostw Polski w r\u00f3\u017cnych kategoriach wiekowych. Przybli\u017caj\u0105c pokr\u00f3tce histori\u0119 klubu nie spos\u00f3b nie wymieni\u0107 najwybitniejszych wychowank\u00f3w. Na pewno na szczeg\u00f3lne uznanie zas\u0142uguje Pani Ma\u0142gorzata Rydz. Przez wiele lat reprezentowa\u0142a nasz kraj na najwa\u017cniejszych imprezach sportowych (dwukrotna olimpijka, uczestniczka Mistrzostw \u015awiata, Pucharu \u015awiata, medalistka Mistrzostw Europy, zdobywczyni ponad 40 medali Mistrzostw Polski w r\u00f3\u017cnych kategoriach wiekowych, zwyci\u0119\u017cczyni Z\u0142otych Kolc\u00f3w &#8211; presti\u017cowej nagrody PZLA dla najlepszego lekkoatlety w kraju. Specjalno\u015bci\u0105 Ma\u0142gorzaty Rydz by\u0142y biegi \u015brednie. Jakub Jelonek to r\u00f3wnie\u017c dwukrotny olimpijczyk (Pekin i Rio) uczestnik najbardziej presti\u017cowych imprez lekkoatletycznych na \u015bwiecie. Aktualnie now\u0105 histori\u0119 klubu CKS Budowlani tworz\u0105: Oliwier Mutwil zdobywca 12 medali MP, Anna Lizi\u0144ska, Micha\u0142 Pi\u0105tek, Alan Kluczny, Nikola Lewandowska, Emilia Majewska (to aktualni medali\u015bci MP lub posiadaj\u0105cy najlepsze w tym roku wyniki w kraju w swojej kategorii wiekowej) oraz wielu innych utalentowanych m\u0142odych sportowc\u00f3w, kt\u00f3rzy posiadaj\u0105 ogromny potencja\u0142 sportowy.<\/p>\n\n\n\n<p>Warto odnotowa\u0107, w ostatnich 10 latach lekkoatleci CKS zdobyli 67 medali Mistrzostw Polski (15 z\u0142, 21 sr, 31 br. ) i to r\u00f3wnie\u017c w ka\u017cdych kategoriach wiekowych. Pocz\u0105wszy od m\u0142odzik\u00f3w do senior\u00f3w. W roku 2021 to 11 medali: 5 z\u0142otych, 3 srebrne i 3 br\u0105zowe. Z\u0142ote medale zdobyli: Oliwier Mutwil U 23 (5000 i bieg prze\u0142ajowy 4 km), Anna Lizi\u0144ska U18 (biegi g\u00f3rskie), Ewa Bambynek U20 (biegi g\u00f3rskie ), Dru\u017cyna U18 w sk\u0142adzie: Anna Lizi\u0144ska, Hanna Bigdowska, Olga Dro\u015b, Aleksandra Walaszek, Rados\u0142aw Porada, Mateusz Majewski &#8211; w biegach prze\u0142ajowych. Srebrne medale to Anna Lizi\u0144ska U18 (biegi prze\u0142ajowe), Oliwier Mutwil (1500 m), Alan Kluczny U16 (110 przez p\u0142otki). Br\u0105zowe Jakub Jelonek &#8211; kategoria senior (5000 m ch\u00f3d sportowy), Oliwier Mutwil w kategorii senior\u00f3w (bieg prze\u0142ajowy, Micha\u0142 Pi\u0105tek U20 (biegi g\u00f3rskie).<\/p>\n\n\n\n<p>W Mistrzostwach Wojew\u00f3dztwa \u015al\u0105skiego to w 2021 roku wywalczyli\u015bmy 91 medali r\u00f3wnie\u017c we wszystkich kategoriach wiekowych.<\/p>\n\n\n\n<p>W kadrze Narodowej na 2022 rok jest Jakub Jelonek. Do Zaplecza Kadry Narodowej na 2022 zakwalifikowa\u0142o si\u0119 12 zawodnik\u00f3w CKS ( Anna Lizi\u0144ska, Micha\u0142 Pi\u0105tek, Klaudia Wrzosowska, Aleksandra Walaszek, Magdalena We\u017cgowiec, Maja Jundzi\u0142, Rados\u0142aw Bart\u0142omiejczyk, Alan Kluczny, Dominik Wr\u00f3bel, Ma\u0142gorzata Pa\u0142asi\u0144ska, Sebastian Rachwalik, Paludkiewicz Maksymilian. Do Kadry Wojew\u00f3dzkiej M\u0142odzik\u00f3w zakwalifikowa\u0142o si\u0119 15 zawodnik\u00f3w (Nadia Mizga\u0142a, Julia Tr\u0105bczy\u0144ska, Julia Kubik, Martyna Cendrowska, Filip Labocha, Nikola Lewandowska, \u0141ucja Waszczyk, Zuzanna Grado\u0144, Ewa Nowotarska, Aleksander \u015aliwi\u0144ski, Micha\u0142 Krakowiak, Szymon Stradomski, Aleksandra W\u0142odara, Hubert Wo\u017aniak, Maciej Dyja.<\/p>\n\n\n\n<p><strong>Czes\u0142aw Lamch, CKS Budowlani Cz\u0119stochowa<\/strong>, foto: materia\u0142y prasowe klubu<\/p>\n\n\n\n<p>Tekst pochodzi z dodatku &#8222;Czas na sport&#8221; zamieszczonym w wydaniu papierowym &#8222;Gazety Regionalnej&#8221; z dnia 28.01.2022r. <\/p>\n\n\n\n<figure class=\"wp-block-image size-large\"><img decoding=\"async\" width=\"986\" height=\"578\" data-src=\"https:\/\/gazetaregionalna.com\/wp-content\/uploads\/2022\/02\/CKS-1-1.jpg\" alt=\"\" class=\"wp-image-71000 lazyload\" data-srcset=\"https:\/\/gazetaregionalna.com\/wp-content\/uploads\/2022\/02\/CKS-1-1.jpg 986w, https:\/\/gazetaregionalna.com\/wp-content\/uploads\/2022\/02\/CKS-1-1-300x176.jpg 300w, https:\/\/gazetaregionalna.com\/wp-content\/uploads\/2022\/02\/CKS-1-1-768x450.jpg 768w, https:\/\/gazetaregionalna.com\/wp-content\/uploads\/2022\/02\/CKS-1-1-696x408.jpg 696w, https:\/\/gazetaregionalna.com\/wp-content\/uploads\/2022\/02\/CKS-1-1-716x420.jpg 716w\" data-sizes=\"(max-width: 986px) 100vw, 986px\" src=\"data:image\/svg+xml;base64,PHN2ZyB3aWR0aD0iMSIgaGVpZ2h0PSIxIiB4bWxucz0iaHR0cDovL3d3dy53My5vcmcvMjAwMC9zdmciPjwvc3ZnPg==\" style=\"--smush-placeholder-width: 986px; --smush-placeholder-aspect-ratio: 986\/578;\" \/><\/figure>\n","protected":false},"excerpt":{"rendered":"<p>W grudniu 2021 obchodzili\u015bmy 100-lecie klubu. A w swej historii klub zdoby\u0142 ponad 500 medali Mistrzostw Polski w r\u00f3\u017cnych kategoriach wiekowych. Przybli\u017caj\u0105c pokr\u00f3tce histori\u0119<\/p>\n","protected":false},"author":15,"featured_media":71000,"comment_status":"closed","ping_status":"open","sticky":false,"template":"","format":"standard","meta":{"_monsterinsights_skip_tracking":false,"_monsterinsights_sitenote_active":false,"_monsterinsights_sitenote_note":"","_monsterinsights_sitenote_category":0,"_uf_show_specific_survey":0,"_uf_disable_surveys":false,"footnotes":""},"categories":[5,11],"tags":[],"class_list":["post-70999","post","type-post","status-publish","format-standard","has-post-thumbnail","hentry","category-sport","category-pozostale"],"_links":{"self":[{"href":"https:\/\/gazetaregionalna.com\/index.php?rest_route=\/wp\/v2\/posts\/70999","targetHints":{"allow":["GET"]}}],"collection":[{"href":"https:\/\/gazetaregionalna.com\/index.php?rest_route=\/wp\/v2\/posts"}],"about":[{"href":"https:\/\/gazetaregionalna.com\/index.php?rest_route=\/wp\/v2\/types\/post"}],"author":[{"embeddable":true,"href":"https:\/\/gazetaregionalna.com\/index.php?rest_route=\/wp\/v2\/users\/15"}],"replies":[{"embeddable":true,"href":"https:\/\/gazetaregionalna.com\/index.php?rest_route=%2Fwp%2Fv2%2Fcomments&post=70999"}],"version-history":[{"count":1,"href":"https:\/\/gazetaregionalna.com\/index.php?rest_route=\/wp\/v2\/posts\/70999\/revisions"}],"predecessor-version":[{"id":71001,"href":"https:\/\/gazetaregionalna.com\/index.php?rest_route=\/wp\/v2\/posts\/70999\/revisions\/71001"}],"wp:featuredmedia":[{"embeddable":true,"href":"https:\/\/gazetaregionalna.com\/index.php?rest_route=\/wp\/v2\/media\/71000"}],"wp:attachment":[{"href":"https:\/\/gazetaregionalna.com\/index.php?rest_route=%2Fwp%2Fv2%2Fmedia&parent=70999"}],"wp:term":[{"taxonomy":"category","embeddable":true,"href":"https:\/\/gazetaregionalna.com\/index.php?rest_route=%2Fwp%2Fv2%2Fcategories&post=70999"},{"taxonomy":"post_tag","embeddable":true,"href":"https:\/\/gazetaregionalna.com\/index.php?rest_route=%2Fwp%2Fv2%2Ftags&post=70999"}],"curies":[{"name":"wp","href":"https:\/\/api.w.org\/{rel}","templated":true}]}}