{"id":70858,"date":"2022-02-02T18:13:27","date_gmt":"2022-02-02T18:13:27","guid":{"rendered":"https:\/\/gazetaregionalna.com\/?p=70858"},"modified":"2022-02-02T18:13:28","modified_gmt":"2022-02-02T18:13:28","slug":"koszykarze-azs-czestochowa-maja-w-srode-szanse-na-7-zwyciestwo","status":"publish","type":"post","link":"https:\/\/gazetaregionalna.com\/?p=70858","title":{"rendered":"Koszykarze AZS Cz\u0119stochowa maj\u0105 w \u015brod\u0119 szans\u0119 na 7 zwyci\u0119stwo"},"content":{"rendered":"\n<p>21 mecz w obecnym sezonie rozegraj\u0105 w \u015brod\u0119 w 2 lidze koszykarze AZS Cz\u0119stochowa. Czy \u201eoczko\u201d oka\u017ce si\u0119 dla nich szcz\u0119\u015bliwe?<\/p>\n\n\n\n<p>Koszykarze AZS Cz\u0119stochowa w \u015brod\u0119 zagraj\u0105 w Rybniku z MKKS. Rywale w 19 rozegranych meczach zdobyli 23 punkty i zajmuj\u0105 14. pozycj\u0119. Bilans MKKS-u to 4 zwyci\u0119stwa i 15 pora\u017cek.<\/p>\n\n\n\n<p>Zawodnicy z Cz\u0119stochowy w obecnym sezonie prezentuj\u0105 si\u0119 lepiej. W 20 spotkaniach zdobyli 26 punkt\u00f3w. AZS ma na koncie 6 zwyci\u0119stw i 14 pora\u017cek. W Rybniku cz\u0119stochowianie maj\u0105 szans\u0119 na 7 zwyci\u0119stwo w sezonie. Kibice mog\u0105 spodziewa\u0107 si\u0119 zaci\u0119tego spotkania, bo ka\u017cdy z zespo\u0142\u00f3w b\u0119dzie chcia\u0142 wygra\u0107. Czy 21 kolejka i \u201eoczko\u201d b\u0119dzie udana dla cz\u0119stochowian?<\/p>\n\n\n\n<p>AK, foto: AK<\/p>\n\n\n\n<figure class=\"wp-block-image size-large\"><img decoding=\"async\" width=\"1024\" height=\"683\" data-src=\"https:\/\/gazetaregionalna.com\/wp-content\/uploads\/2021\/09\/AZSCzestochowaKosz--1024x683.jpg\" alt=\"\" class=\"wp-image-56720 lazyload\" data-srcset=\"https:\/\/gazetaregionalna.com\/wp-content\/uploads\/2021\/09\/AZSCzestochowaKosz--1024x683.jpg 1024w, https:\/\/gazetaregionalna.com\/wp-content\/uploads\/2021\/09\/AZSCzestochowaKosz--300x200.jpg 300w, https:\/\/gazetaregionalna.com\/wp-content\/uploads\/2021\/09\/AZSCzestochowaKosz--768x512.jpg 768w, https:\/\/gazetaregionalna.com\/wp-content\/uploads\/2021\/09\/AZSCzestochowaKosz--1536x1024.jpg 1536w, https:\/\/gazetaregionalna.com\/wp-content\/uploads\/2021\/09\/AZSCzestochowaKosz--2048x1365.jpg 2048w, https:\/\/gazetaregionalna.com\/wp-content\/uploads\/2021\/09\/AZSCzestochowaKosz--696x464.jpg 696w, https:\/\/gazetaregionalna.com\/wp-content\/uploads\/2021\/09\/AZSCzestochowaKosz--1068x712.jpg 1068w, https:\/\/gazetaregionalna.com\/wp-content\/uploads\/2021\/09\/AZSCzestochowaKosz--1920x1280.jpg 1920w, https:\/\/gazetaregionalna.com\/wp-content\/uploads\/2021\/09\/AZSCzestochowaKosz--630x420.jpg 630w, https:\/\/gazetaregionalna.com\/wp-content\/uploads\/2021\/09\/AZSCzestochowaKosz--scaled.jpg 1600w\" data-sizes=\"(max-width: 1024px) 100vw, 1024px\" src=\"data:image\/svg+xml;base64,PHN2ZyB3aWR0aD0iMSIgaGVpZ2h0PSIxIiB4bWxucz0iaHR0cDovL3d3dy53My5vcmcvMjAwMC9zdmciPjwvc3ZnPg==\" style=\"--smush-placeholder-width: 1024px; --smush-placeholder-aspect-ratio: 1024\/683;\" \/><\/figure>\n\n\n\n<figure class=\"wp-block-image size-large\"><img decoding=\"async\" width=\"300\" height=\"250\" data-src=\"https:\/\/gazetaregionalna.com\/wp-content\/uploads\/2021\/10\/DMKInvest2.jpg\" alt=\"\" class=\"wp-image-58380 lazyload\" src=\"data:image\/svg+xml;base64,PHN2ZyB3aWR0aD0iMSIgaGVpZ2h0PSIxIiB4bWxucz0iaHR0cDovL3d3dy53My5vcmcvMjAwMC9zdmciPjwvc3ZnPg==\" style=\"--smush-placeholder-width: 300px; --smush-placeholder-aspect-ratio: 300\/250;\"><\/figure>\n\n\n\n<p><\/p>\n","protected":false},"excerpt":{"rendered":"<p>21 mecz w obecnym sezonie rozegraj\u0105 w \u015brod\u0119 w 2 lidze koszykarze AZS Cz\u0119stochowa. Czy \u201eoczko\u201d oka\u017ce si\u0119 dla nich szcz\u0119\u015bliwe? Koszykarze AZS Cz\u0119stochowa<\/p>\n","protected":false},"author":15,"featured_media":56720,"comment_status":"open","ping_status":"open","sticky":false,"template":"","format":"standard","meta":{"_monsterinsights_skip_tracking":false,"_monsterinsights_sitenote_active":false,"_monsterinsights_sitenote_note":"","_monsterinsights_sitenote_category":0,"_uf_show_specific_survey":0,"_uf_disable_surveys":false,"footnotes":""},"categories":[5,9],"tags":[],"class_list":["post-70858","post","type-post","status-publish","format-standard","has-post-thumbnail","hentry","category-sport","category-koszykowka"],"_links":{"self":[{"href":"https:\/\/gazetaregionalna.com\/index.php?rest_route=\/wp\/v2\/posts\/70858","targetHints":{"allow":["GET"]}}],"collection":[{"href":"https:\/\/gazetaregionalna.com\/index.php?rest_route=\/wp\/v2\/posts"}],"about":[{"href":"https:\/\/gazetaregionalna.com\/index.php?rest_route=\/wp\/v2\/types\/post"}],"author":[{"embeddable":true,"href":"https:\/\/gazetaregionalna.com\/index.php?rest_route=\/wp\/v2\/users\/15"}],"replies":[{"embeddable":true,"href":"https:\/\/gazetaregionalna.com\/index.php?rest_route=%2Fwp%2Fv2%2Fcomments&post=70858"}],"version-history":[{"count":1,"href":"https:\/\/gazetaregionalna.com\/index.php?rest_route=\/wp\/v2\/posts\/70858\/revisions"}],"predecessor-version":[{"id":70859,"href":"https:\/\/gazetaregionalna.com\/index.php?rest_route=\/wp\/v2\/posts\/70858\/revisions\/70859"}],"wp:featuredmedia":[{"embeddable":true,"href":"https:\/\/gazetaregionalna.com\/index.php?rest_route=\/wp\/v2\/media\/56720"}],"wp:attachment":[{"href":"https:\/\/gazetaregionalna.com\/index.php?rest_route=%2Fwp%2Fv2%2Fmedia&parent=70858"}],"wp:term":[{"taxonomy":"category","embeddable":true,"href":"https:\/\/gazetaregionalna.com\/index.php?rest_route=%2Fwp%2Fv2%2Fcategories&post=70858"},{"taxonomy":"post_tag","embeddable":true,"href":"https:\/\/gazetaregionalna.com\/index.php?rest_route=%2Fwp%2Fv2%2Ftags&post=70858"}],"curies":[{"name":"wp","href":"https:\/\/api.w.org\/{rel}","templated":true}]}}