{"id":70846,"date":"2022-02-02T15:52:23","date_gmt":"2022-02-02T15:52:23","guid":{"rendered":"https:\/\/gazetaregionalna.com\/?p=70846"},"modified":"2022-02-02T15:52:25","modified_gmt":"2022-02-02T15:52:25","slug":"2021-rok-udany-dla-rugby-club-czestochowa","status":"publish","type":"post","link":"https:\/\/gazetaregionalna.com\/?p=70846","title":{"rendered":"2021 rok udany dla Rugby Club Cz\u0119stochowa"},"content":{"rendered":"\n<p>&#8211; Miniony rok by\u0142 ca\u0142kiem udany dla cz\u0119stochowskiego rugby \u2013 m\u00f3wi wiceprezes i trener RCC Micha\u0142 Krzypkowski. &#8211; Reaktywowali\u015bmy po niemal dw\u00f3ch latach przerwy dru\u017cyn\u0119 senior\u00f3w, kt\u00f3ra graj\u0105c jedynie w rundzie wiosennej zaj\u0119\u0142a 13. miejsce w Polskiej Lidze Rugby7. W tym sezonie r\u00f3wnie\u017c startuj\u0105 w tych rozgrywkach.<\/p>\n\n\n\n<p>&#8211; Troje naszych kadet\u00f3w jesieni\u0105 zosta\u0142o wypo\u017cyczonych do Juvenii Krak\u00f3w, w kt\u00f3rej barwach zajmuj\u0105 aktualnie 1. miejsce w tabeli Centralnej Ligi Kadet\u00f3w. Dwoje z nich w grudniu zosta\u0142o powo\u0142anych na konsultacj\u0119 Reprezentacji Polski u16 do Poznania.<\/p>\n\n\n\n<p>Nasze kadetki zadebiutowa\u0142y wiosn\u0105 w cyklu Mistrzostw Polski Kobiet u16 w rugby7. W aktualnie trwaj\u0105cym sezonie zajmuj\u0105 drugie miejsce w klasyfikacji generalnej i wiosn\u0105 2022 b\u0119d\u0105 walczy\u0107 o medal.<\/p>\n\n\n\n<p>M\u0142odzicy zaj\u0119li 4. miejsce w Mi\u0119dzywojew\u00f3dzkich Mistrzostwach M\u0142odzik\u00f3w w rugby7 w czerwcu w Lubinie. Przez ca\u0142y rok startowali te\u017c w Turniejach Dzieci i M\u0142odzie\u017cy (m.in. wygrywaj\u0105c turniej w Krakowie we wrze\u015bniu) i turniejach towarzyskich. 11 zawodnik\u00f3w w tej kategorii znalaz\u0142o si\u0119 w kadrze Wojew\u00f3dztwa \u015al\u0105skiego.<\/p>\n\n\n\n<p>W Turniejach Dzieci i M\u0142odzie\u017cy i turniejach towarzyskich startowali r\u00f3wnie\u017c nasi mikrusi (u9), mini \u017cacy (u11) i \u017cacy (u12).<\/p>\n\n\n\n<p>Opr\u00f3cz tego dzi\u0119ki g\u0142osom mieszka\u0144c\u00f3w Cz\u0119stochowy w Bud\u017cecie Obywatelskim na Miejskim Stadionie Lekkoatletycznym zainstalowano nowe bramki do rugby, kt\u00f3re sprawi\u0142y, \u017ce mo\u017cemy tam rozgrywa\u0107 mecze i turnieje. Jesieni\u0105 zorganizowali\u015bmy tam Turniej Dzieci i M\u0142odzie\u017cy, w kt\u00f3rym w 4 kategoriach wiekowych wzi\u0119\u0142o udzia\u0142 w sumie niemal 200 zawodnik\u00f3w.<\/p>\n\n\n\n<p>Przy wsp\u00f3\u0142pracy ze Szkolnym Zwi\u0105zkiem Sportowym i Polskim Zwi\u0105zkiem Rugby zorganizowali\u015bmy kolejne szkolne turnieje w rugby tag (bezkontaktowa forma) &#8211; dwa turnieje Cz\u0119stochowskiej Ligi Rugby (fina\u0142 w maju i pierwszy z trzech turniej\u00f3w sezonu 2021\/22 w pa\u017adzierniku), a tak\u017ce p\u00f3\u0142fina\u0142 wojew\u00f3dzki Szkolnej Ligi Rugby Tag w listopadzie.<\/p>\n\n\n\n<p>Ponadto przez ca\u0142y rok realizowali\u015bmy r\u00f3wnie\u017c zadanie w ramach BO &#8211; &#8222;Og\u00f3lnodost\u0119pne treningi rugby dla dzieci i m\u0142odzie\u017cy &#8211; rozwijamy cia\u0142o i ducha!&#8221;, w ramach kt\u00f3rych przeprowadzili\u015bmy w sumie 140 zaj\u0119\u0107 rugby w 7 dzielnicach miasta, w kt\u00f3rych bra\u0142o udzia\u0142 85 dzieci.<\/p>\n\n\n\n<p>W 2022 roku planujemy zorganizowanie na Miejskim Stadionie Lekkoatletycznym co najmniej trzech imprez:<\/p>\n\n\n\n<p>&#8211; turnieju Polskiej Ligi Rugby7<\/p>\n\n\n\n<p>&#8211; turnieju Mistrzostw Polski Kobiet u16 w rugby7<\/p>\n\n\n\n<p>&#8211; turnieju Dzieci i M\u0142odzie\u017cy<\/p>\n\n\n\n<p>na kt\u00f3re ju\u017c teraz serdecznie zapraszamy.<\/p>\n\n\n\n<p>Ca\u0142y czas chcemy powi\u0119ksza\u0107 grono szkolonych przez nas adept\u00f3w rugby, dlatego zapraszamy na nabory &#8211; najbli\u017cszy odb\u0119dzie si\u0119 w ferie zimowe.<\/p>\n\n\n\n<p>Poza tym b\u0119dziemy kontynuowa\u0107 wsp\u00f3\u0142zawodnictwo w Polskiej Lidze Rugby7, Mistrzostwach Polski Kobiet u16 w rugby7, Mi\u0119dzywojew\u00f3dzkich Mistrzostwach M\u0142odzik\u00f3w w rugby7 i Turniejach Dzieci i M\u0142odzie\u017cy. Ponadto jesieni\u0105 planujemy start w Mistrzostwach Polski Kadet\u00f3w w rugby7.<\/p>\n\n\n\n<p>B\u0119dziemy r\u00f3wnie\u017c kontynuowa\u0107 organizacj\u0119 szkolnych rozgrywek Cz\u0119stochowskiej Ligi Rugby, a tak\u017ce zorganizujemy bezp\u0142atne zaj\u0119cia dla dzieci i m\u0142odzie\u017cy w ramach Bud\u017cetu Obywatelskiego w 5 dzielnicach miasta.<\/p>\n\n\n\n<p>Nasz Klub aktualnie skupia si\u0119 przede wszystkim na szkoleniu dzieci i m\u0142odzie\u017cy. Wida\u0107 tutaj du\u017cy post\u0119p, a \u015bwiadcz\u0105 o nim co raz lepsze wyniki sportowe. Dru\u017cyna seniorska jest aktualnie celem, do kt\u00f3rego d\u0105\u017c\u0105 nasi m\u0142odzi zawodnicy, kt\u00f3rzy w przeci\u0105gu kilku nast\u0119pnych lat powinni by\u0107 jej si\u0142\u0105 nap\u0119dow\u0105 i to na nich zacznie opiera\u0107 si\u0119 gra &#8211; podsumowa\u0142 kr\u00f3tko Micha\u0142 Krzypkowski, wiceprezes i trener koordynator Szk\u00f3\u0142ki Rugby RCC.<\/p>\n\n\n\n<p><strong>Micha\u0142 Krzypkowski, wiceprezes i trener RCC, foto: RCC<\/strong><\/p>\n\n\n\n<p>Tekst po raz pierwszy ukaza\u0142 si\u0119 28.01.2022 roku w dodatku &#8222;Czas na sport&#8221; zamieszczonym w papierowym wydaniu &#8222;Gazety Regionalnej&#8221;.<\/p>\n\n\n\n<figure class=\"wp-block-image size-large\"><img decoding=\"async\" width=\"1024\" height=\"696\" data-src=\"https:\/\/gazetaregionalna.com\/wp-content\/uploads\/2022\/02\/RCC-1024x696.jpg\" alt=\"\" class=\"wp-image-70847 lazyload\" data-srcset=\"https:\/\/gazetaregionalna.com\/wp-content\/uploads\/2022\/02\/RCC-1024x696.jpg 1024w, https:\/\/gazetaregionalna.com\/wp-content\/uploads\/2022\/02\/RCC-300x204.jpg 300w, https:\/\/gazetaregionalna.com\/wp-content\/uploads\/2022\/02\/RCC-768x522.jpg 768w, https:\/\/gazetaregionalna.com\/wp-content\/uploads\/2022\/02\/RCC-1536x1044.jpg 1536w, https:\/\/gazetaregionalna.com\/wp-content\/uploads\/2022\/02\/RCC-696x473.jpg 696w, https:\/\/gazetaregionalna.com\/wp-content\/uploads\/2022\/02\/RCC-1068x726.jpg 1068w, https:\/\/gazetaregionalna.com\/wp-content\/uploads\/2022\/02\/RCC-1920x1305.jpg 1920w, https:\/\/gazetaregionalna.com\/wp-content\/uploads\/2022\/02\/RCC-618x420.jpg 618w, https:\/\/gazetaregionalna.com\/wp-content\/uploads\/2022\/02\/RCC.jpg 1600w\" data-sizes=\"(max-width: 1024px) 100vw, 1024px\" src=\"data:image\/svg+xml;base64,PHN2ZyB3aWR0aD0iMSIgaGVpZ2h0PSIxIiB4bWxucz0iaHR0cDovL3d3dy53My5vcmcvMjAwMC9zdmciPjwvc3ZnPg==\" style=\"--smush-placeholder-width: 1024px; --smush-placeholder-aspect-ratio: 1024\/696;\" \/><\/figure>\n","protected":false},"excerpt":{"rendered":"<p>&#8211; Miniony rok by\u0142 ca\u0142kiem udany dla cz\u0119stochowskiego rugby \u2013 m\u00f3wi wiceprezes i trener RCC Micha\u0142 Krzypkowski. &#8211; Reaktywowali\u015bmy po niemal dw\u00f3ch latach przerwy<\/p>\n","protected":false},"author":15,"featured_media":70847,"comment_status":"open","ping_status":"open","sticky":false,"template":"","format":"standard","meta":{"_monsterinsights_skip_tracking":false,"_monsterinsights_sitenote_active":false,"_monsterinsights_sitenote_note":"","_monsterinsights_sitenote_category":0,"_uf_show_specific_survey":0,"_uf_disable_surveys":false,"footnotes":""},"categories":[5,11],"tags":[],"class_list":["post-70846","post","type-post","status-publish","format-standard","has-post-thumbnail","hentry","category-sport","category-pozostale"],"_links":{"self":[{"href":"https:\/\/gazetaregionalna.com\/index.php?rest_route=\/wp\/v2\/posts\/70846","targetHints":{"allow":["GET"]}}],"collection":[{"href":"https:\/\/gazetaregionalna.com\/index.php?rest_route=\/wp\/v2\/posts"}],"about":[{"href":"https:\/\/gazetaregionalna.com\/index.php?rest_route=\/wp\/v2\/types\/post"}],"author":[{"embeddable":true,"href":"https:\/\/gazetaregionalna.com\/index.php?rest_route=\/wp\/v2\/users\/15"}],"replies":[{"embeddable":true,"href":"https:\/\/gazetaregionalna.com\/index.php?rest_route=%2Fwp%2Fv2%2Fcomments&post=70846"}],"version-history":[{"count":1,"href":"https:\/\/gazetaregionalna.com\/index.php?rest_route=\/wp\/v2\/posts\/70846\/revisions"}],"predecessor-version":[{"id":70848,"href":"https:\/\/gazetaregionalna.com\/index.php?rest_route=\/wp\/v2\/posts\/70846\/revisions\/70848"}],"wp:featuredmedia":[{"embeddable":true,"href":"https:\/\/gazetaregionalna.com\/index.php?rest_route=\/wp\/v2\/media\/70847"}],"wp:attachment":[{"href":"https:\/\/gazetaregionalna.com\/index.php?rest_route=%2Fwp%2Fv2%2Fmedia&parent=70846"}],"wp:term":[{"taxonomy":"category","embeddable":true,"href":"https:\/\/gazetaregionalna.com\/index.php?rest_route=%2Fwp%2Fv2%2Fcategories&post=70846"},{"taxonomy":"post_tag","embeddable":true,"href":"https:\/\/gazetaregionalna.com\/index.php?rest_route=%2Fwp%2Fv2%2Ftags&post=70846"}],"curies":[{"name":"wp","href":"https:\/\/api.w.org\/{rel}","templated":true}]}}