{"id":70725,"date":"2022-02-01T17:42:35","date_gmt":"2022-02-01T17:42:35","guid":{"rendered":"https:\/\/gazetaregionalna.com\/?p=70725"},"modified":"2022-02-01T18:35:18","modified_gmt":"2022-02-01T18:35:18","slug":"przebudowa-olsztyn-oglosil-przetarg","status":"publish","type":"post","link":"https:\/\/gazetaregionalna.com\/?p=70725","title":{"rendered":"Przebudowa ulicy w Zr\u0119bicach. Olsztyn og\u0142osi\u0142 przetarg"},"content":{"rendered":"\n<h2 class=\"wp-block-heading\"><strong>Miasto i Gmina Olsztyn og\u0142osi\u0142a przetarg na przebudow\u0119 ul. Orlich Gniazd w Zr\u0119bicach.<\/strong><\/h2>\n\n\n\n<p>Urz\u0105d Miasta i Gminy Olsztyn poinformowa\u0142 o przetargu na przebudow\u0119 ul. Orlich Gniazd w Zr\u0119bicach. Wed\u0142ug projektu ma powsta\u0107 p\u00f3\u0142 kilometra drogi z nawierzchni\u0105 bitumiczn\u0105 z odwodnieniem. Zostanie u\u0142o\u017cony chodnik i zjazdy na posesje. Dodajmy, \u017ce niedawno, na tym odcinku, wybudowano nowy wodoci\u0105g. Kilka lat temu gmina po\u0142o\u017cy\u0142a nawierzchni\u0119 asfaltow\u0105 na przed\u0142u\u017ceniu ul. Orlich Gniazd w kierunku po\u0142udniowym \u2013 ulicy Widokowej. <\/p>\n\n\n\n<p>Realizacja inwestycji spowoduje, \u017ce ul. Orlich Gniazd stanie si\u0119 ci\u0105giem komunikacyjnym  z nawierzchni\u0105 wysokiej jako\u015bci, jednocze\u015bnie obs\u0142uguj\u0105c dwie g\u0119sto zabudowane ulice oraz prowadz\u0105cy w kierunku Rezerwatu Przyrody Sokole G\u00f3ry \u2013 rejon Dr\u00f3\u017cek \u015bw. Idziego.<\/p>\n\n\n\n<figure class=\"wp-block-image size-large\"><img decoding=\"async\" width=\"920\" height=\"521\" data-src=\"https:\/\/gazetaregionalna.com\/wp-content\/uploads\/2022\/02\/mapka-ul-Orlich-Gniazd-Zrebice.jpg\" alt=\"\" class=\"wp-image-70728 lazyload\" data-srcset=\"https:\/\/gazetaregionalna.com\/wp-content\/uploads\/2022\/02\/mapka-ul-Orlich-Gniazd-Zrebice.jpg 920w, https:\/\/gazetaregionalna.com\/wp-content\/uploads\/2022\/02\/mapka-ul-Orlich-Gniazd-Zrebice-300x170.jpg 300w, https:\/\/gazetaregionalna.com\/wp-content\/uploads\/2022\/02\/mapka-ul-Orlich-Gniazd-Zrebice-768x435.jpg 768w, https:\/\/gazetaregionalna.com\/wp-content\/uploads\/2022\/02\/mapka-ul-Orlich-Gniazd-Zrebice-696x394.jpg 696w, https:\/\/gazetaregionalna.com\/wp-content\/uploads\/2022\/02\/mapka-ul-Orlich-Gniazd-Zrebice-742x420.jpg 742w\" data-sizes=\"(max-width: 920px) 100vw, 920px\" src=\"data:image\/svg+xml;base64,PHN2ZyB3aWR0aD0iMSIgaGVpZ2h0PSIxIiB4bWxucz0iaHR0cDovL3d3dy53My5vcmcvMjAwMC9zdmciPjwvc3ZnPg==\" style=\"--smush-placeholder-width: 920px; --smush-placeholder-aspect-ratio: 920\/521;\" \/><figcaption>mat. Urz\u0119du Miasta i Gminy Olsztyn<\/figcaption><\/figure>\n\n\n\n<p>Na ten cel uda\u0142o si\u0119 pozyska\u0107 a\u017c  950 tys. z\u0142 z programu rz\u0105dowego Polski \u0141ad: Program Inwestycji Strategicznych.<\/p>\n\n\n\n<p>Termin sk\u0142adania ofert mija 17 lutego 2022 r. Szczeg\u00f3\u0142y: <a href=\"https:\/\/www.olsztyn-jurajski.pl\/\" target=\"_blank\" rel=\"noopener\">www.olsztyn-jurajski.pl<\/a>.<\/p>\n\n\n\n<p><strong>KSz<\/strong><\/p>\n","protected":false},"excerpt":{"rendered":"<p>Miasto i Gmina Olsztyn og\u0142osi\u0142a przetarg na przebudow\u0119 ul. Orlich Gniazd w Zr\u0119bicach. Urz\u0105d Miasta i Gminy Olsztyn poinformowa\u0142 o przetargu na przebudow\u0119 ul.<\/p>\n","protected":false},"author":24,"featured_media":70727,"comment_status":"open","ping_status":"open","sticky":false,"template":"","format":"standard","meta":{"_monsterinsights_skip_tracking":false,"_monsterinsights_sitenote_active":false,"_monsterinsights_sitenote_note":"","_monsterinsights_sitenote_category":0,"_uf_show_specific_survey":0,"_uf_disable_surveys":false,"footnotes":""},"categories":[2,94,4],"tags":[201,3901],"class_list":["post-70725","post","type-post","status-publish","format-standard","has-post-thumbnail","hentry","category-wiadomosci","category-polecane","category-region","tag-olsztyn","tag-przetarg"],"_links":{"self":[{"href":"https:\/\/gazetaregionalna.com\/index.php?rest_route=\/wp\/v2\/posts\/70725","targetHints":{"allow":["GET"]}}],"collection":[{"href":"https:\/\/gazetaregionalna.com\/index.php?rest_route=\/wp\/v2\/posts"}],"about":[{"href":"https:\/\/gazetaregionalna.com\/index.php?rest_route=\/wp\/v2\/types\/post"}],"author":[{"embeddable":true,"href":"https:\/\/gazetaregionalna.com\/index.php?rest_route=\/wp\/v2\/users\/24"}],"replies":[{"embeddable":true,"href":"https:\/\/gazetaregionalna.com\/index.php?rest_route=%2Fwp%2Fv2%2Fcomments&post=70725"}],"version-history":[{"count":2,"href":"https:\/\/gazetaregionalna.com\/index.php?rest_route=\/wp\/v2\/posts\/70725\/revisions"}],"predecessor-version":[{"id":70729,"href":"https:\/\/gazetaregionalna.com\/index.php?rest_route=\/wp\/v2\/posts\/70725\/revisions\/70729"}],"wp:featuredmedia":[{"embeddable":true,"href":"https:\/\/gazetaregionalna.com\/index.php?rest_route=\/wp\/v2\/media\/70727"}],"wp:attachment":[{"href":"https:\/\/gazetaregionalna.com\/index.php?rest_route=%2Fwp%2Fv2%2Fmedia&parent=70725"}],"wp:term":[{"taxonomy":"category","embeddable":true,"href":"https:\/\/gazetaregionalna.com\/index.php?rest_route=%2Fwp%2Fv2%2Fcategories&post=70725"},{"taxonomy":"post_tag","embeddable":true,"href":"https:\/\/gazetaregionalna.com\/index.php?rest_route=%2Fwp%2Fv2%2Ftags&post=70725"}],"curies":[{"name":"wp","href":"https:\/\/api.w.org\/{rel}","templated":true}]}}