{"id":6994,"date":"2019-10-08T11:40:24","date_gmt":"2019-10-08T11:40:24","guid":{"rendered":"https:\/\/gazetaregionalna.com\/?p=6994"},"modified":"2019-10-08T11:40:29","modified_gmt":"2019-10-08T11:40:29","slug":"nowe-centrum-urazowe","status":"publish","type":"post","link":"https:\/\/gazetaregionalna.com\/?p=6994","title":{"rendered":"Nowe Centrum Urazowe"},"content":{"rendered":"\n<p>W Wojew\u00f3dzkim Szpitalu Specjalistycznym im. NMP w Cz\u0119stochowie odby\u0142o si\u0119 uroczyste otwarcie Centrum Urazowego, w ramach kt\u00f3rego funkcjonuje Szpitalny Oddzia\u0142 Ratunkowy. W wydarzeniu wzi\u0119li udzia\u0142 m.in. przedstawiciele Ministerstwa Zdrowia, Narodowego Funduszu Zdrowia, Zarz\u0105du Wojew\u00f3dztwa \u015al\u0105skiego, \u015al\u0105skiego Urz\u0119du Wojew\u00f3dzkiego, a tak\u017ce pos\u0142owie, senatorowie oraz w\u0142adze miejskie.<br>\nW trakcie uroczysto\u015bci zaprezentowano efekty prac zrealizowanych w ramach inwestycji, kt\u00f3rej warto\u015b\u0107 wynios\u0142a blisko 12 milion\u00f3w z\u0142otych. Na t\u0119 kwot\u0119 z\u0142o\u017cy\u0142o si\u0119 m.in. 8,5 mln z\u0142 pochodz\u0105cych z Europejskiego Funduszu Rozwoju Regionalnego oraz prawie 2 mln z\u0142 z bud\u017cetu wojew\u00f3dztwa \u015bl\u0105skiego.<\/p>\n\n\n\n<p>Inwestycja by\u0142a mo\u017cliwa dzi\u0119ki uwzgl\u0119dnieniu plac\u00f3wki w Wojew\u00f3dzkim Planie Dzia\u0142ania Systemu Pa\u0144stwowe Ratownictwo Medyczne. Zadecydowa\u0142o o tym m.in. po\u0142o\u017cenie miasta w bezpo\u015brednim s\u0105siedztwie wa\u017cnych szlak\u00f3w komunikacyjnych oraz wzmo\u017cony ruch turystyczny. Do tej pory na terenie licz\u0105cego ponad 4,6 mln mieszka\u0144c\u00f3w wojew\u00f3dztwa \u015bl\u0105skiego funkcjonowa\u0142o tylko jedno centrum urazowe zlokalizowane w Wojew\u00f3dzkim Szpitalu Specjalistycznym im. \u015bw. Barbary w Sosnowcu.<\/p>\n\n\n\n<p>\u2013 W trosce o dobro mieszka\u0144c\u00f3w wojew\u00f3dztwa \u015bl\u0105skiego, prowadzimy regularne dzia\u0142ania zmierzaj\u0105ce do sta\u0142ego podnoszenia jako\u015bci opieki medycznej w naszej plac\u00f3wce. Utworzenie Centrum Urazowego to kolejna inwestycja, kt\u00f3ra zagwarantuje wielospecjalistyczn\u0105 pomoc medyczn\u0105 wszystkim pacjentom \u2013 wyja\u015bnia Zbigniew Bajkowski, dyrektor Wojew\u00f3dzkiego Szpitala Specjalistycznego im. NMP w Cz\u0119stochowie. \u2013 Personel Szpitalnego Oddzia\u0142u Ratunkowego b\u0119dzie dysponowa\u0142 sal\u0105 operacyjn\u0105 wyposa\u017con\u0105 w nowoczesny sprz\u0119t umo\u017cliwiaj\u0105cy wykonywanie skomplikowanych zabieg\u00f3w medycznych.<\/p>\n\n\n\n<p>\u015arodki przeznaczone na inwestycj\u0119 zosta\u0142y rozdysponowane pomi\u0119dzy trzy g\u0142\u00f3wne obszary. Prawie milion z\u0142otych przeznaczono na budow\u0119 l\u0105dowiska. Pozwoli ono na maksymalne skr\u00f3cenie czasu podejmowanych czynno\u015bci medycznych, co w nag\u0142ych przypadkach jest jednym z kluczowych czynnik\u00f3w wp\u0142ywaj\u0105cych na powodzenie diagnostyki oraz terapii.<\/p>\n\n\n\n<figure class=\"wp-block-image\"><img decoding=\"async\" width=\"960\" height=\"640\" data-src=\"https:\/\/gazetaregionalna.com\/wp-content\/uploads\/2019\/10\/szpital.jpg\" alt=\"\" class=\"wp-image-6995 lazyload\" data-srcset=\"https:\/\/gazetaregionalna.com\/wp-content\/uploads\/2019\/10\/szpital.jpg 960w, https:\/\/gazetaregionalna.com\/wp-content\/uploads\/2019\/10\/szpital-300x200.jpg 300w, https:\/\/gazetaregionalna.com\/wp-content\/uploads\/2019\/10\/szpital-768x512.jpg 768w, https:\/\/gazetaregionalna.com\/wp-content\/uploads\/2019\/10\/szpital-696x464.jpg 696w, https:\/\/gazetaregionalna.com\/wp-content\/uploads\/2019\/10\/szpital-630x420.jpg 630w\" data-sizes=\"(max-width: 960px) 100vw, 960px\" src=\"data:image\/svg+xml;base64,PHN2ZyB3aWR0aD0iMSIgaGVpZ2h0PSIxIiB4bWxucz0iaHR0cDovL3d3dy53My5vcmcvMjAwMC9zdmciPjwvc3ZnPg==\" style=\"--smush-placeholder-width: 960px; --smush-placeholder-aspect-ratio: 960\/640;\" \/><\/figure>\n\n\n\n<p>Ponad 8,3 mln z\u0142 poch\u0142on\u0119\u0142y prace budowlano-remontowe wybranych obszar\u00f3w Centrum Urazowego, natomiast ponad 2,6 mln z\u0142 wyni\u00f3s\u0142 koszt doposa\u017cenia Centrum Urazowego w specjalistyczny sprz\u0119t medyczny. Nowoczesne, funkcjonalne pomieszczenia oraz wysokiej klasy aparatura i wyposa\u017cenie oddzia\u0142\u00f3w szpitalnych przyczyni si\u0119 do zwi\u0119kszenia efektywno\u015bci dzia\u0142a\u0144 medyczno-ratunkowych prowadzonych na rzecz os\u00f3b w stanie nag\u0142ego zagro\u017cenia zdrowia lub \u017cycia, w tym w szczeg\u00f3lno\u015bci pacjentom urazowym.<\/p>\n\n\n\n<p>Realizacja rzeczowa i finansowa tego przedsi\u0119wzi\u0119cia inwestycyjnego mia\u0142a miejsce w ramach projektu \u201eInwestycja w infrastruktur\u0119 Wojew\u00f3dzkiego Szpitala Specjalistycznego im. NMP w Cz\u0119stochowie w celu osi\u0105gni\u0119cia pe\u0142nej funkcjonalno\u015bci Centrum Urazowego\u201d i zako\u0144czy\u0142a si\u0119 w styczniu br. Wszystkie za\u0142o\u017cone cele rzeczowe zosta\u0142y osi\u0105gni\u0119te. Szpitalny Oddzia\u0142 Ratunkowy dzia\u0142aj\u0105cy w Wojew\u00f3dzkim Szpitalu Specjalistycznym im. NMP w Cz\u0119stochowie przyjmuje ok. 50 tys. pacjent\u00f3w rocznie.<br>\n(\u0179r\u00f3d\u0142o: Szpital Wojew\u00f3dzki im. NMP)<\/p>\n","protected":false},"excerpt":{"rendered":"<p>W Wojew\u00f3dzkim Szpitalu Specjalistycznym im. NMP w Cz\u0119stochowie odby\u0142o si\u0119 uroczyste otwarcie Centrum Urazowego, w ramach kt\u00f3rego funkcjonuje Szpitalny Oddzia\u0142 Ratunkowy. W wydarzeniu wzi\u0119li<\/p>\n","protected":false},"author":7,"featured_media":6996,"comment_status":"open","ping_status":"open","sticky":false,"template":"","format":"standard","meta":{"_monsterinsights_skip_tracking":false,"_monsterinsights_sitenote_active":false,"_monsterinsights_sitenote_note":"","_monsterinsights_sitenote_category":0,"_uf_show_specific_survey":0,"_uf_disable_surveys":false,"footnotes":""},"categories":[44,3,33,94,2],"tags":[],"class_list":["post-6994","post","type-post","status-publish","format-standard","has-post-thumbnail","hentry","category-bezpieczenstwo","category-czestochowa-informacje","category-inwestycje","category-polecane","category-wiadomosci"],"_links":{"self":[{"href":"https:\/\/gazetaregionalna.com\/index.php?rest_route=\/wp\/v2\/posts\/6994","targetHints":{"allow":["GET"]}}],"collection":[{"href":"https:\/\/gazetaregionalna.com\/index.php?rest_route=\/wp\/v2\/posts"}],"about":[{"href":"https:\/\/gazetaregionalna.com\/index.php?rest_route=\/wp\/v2\/types\/post"}],"author":[{"embeddable":true,"href":"https:\/\/gazetaregionalna.com\/index.php?rest_route=\/wp\/v2\/users\/7"}],"replies":[{"embeddable":true,"href":"https:\/\/gazetaregionalna.com\/index.php?rest_route=%2Fwp%2Fv2%2Fcomments&post=6994"}],"version-history":[{"count":1,"href":"https:\/\/gazetaregionalna.com\/index.php?rest_route=\/wp\/v2\/posts\/6994\/revisions"}],"predecessor-version":[{"id":6997,"href":"https:\/\/gazetaregionalna.com\/index.php?rest_route=\/wp\/v2\/posts\/6994\/revisions\/6997"}],"wp:featuredmedia":[{"embeddable":true,"href":"https:\/\/gazetaregionalna.com\/index.php?rest_route=\/wp\/v2\/media\/6996"}],"wp:attachment":[{"href":"https:\/\/gazetaregionalna.com\/index.php?rest_route=%2Fwp%2Fv2%2Fmedia&parent=6994"}],"wp:term":[{"taxonomy":"category","embeddable":true,"href":"https:\/\/gazetaregionalna.com\/index.php?rest_route=%2Fwp%2Fv2%2Fcategories&post=6994"},{"taxonomy":"post_tag","embeddable":true,"href":"https:\/\/gazetaregionalna.com\/index.php?rest_route=%2Fwp%2Fv2%2Ftags&post=6994"}],"curies":[{"name":"wp","href":"https:\/\/api.w.org\/{rel}","templated":true}]}}