{"id":69875,"date":"2022-01-20T23:21:51","date_gmt":"2022-01-20T23:21:51","guid":{"rendered":"https:\/\/gazetaregionalna.com\/?p=69875"},"modified":"2022-01-20T23:21:52","modified_gmt":"2022-01-20T23:21:52","slug":"ogolnopolska-premiera-w-filharmonii-czestochowskiej-kolacja-dla-glupca","status":"publish","type":"post","link":"https:\/\/gazetaregionalna.com\/?p=69875","title":{"rendered":"Og\u00f3lnopolska premiera w Filharmonii Cz\u0119stochowskiej. &#8222;Kolacja dla g\u0142upca&#8221; podbi\u0142a serca widz\u00f3w"},"content":{"rendered":"\n<h2 class=\"wp-block-heading\">Zgodnie z zapowiedzi\u0105, 15 stycznia na w gmachu Filharmonii Cz\u0119stochowskiej odby\u0142a si\u0119 premiera spektaklu &#8222;Kolacja dla g\u0142upca&#8221; w re\u017cyserii Cezarego \u017baka. Producentem przedstawienia jest cz\u0119stochowska Agencja Artystyczna Certus.<\/h2>\n\n\n\n<p>To kulturalne wydarzenie zapowiadali\u015bmy na d\u0142ugo przed terminem. &#8222;Kolacja dla g\u0142upca&#8221; to pi\u0105ty ju\u017c tytu\u0142, kt\u00f3rego produkcji podj\u0119\u0142a si\u0119 cz\u0119stochowska<a href=\"https:\/\/gazetaregionalna.com\/czestochowska-agencja-artystyczna-sekret\/\"> Agencja Artystyczna Certus<\/a>. Tym razem si\u0119gn\u0119\u0142a ona po s\u0142ynny tekst francuskiego dramaturga, a tak\u017ce scenarzysty filmowego i teatralnego Francisa Vebera. Jego sztuki z ogromnym powodzeniem wystawiane s\u0105 na deskach teatr\u00f3w z ca\u0142ego \u015bwiata. On tak\u017ce odpowiada za scenariusze do takich film\u00f3w jak \u201ePechowiec\u201d, \u201eTrzech ojc\u00f3w\u201d, \u201eTata i ma\u0142olata\u201d czy \u201ePrzyjaciel gangstera\u201d. Ten, kt\u00f3ry napisa\u0142 za\u015b do kinowej \u201eKolacji dla palant\u00f3w\u201d z 1998 r., rok p\u00f3\u017aniej uhonorowano nagrod\u0105 Cezara.<\/p>\n\n\n\n<figure class=\"wp-block-image size-large\"><img decoding=\"async\" width=\"1024\" height=\"683\" data-src=\"https:\/\/gazetaregionalna.com\/wp-content\/uploads\/2022\/01\/JP1_15012022_00-40-1024x683.jpg\" alt=\"\" class=\"wp-image-69878 lazyload\" data-srcset=\"https:\/\/gazetaregionalna.com\/wp-content\/uploads\/2022\/01\/JP1_15012022_00-40-1024x683.jpg 1024w, https:\/\/gazetaregionalna.com\/wp-content\/uploads\/2022\/01\/JP1_15012022_00-40-300x200.jpg 300w, https:\/\/gazetaregionalna.com\/wp-content\/uploads\/2022\/01\/JP1_15012022_00-40-768x512.jpg 768w, https:\/\/gazetaregionalna.com\/wp-content\/uploads\/2022\/01\/JP1_15012022_00-40-1536x1024.jpg 1536w, https:\/\/gazetaregionalna.com\/wp-content\/uploads\/2022\/01\/JP1_15012022_00-40-2048x1365.jpg 2048w, https:\/\/gazetaregionalna.com\/wp-content\/uploads\/2022\/01\/JP1_15012022_00-40-696x464.jpg 696w, https:\/\/gazetaregionalna.com\/wp-content\/uploads\/2022\/01\/JP1_15012022_00-40-1068x712.jpg 1068w, https:\/\/gazetaregionalna.com\/wp-content\/uploads\/2022\/01\/JP1_15012022_00-40-1920x1280.jpg 1920w, https:\/\/gazetaregionalna.com\/wp-content\/uploads\/2022\/01\/JP1_15012022_00-40-630x420.jpg 630w, https:\/\/gazetaregionalna.com\/wp-content\/uploads\/2022\/01\/JP1_15012022_00-40-scaled.jpg 1600w\" data-sizes=\"(max-width: 1024px) 100vw, 1024px\" src=\"data:image\/svg+xml;base64,PHN2ZyB3aWR0aD0iMSIgaGVpZ2h0PSIxIiB4bWxucz0iaHR0cDovL3d3dy53My5vcmcvMjAwMC9zdmciPjwvc3ZnPg==\" style=\"--smush-placeholder-width: 1024px; --smush-placeholder-aspect-ratio: 1024\/683;\" \/><figcaption>Og\u00f3lnopolska premiera spektaklu &#8222;Kolacja dla g\u0142upca&#8221; w Filharmonii Cz\u0119stochowskiej (fot. Wojciech Grabowski\/archiwum Agencji Artystycznej Certus)<\/figcaption><\/figure>\n\n\n\n<p>Za re\u017cyseri\u0119 spektaklu odpowiada Cezary \u017bak, kt\u00f3ry w ramach wsp\u00f3\u0142pracy z agencj\u0105 Certus podj\u0105\u0142 si\u0119 r\u00f3wnie\u017c realizacji &#8222;Z\u0142odzieja&#8221; i &#8222;Serc na odwyku&#8221;. Premiery tych tytu\u0142\u00f3w, podobnie jak wszystkich produkcji (list\u0119 dope\u0142niaj\u0105 &#8222;Siostrunie&#8221; i &#8222;Pozory myl\u0105&#8221;) odby\u0142y si\u0119 w rodzinnym mie\u015bcie agencji (i zawsze by\u0142y du\u017cym wydarzeniem kulturalnym). <\/p>\n\n\n\n<p>Przez pandemi\u0119 i obostrzenia termin og\u00f3lnopolskiej premiery francuskiej komedii przek\u0142adany by\u0142 kilkakrotnie. Tym mocniej czekali\u015bmy na ni\u0105 w Cz\u0119stochowie. Wreszcie 15 stycznia &#8222;Kolacja dla g\u0142upca&#8221; oficjalnie zaprezentowa\u0142a si\u0119 publiczno\u015bci. Wydarzenie mia\u0142o miejsce w Filharmonii Cz\u0119stochowskiej. Premier\u0119 zaplanowano na wiecz\u00f3r, po po\u0142udniu odby\u0142 si\u0119 pokaz przedpremierowy, a te popremierowe zaplanowano na niedziel\u0119. W ka\u017cdym przypadku bilety zosta\u0142y wyprzedane i by\u0142o ich mniej ni\u017c zainteresowanych widz\u00f3w (z my\u015bl\u0105 o nich agencja planuje jesienn\u0105 powt\u00f3rk\u0119, kt\u00f3r\u0105 b\u0119dziemy zapowiada\u0107).<\/p>\n\n\n\n<figure class=\"wp-block-image size-large\"><img decoding=\"async\" width=\"1024\" height=\"683\" data-src=\"https:\/\/gazetaregionalna.com\/wp-content\/uploads\/2022\/01\/JP1_15012022_00-48-1024x683.jpg\" alt=\"\" class=\"wp-image-69879 lazyload\" data-srcset=\"https:\/\/gazetaregionalna.com\/wp-content\/uploads\/2022\/01\/JP1_15012022_00-48-1024x683.jpg 1024w, https:\/\/gazetaregionalna.com\/wp-content\/uploads\/2022\/01\/JP1_15012022_00-48-300x200.jpg 300w, https:\/\/gazetaregionalna.com\/wp-content\/uploads\/2022\/01\/JP1_15012022_00-48-768x512.jpg 768w, https:\/\/gazetaregionalna.com\/wp-content\/uploads\/2022\/01\/JP1_15012022_00-48-1536x1024.jpg 1536w, https:\/\/gazetaregionalna.com\/wp-content\/uploads\/2022\/01\/JP1_15012022_00-48-2048x1365.jpg 2048w, https:\/\/gazetaregionalna.com\/wp-content\/uploads\/2022\/01\/JP1_15012022_00-48-696x464.jpg 696w, https:\/\/gazetaregionalna.com\/wp-content\/uploads\/2022\/01\/JP1_15012022_00-48-1068x712.jpg 1068w, https:\/\/gazetaregionalna.com\/wp-content\/uploads\/2022\/01\/JP1_15012022_00-48-1920x1280.jpg 1920w, https:\/\/gazetaregionalna.com\/wp-content\/uploads\/2022\/01\/JP1_15012022_00-48-630x420.jpg 630w, https:\/\/gazetaregionalna.com\/wp-content\/uploads\/2022\/01\/JP1_15012022_00-48-scaled.jpg 1600w\" data-sizes=\"(max-width: 1024px) 100vw, 1024px\" src=\"data:image\/svg+xml;base64,PHN2ZyB3aWR0aD0iMSIgaGVpZ2h0PSIxIiB4bWxucz0iaHR0cDovL3d3dy53My5vcmcvMjAwMC9zdmciPjwvc3ZnPg==\" style=\"--smush-placeholder-width: 1024px; --smush-placeholder-aspect-ratio: 1024\/683;\" \/><figcaption>Og\u00f3lnopolska premiera spektaklu &#8222;Kolacja dla g\u0142upca&#8221; w Filharmonii Cz\u0119stochowskiej (fot. Wojciech Grabowski\/archiwum Agencji Artystycznej Certus)<\/figcaption><\/figure>\n\n\n\n<p>Podczas premierowego pokazu na scenie wyst\u0105pili Cezary \u017bak, Bart\u0142omiej Topa, Ma\u0142gorzata Pieczy\u0144ska, Agnieszka Wi\u0119d\u0142ocha oraz Micha\u0142 Zieli\u0144ski. W niedziel\u0119 rol\u0119 Marlene zamiast Wi\u0119d\u0142ochy przej\u0119\u0142a Marta Chodorowska (o obsadzie komedii pisali\u015bmy <a href=\"https:\/\/gazetaregionalna.com\/kolacja-dla-glupca-kto-wystapi-na-scenie\/\">TUTAJ<\/a>).<\/p>\n\n\n\n<p>Aktor\u00f3w oklaskiwano wielokrotnie. Spektakl zebra\u0142 wiele pozytywnych opinii i s\u0142\u00f3w uznania. Po pokazie premierowym odby\u0142o si\u0119 spotkanie za aktorami, by\u0142 okazjonalny tort i specjalna \u015bcianka, kt\u00f3r\u0105 przygotowano z my\u015bl\u0105 o zdj\u0119ciach. Wi\u0119cej o najbli\u017cszych planach Agencji mo\u017cna przeczyta\u0107 na <a href=\"https:\/\/www.agencjaartystycznacertus.pl\/\" target=\"_blank\" rel=\"noreferrer noopener\">www.agencjaartystycznacertus.pl<\/a>.<\/p>\n\n\n\n<p><strong>Recenzj\u0119 &#8222;Kolacji dla g\u0142upca&#8221; zamie\u015bcimy w najbli\u017cszym wydaniu dodatku &#8222;Czas na kultur\u0119!&#8221;, a potem r\u00f3wnie\u017c na naszym portalu.<\/strong><\/p>\n\n\n\n<p><strong>Zuzanna Suliga<\/strong><\/p>\n\n\n\n<figure class=\"wp-block-gallery columns-3 is-cropped wp-block-gallery-1 is-layout-flex wp-block-gallery-is-layout-flex\"><ul class=\"blocks-gallery-grid\"><li class=\"blocks-gallery-item\"><figure><img decoding=\"async\" width=\"1024\" height=\"683\" data-src=\"https:\/\/gazetaregionalna.com\/wp-content\/uploads\/2022\/01\/JP1_15012022_00-41-1024x683.jpg\" alt=\"\" data-id=\"69882\" data-full-url=\"https:\/\/gazetaregionalna.com\/wp-content\/uploads\/2022\/01\/JP1_15012022_00-41-scaled.jpg\" data-link=\"https:\/\/gazetaregionalna.com\/?attachment_id=69882\" class=\"wp-image-69882 lazyload\" data-srcset=\"https:\/\/gazetaregionalna.com\/wp-content\/uploads\/2022\/01\/JP1_15012022_00-41-1024x683.jpg 1024w, https:\/\/gazetaregionalna.com\/wp-content\/uploads\/2022\/01\/JP1_15012022_00-41-300x200.jpg 300w, https:\/\/gazetaregionalna.com\/wp-content\/uploads\/2022\/01\/JP1_15012022_00-41-768x512.jpg 768w, https:\/\/gazetaregionalna.com\/wp-content\/uploads\/2022\/01\/JP1_15012022_00-41-1536x1024.jpg 1536w, https:\/\/gazetaregionalna.com\/wp-content\/uploads\/2022\/01\/JP1_15012022_00-41-2048x1365.jpg 2048w, https:\/\/gazetaregionalna.com\/wp-content\/uploads\/2022\/01\/JP1_15012022_00-41-696x464.jpg 696w, https:\/\/gazetaregionalna.com\/wp-content\/uploads\/2022\/01\/JP1_15012022_00-41-1068x712.jpg 1068w, https:\/\/gazetaregionalna.com\/wp-content\/uploads\/2022\/01\/JP1_15012022_00-41-1920x1280.jpg 1920w, https:\/\/gazetaregionalna.com\/wp-content\/uploads\/2022\/01\/JP1_15012022_00-41-630x420.jpg 630w, https:\/\/gazetaregionalna.com\/wp-content\/uploads\/2022\/01\/JP1_15012022_00-41-scaled.jpg 1600w\" data-sizes=\"(max-width: 1024px) 100vw, 1024px\" src=\"data:image\/svg+xml;base64,PHN2ZyB3aWR0aD0iMSIgaGVpZ2h0PSIxIiB4bWxucz0iaHR0cDovL3d3dy53My5vcmcvMjAwMC9zdmciPjwvc3ZnPg==\" style=\"--smush-placeholder-width: 1024px; --smush-placeholder-aspect-ratio: 1024\/683;\" \/><\/figure><\/li><li class=\"blocks-gallery-item\"><figure><img decoding=\"async\" width=\"1024\" height=\"683\" data-src=\"https:\/\/gazetaregionalna.com\/wp-content\/uploads\/2022\/01\/JP1_15012022_00-55-1024x683.jpg\" alt=\"\" data-id=\"69883\" data-full-url=\"https:\/\/gazetaregionalna.com\/wp-content\/uploads\/2022\/01\/JP1_15012022_00-55-scaled.jpg\" data-link=\"https:\/\/gazetaregionalna.com\/?attachment_id=69883\" class=\"wp-image-69883 lazyload\" data-srcset=\"https:\/\/gazetaregionalna.com\/wp-content\/uploads\/2022\/01\/JP1_15012022_00-55-1024x683.jpg 1024w, https:\/\/gazetaregionalna.com\/wp-content\/uploads\/2022\/01\/JP1_15012022_00-55-300x200.jpg 300w, https:\/\/gazetaregionalna.com\/wp-content\/uploads\/2022\/01\/JP1_15012022_00-55-768x512.jpg 768w, https:\/\/gazetaregionalna.com\/wp-content\/uploads\/2022\/01\/JP1_15012022_00-55-1536x1024.jpg 1536w, https:\/\/gazetaregionalna.com\/wp-content\/uploads\/2022\/01\/JP1_15012022_00-55-2048x1365.jpg 2048w, https:\/\/gazetaregionalna.com\/wp-content\/uploads\/2022\/01\/JP1_15012022_00-55-696x464.jpg 696w, https:\/\/gazetaregionalna.com\/wp-content\/uploads\/2022\/01\/JP1_15012022_00-55-1068x712.jpg 1068w, https:\/\/gazetaregionalna.com\/wp-content\/uploads\/2022\/01\/JP1_15012022_00-55-1920x1280.jpg 1920w, https:\/\/gazetaregionalna.com\/wp-content\/uploads\/2022\/01\/JP1_15012022_00-55-630x420.jpg 630w, https:\/\/gazetaregionalna.com\/wp-content\/uploads\/2022\/01\/JP1_15012022_00-55-scaled.jpg 1600w\" data-sizes=\"(max-width: 1024px) 100vw, 1024px\" src=\"data:image\/svg+xml;base64,PHN2ZyB3aWR0aD0iMSIgaGVpZ2h0PSIxIiB4bWxucz0iaHR0cDovL3d3dy53My5vcmcvMjAwMC9zdmciPjwvc3ZnPg==\" style=\"--smush-placeholder-width: 1024px; --smush-placeholder-aspect-ratio: 1024\/683;\" \/><\/figure><\/li><li class=\"blocks-gallery-item\"><figure><img decoding=\"async\" width=\"1024\" height=\"683\" data-src=\"https:\/\/gazetaregionalna.com\/wp-content\/uploads\/2022\/01\/JP1_15012022_00-35-1024x683.jpg\" alt=\"\" data-id=\"69877\" data-full-url=\"https:\/\/gazetaregionalna.com\/wp-content\/uploads\/2022\/01\/JP1_15012022_00-35-scaled.jpg\" data-link=\"https:\/\/gazetaregionalna.com\/?attachment_id=69877\" class=\"wp-image-69877 lazyload\" data-srcset=\"https:\/\/gazetaregionalna.com\/wp-content\/uploads\/2022\/01\/JP1_15012022_00-35-1024x683.jpg 1024w, https:\/\/gazetaregionalna.com\/wp-content\/uploads\/2022\/01\/JP1_15012022_00-35-300x200.jpg 300w, https:\/\/gazetaregionalna.com\/wp-content\/uploads\/2022\/01\/JP1_15012022_00-35-768x512.jpg 768w, https:\/\/gazetaregionalna.com\/wp-content\/uploads\/2022\/01\/JP1_15012022_00-35-1536x1024.jpg 1536w, https:\/\/gazetaregionalna.com\/wp-content\/uploads\/2022\/01\/JP1_15012022_00-35-2048x1365.jpg 2048w, https:\/\/gazetaregionalna.com\/wp-content\/uploads\/2022\/01\/JP1_15012022_00-35-696x464.jpg 696w, https:\/\/gazetaregionalna.com\/wp-content\/uploads\/2022\/01\/JP1_15012022_00-35-1068x712.jpg 1068w, https:\/\/gazetaregionalna.com\/wp-content\/uploads\/2022\/01\/JP1_15012022_00-35-1920x1280.jpg 1920w, https:\/\/gazetaregionalna.com\/wp-content\/uploads\/2022\/01\/JP1_15012022_00-35-630x420.jpg 630w, https:\/\/gazetaregionalna.com\/wp-content\/uploads\/2022\/01\/JP1_15012022_00-35-scaled.jpg 1600w\" data-sizes=\"(max-width: 1024px) 100vw, 1024px\" src=\"data:image\/svg+xml;base64,PHN2ZyB3aWR0aD0iMSIgaGVpZ2h0PSIxIiB4bWxucz0iaHR0cDovL3d3dy53My5vcmcvMjAwMC9zdmciPjwvc3ZnPg==\" style=\"--smush-placeholder-width: 1024px; --smush-placeholder-aspect-ratio: 1024\/683;\" \/><\/figure><\/li><li class=\"blocks-gallery-item\"><figure><img decoding=\"async\" width=\"1024\" height=\"683\" data-src=\"https:\/\/gazetaregionalna.com\/wp-content\/uploads\/2022\/01\/JP1_15012022_00-54-1024x683.jpg\" alt=\"\" data-id=\"69881\" data-full-url=\"https:\/\/gazetaregionalna.com\/wp-content\/uploads\/2022\/01\/JP1_15012022_00-54-scaled.jpg\" data-link=\"https:\/\/gazetaregionalna.com\/?attachment_id=69881\" class=\"wp-image-69881 lazyload\" data-srcset=\"https:\/\/gazetaregionalna.com\/wp-content\/uploads\/2022\/01\/JP1_15012022_00-54-1024x683.jpg 1024w, https:\/\/gazetaregionalna.com\/wp-content\/uploads\/2022\/01\/JP1_15012022_00-54-300x200.jpg 300w, https:\/\/gazetaregionalna.com\/wp-content\/uploads\/2022\/01\/JP1_15012022_00-54-768x512.jpg 768w, https:\/\/gazetaregionalna.com\/wp-content\/uploads\/2022\/01\/JP1_15012022_00-54-1536x1024.jpg 1536w, https:\/\/gazetaregionalna.com\/wp-content\/uploads\/2022\/01\/JP1_15012022_00-54-2048x1365.jpg 2048w, https:\/\/gazetaregionalna.com\/wp-content\/uploads\/2022\/01\/JP1_15012022_00-54-696x464.jpg 696w, https:\/\/gazetaregionalna.com\/wp-content\/uploads\/2022\/01\/JP1_15012022_00-54-1068x712.jpg 1068w, https:\/\/gazetaregionalna.com\/wp-content\/uploads\/2022\/01\/JP1_15012022_00-54-1920x1280.jpg 1920w, https:\/\/gazetaregionalna.com\/wp-content\/uploads\/2022\/01\/JP1_15012022_00-54-630x420.jpg 630w, https:\/\/gazetaregionalna.com\/wp-content\/uploads\/2022\/01\/JP1_15012022_00-54-scaled.jpg 1600w\" data-sizes=\"(max-width: 1024px) 100vw, 1024px\" src=\"data:image\/svg+xml;base64,PHN2ZyB3aWR0aD0iMSIgaGVpZ2h0PSIxIiB4bWxucz0iaHR0cDovL3d3dy53My5vcmcvMjAwMC9zdmciPjwvc3ZnPg==\" style=\"--smush-placeholder-width: 1024px; --smush-placeholder-aspect-ratio: 1024\/683;\" \/><\/figure><\/li><li class=\"blocks-gallery-item\"><figure><img decoding=\"async\" width=\"1024\" height=\"683\" data-src=\"https:\/\/gazetaregionalna.com\/wp-content\/uploads\/2022\/01\/JP1_15012022_00-33-1024x683.jpg\" alt=\"\" data-id=\"69876\" data-full-url=\"https:\/\/gazetaregionalna.com\/wp-content\/uploads\/2022\/01\/JP1_15012022_00-33-scaled.jpg\" data-link=\"https:\/\/gazetaregionalna.com\/?attachment_id=69876\" class=\"wp-image-69876 lazyload\" data-srcset=\"https:\/\/gazetaregionalna.com\/wp-content\/uploads\/2022\/01\/JP1_15012022_00-33-1024x683.jpg 1024w, https:\/\/gazetaregionalna.com\/wp-content\/uploads\/2022\/01\/JP1_15012022_00-33-300x200.jpg 300w, https:\/\/gazetaregionalna.com\/wp-content\/uploads\/2022\/01\/JP1_15012022_00-33-768x512.jpg 768w, https:\/\/gazetaregionalna.com\/wp-content\/uploads\/2022\/01\/JP1_15012022_00-33-1536x1024.jpg 1536w, https:\/\/gazetaregionalna.com\/wp-content\/uploads\/2022\/01\/JP1_15012022_00-33-2048x1365.jpg 2048w, https:\/\/gazetaregionalna.com\/wp-content\/uploads\/2022\/01\/JP1_15012022_00-33-696x464.jpg 696w, https:\/\/gazetaregionalna.com\/wp-content\/uploads\/2022\/01\/JP1_15012022_00-33-1068x712.jpg 1068w, https:\/\/gazetaregionalna.com\/wp-content\/uploads\/2022\/01\/JP1_15012022_00-33-1920x1280.jpg 1920w, https:\/\/gazetaregionalna.com\/wp-content\/uploads\/2022\/01\/JP1_15012022_00-33-630x420.jpg 630w, https:\/\/gazetaregionalna.com\/wp-content\/uploads\/2022\/01\/JP1_15012022_00-33-scaled.jpg 1600w\" data-sizes=\"(max-width: 1024px) 100vw, 1024px\" src=\"data:image\/svg+xml;base64,PHN2ZyB3aWR0aD0iMSIgaGVpZ2h0PSIxIiB4bWxucz0iaHR0cDovL3d3dy53My5vcmcvMjAwMC9zdmciPjwvc3ZnPg==\" style=\"--smush-placeholder-width: 1024px; --smush-placeholder-aspect-ratio: 1024\/683;\" \/><\/figure><\/li><\/ul><figcaption class=\"blocks-gallery-caption\">Og\u00f3lnopolska premiera spektaklu &#8222;Kolacja dla g\u0142upca&#8221; w Filharmonii Cz\u0119stochowskiej (fot. Wojciech Grabowski\/archiwum Agencji Artystycznej Certus)<\/figcaption><\/figure>\n\n\n\n<p><strong><a href=\"https:\/\/gazetaregionalna.com\/cezary-zak-rozmowa\/\">Czytaj tak\u017ce: Cezary \u017bak: Ludzie przychodz\u0105 do teatru, a ja robi\u0119 wszystko, by by\u0142a to rozrywka w dobrym gu\u015bcie [ROZMOWA]<\/a><\/strong><\/p>\n","protected":false},"excerpt":{"rendered":"<p>Zgodnie z zapowiedzi\u0105, 15 stycznia na w gmachu Filharmonii Cz\u0119stochowskiej odby\u0142a si\u0119 premiera spektaklu &#8222;Kolacja dla g\u0142upca&#8221; w re\u017cyserii Cezarego \u017baka. Producentem przedstawienia jest<\/p>\n","protected":false},"author":18,"featured_media":69880,"comment_status":"open","ping_status":"open","sticky":false,"template":"","format":"standard","meta":{"_monsterinsights_skip_tracking":false,"_monsterinsights_sitenote_active":false,"_monsterinsights_sitenote_note":"","_monsterinsights_sitenote_category":0,"_uf_show_specific_survey":0,"_uf_disable_surveys":false,"footnotes":""},"categories":[12,3,94,2],"tags":[1824,1823,1825,1750],"class_list":["post-69875","post","type-post","status-publish","format-standard","has-post-thumbnail","hentry","category-kultura-i-rozrywka","category-czestochowa-informacje","category-polecane","category-wiadomosci","tag-agencja-artystyczna-certus","tag-cezary-zak","tag-kolacja-dla-glupca","tag-premiera"],"_links":{"self":[{"href":"https:\/\/gazetaregionalna.com\/index.php?rest_route=\/wp\/v2\/posts\/69875","targetHints":{"allow":["GET"]}}],"collection":[{"href":"https:\/\/gazetaregionalna.com\/index.php?rest_route=\/wp\/v2\/posts"}],"about":[{"href":"https:\/\/gazetaregionalna.com\/index.php?rest_route=\/wp\/v2\/types\/post"}],"author":[{"embeddable":true,"href":"https:\/\/gazetaregionalna.com\/index.php?rest_route=\/wp\/v2\/users\/18"}],"replies":[{"embeddable":true,"href":"https:\/\/gazetaregionalna.com\/index.php?rest_route=%2Fwp%2Fv2%2Fcomments&post=69875"}],"version-history":[{"count":6,"href":"https:\/\/gazetaregionalna.com\/index.php?rest_route=\/wp\/v2\/posts\/69875\/revisions"}],"predecessor-version":[{"id":69889,"href":"https:\/\/gazetaregionalna.com\/index.php?rest_route=\/wp\/v2\/posts\/69875\/revisions\/69889"}],"wp:featuredmedia":[{"embeddable":true,"href":"https:\/\/gazetaregionalna.com\/index.php?rest_route=\/wp\/v2\/media\/69880"}],"wp:attachment":[{"href":"https:\/\/gazetaregionalna.com\/index.php?rest_route=%2Fwp%2Fv2%2Fmedia&parent=69875"}],"wp:term":[{"taxonomy":"category","embeddable":true,"href":"https:\/\/gazetaregionalna.com\/index.php?rest_route=%2Fwp%2Fv2%2Fcategories&post=69875"},{"taxonomy":"post_tag","embeddable":true,"href":"https:\/\/gazetaregionalna.com\/index.php?rest_route=%2Fwp%2Fv2%2Ftags&post=69875"}],"curies":[{"name":"wp","href":"https:\/\/api.w.org\/{rel}","templated":true}]}}