{"id":69864,"date":"2022-01-20T18:23:58","date_gmt":"2022-01-20T18:23:58","guid":{"rendered":"https:\/\/gazetaregionalna.com\/?p=69864"},"modified":"2022-01-20T18:29:03","modified_gmt":"2022-01-20T18:29:03","slug":"swieci-czestochowa-prowadza-nabor-do-druzyny-futbolu-amerykanskiego","status":"publish","type":"post","link":"https:\/\/gazetaregionalna.com\/2022\/01\/20\/swieci-czestochowa-prowadza-nabor-do-druzyny-futbolu-amerykanskiego\/","title":{"rendered":"\u015awi\u0119ci Cz\u0119stochowa prowadz\u0105 nab\u00f3r do dru\u017cyny futbolu ameryka\u0144skiego"},"content":{"rendered":"\n<p>Je\u015bli chcesz spr\u00f3bowa\u0107 swych si\u0142 w futbolu ameryka\u0144skim to \u015awi\u0119ci Cz\u0119stochowa 29 stycznia organizuj\u0105 nab\u00f3r do dru\u017cyny juniorskiej i seniorskiej.<\/p>\n\n\n\n<p>\u015awi\u0119ci Cz\u0119stochowa to klub futbolu ameryka\u0144skiego. W sobot\u0119 29 stycznia klub organizuje nab\u00f3r do dru\u017cyny juniorskiej i seniorskiej. Na nab\u00f3r mog\u0105 zg\u0142osi\u0107 si\u0119 wszyscy, kt\u00f3rzy uko\u0144czyli 15 lat. Osoby nieletnie musz\u0105 mie\u0107 zgod\u0119 rodzica.<\/p>\n\n\n\n<p>Nab\u00f3r odb\u0119dzie si\u0119 w sobot\u0119, 29 stycznia o godz. 12 w Klubie Politechnik przy al. Armii Krajowej 23\/25. Szatnie dla ch\u0119tnych b\u0119d\u0105 udost\u0119pnione kilkana\u015bcie minut wcze\u015bniej.<\/p>\n\n\n\n<p>Szczeg\u00f3\u0142owe informacje, formularz zg\u0142oszeniowy znajduje si\u0119 na stronie fb \u015awi\u0119tych Cz\u0119stochowa.<\/p>\n\n\n\n<p>AK, foto: materia\u0142y prasowe klubu<\/p>\n\n\n\n<figure class=\"wp-block-image size-large\"><img decoding=\"async\" width=\"1024\" height=\"536\" data-src=\"https:\/\/gazetaregionalna.com\/wp-content\/uploads\/2022\/01\/NaborSwieci-1024x536.jpg\" alt=\"\" class=\"wp-image-69869 lazyload\" data-srcset=\"https:\/\/gazetaregionalna.com\/wp-content\/uploads\/2022\/01\/NaborSwieci-1024x536.jpg 1024w, https:\/\/gazetaregionalna.com\/wp-content\/uploads\/2022\/01\/NaborSwieci-300x157.jpg 300w, https:\/\/gazetaregionalna.com\/wp-content\/uploads\/2022\/01\/NaborSwieci-768x402.jpg 768w, https:\/\/gazetaregionalna.com\/wp-content\/uploads\/2022\/01\/NaborSwieci-696x364.jpg 696w, https:\/\/gazetaregionalna.com\/wp-content\/uploads\/2022\/01\/NaborSwieci-1068x559.jpg 1068w, https:\/\/gazetaregionalna.com\/wp-content\/uploads\/2022\/01\/NaborSwieci-803x420.jpg 803w, https:\/\/gazetaregionalna.com\/wp-content\/uploads\/2022\/01\/NaborSwieci.jpg 1200w\" data-sizes=\"(max-width: 1024px) 100vw, 1024px\" src=\"data:image\/svg+xml;base64,PHN2ZyB3aWR0aD0iMSIgaGVpZ2h0PSIxIiB4bWxucz0iaHR0cDovL3d3dy53My5vcmcvMjAwMC9zdmciPjwvc3ZnPg==\" style=\"--smush-placeholder-width: 1024px; --smush-placeholder-aspect-ratio: 1024\/536;\" \/><\/figure>\n","protected":false},"excerpt":{"rendered":"<p>Je\u015bli chcesz spr\u00f3bowa\u0107 swych si\u0142 w futbolu ameryka\u0144skim to \u015awi\u0119ci Cz\u0119stochowa 29 stycznia organizuj\u0105 nab\u00f3r do dru\u017cyny juniorskiej i seniorskiej. \u015awi\u0119ci Cz\u0119stochowa to klub<\/p>\n","protected":false},"author":15,"featured_media":69869,"comment_status":"open","ping_status":"open","sticky":false,"template":"","format":"standard","meta":{"_monsterinsights_skip_tracking":false,"_monsterinsights_sitenote_active":false,"_monsterinsights_sitenote_note":"","_monsterinsights_sitenote_category":0,"_uf_show_specific_survey":0,"_uf_disable_surveys":false,"footnotes":""},"categories":[5,11],"tags":[],"class_list":["post-69864","post","type-post","status-publish","format-standard","has-post-thumbnail","hentry","category-sport","category-pozostale"],"_links":{"self":[{"href":"https:\/\/gazetaregionalna.com\/wp-json\/wp\/v2\/posts\/69864","targetHints":{"allow":["GET"]}}],"collection":[{"href":"https:\/\/gazetaregionalna.com\/wp-json\/wp\/v2\/posts"}],"about":[{"href":"https:\/\/gazetaregionalna.com\/wp-json\/wp\/v2\/types\/post"}],"author":[{"embeddable":true,"href":"https:\/\/gazetaregionalna.com\/wp-json\/wp\/v2\/users\/15"}],"replies":[{"embeddable":true,"href":"https:\/\/gazetaregionalna.com\/wp-json\/wp\/v2\/comments?post=69864"}],"version-history":[{"count":1,"href":"https:\/\/gazetaregionalna.com\/wp-json\/wp\/v2\/posts\/69864\/revisions"}],"predecessor-version":[{"id":69870,"href":"https:\/\/gazetaregionalna.com\/wp-json\/wp\/v2\/posts\/69864\/revisions\/69870"}],"wp:featuredmedia":[{"embeddable":true,"href":"https:\/\/gazetaregionalna.com\/wp-json\/wp\/v2\/media\/69869"}],"wp:attachment":[{"href":"https:\/\/gazetaregionalna.com\/wp-json\/wp\/v2\/media?parent=69864"}],"wp:term":[{"taxonomy":"category","embeddable":true,"href":"https:\/\/gazetaregionalna.com\/wp-json\/wp\/v2\/categories?post=69864"},{"taxonomy":"post_tag","embeddable":true,"href":"https:\/\/gazetaregionalna.com\/wp-json\/wp\/v2\/tags?post=69864"}],"curies":[{"name":"wp","href":"https:\/\/api.w.org\/{rel}","templated":true}]}}