{"id":69336,"date":"2022-01-12T11:43:53","date_gmt":"2022-01-12T11:43:53","guid":{"rendered":"https:\/\/gazetaregionalna.com\/?p=69336"},"modified":"2022-01-12T11:43:54","modified_gmt":"2022-01-12T11:43:54","slug":"udawalo-mu-sie-ukrywac-siedem-lat-ale-teraz-wpadl","status":"publish","type":"post","link":"https:\/\/gazetaregionalna.com\/?p=69336","title":{"rendered":"Udawa\u0142o mu si\u0119 ukrywa\u0107 siedem lat, ale teraz wpad\u0142"},"content":{"rendered":"\n<h2 class=\"wp-block-heading\">Siedem lat unika\u0142 wymiaru sprawiedliwo\u015bci m\u0119\u017cczyzna zatrzymany przez cz\u0119stochowsk\u0105 policj\u0119. Teraz 37-latek sp\u0119dzi w wi\u0119zieniu najbli\u017csze&nbsp; trzy lata.<\/h2>\n\n\n\n<p>37-latka zatrzymali policjanci specjalizuj\u0105cy si\u0119 w poszukiwaniu os\u00f3b ukrywaj\u0105cych si\u0119 przed wymiarem sprawiedliwo\u015bci.<\/p>\n\n\n\n<p>&#8211; Kryminalni z Referatu Poszukiwa\u0144 i Identyfikacji Os\u00f3b Komendy Miejskiej Policji w Cz\u0119stochowie namierzyli 37-latka poszukiwanego listem go\u0144czym za liczne oszustwa \u2013 przekaza\u0142a podkomisarz Sabina Chyra-Giere\u015b, rzeczniczka cz\u0119stochowskiej policji. &#8211; M\u0119\u017cczyzna od 7 lat ukrywa\u0142 si\u0119 przed wymiarem sprawiedliwo\u015bci poza granicami kraju. Dzi\u0119ki wnikliwej pracy operacyjnej i wsp\u00f3\u0142pracy cz\u0119stochowskich \u201e\u0142owc\u00f3w g\u0142\u00f3w\u201d z kryminalnymi z Zamo\u015bcia, uda\u0142o si\u0119 zatrzyma\u0107 37-latka, kt\u00f3ry do Polski wr\u00f3ci\u0142 oko\u0142o p\u00f3\u0142 roku temu.<\/p>\n\n\n\n<p>37-latek by\u0142 zaskoczony, gdy do mieszkania, w kt\u00f3rym przebywa\u0142 zapuka\u0142a policja. Pr\u00f3bowa\u0142 si\u0119 nawet ukry\u0107 w toalecie, ale mu si\u0119 to nie uda\u0142o. Od razu zosta\u0142 tam znaleziony i zatrzymany przez policjant\u00f3w. M\u0119\u017cczyzna zosta\u0142 osadzony w zak\u0142adzie karnym, gdzie sp\u0119dzi kolejne prawie 3 lata.<\/p>\n","protected":false},"excerpt":{"rendered":"<p>Siedem lat unika\u0142 wymiaru sprawiedliwo\u015bci m\u0119\u017cczyzna zatrzymany przez cz\u0119stochowsk\u0105 policj\u0119. Teraz 37-latek sp\u0119dzi w wi\u0119zieniu najbli\u017csze&nbsp; trzy lata. 37-latka zatrzymali policjanci specjalizuj\u0105cy si\u0119 w<\/p>\n","protected":false},"author":7,"featured_media":69338,"comment_status":"open","ping_status":"open","sticky":false,"template":"","format":"standard","meta":{"_monsterinsights_skip_tracking":false,"_monsterinsights_sitenote_active":false,"_monsterinsights_sitenote_note":"","_monsterinsights_sitenote_category":0,"_uf_show_specific_survey":0,"_uf_disable_surveys":false,"footnotes":""},"categories":[3,94,2],"tags":[],"class_list":["post-69336","post","type-post","status-publish","format-standard","has-post-thumbnail","hentry","category-czestochowa-informacje","category-polecane","category-wiadomosci"],"_links":{"self":[{"href":"https:\/\/gazetaregionalna.com\/index.php?rest_route=\/wp\/v2\/posts\/69336","targetHints":{"allow":["GET"]}}],"collection":[{"href":"https:\/\/gazetaregionalna.com\/index.php?rest_route=\/wp\/v2\/posts"}],"about":[{"href":"https:\/\/gazetaregionalna.com\/index.php?rest_route=\/wp\/v2\/types\/post"}],"author":[{"embeddable":true,"href":"https:\/\/gazetaregionalna.com\/index.php?rest_route=\/wp\/v2\/users\/7"}],"replies":[{"embeddable":true,"href":"https:\/\/gazetaregionalna.com\/index.php?rest_route=%2Fwp%2Fv2%2Fcomments&post=69336"}],"version-history":[{"count":1,"href":"https:\/\/gazetaregionalna.com\/index.php?rest_route=\/wp\/v2\/posts\/69336\/revisions"}],"predecessor-version":[{"id":69337,"href":"https:\/\/gazetaregionalna.com\/index.php?rest_route=\/wp\/v2\/posts\/69336\/revisions\/69337"}],"wp:featuredmedia":[{"embeddable":true,"href":"https:\/\/gazetaregionalna.com\/index.php?rest_route=\/wp\/v2\/media\/69338"}],"wp:attachment":[{"href":"https:\/\/gazetaregionalna.com\/index.php?rest_route=%2Fwp%2Fv2%2Fmedia&parent=69336"}],"wp:term":[{"taxonomy":"category","embeddable":true,"href":"https:\/\/gazetaregionalna.com\/index.php?rest_route=%2Fwp%2Fv2%2Fcategories&post=69336"},{"taxonomy":"post_tag","embeddable":true,"href":"https:\/\/gazetaregionalna.com\/index.php?rest_route=%2Fwp%2Fv2%2Ftags&post=69336"}],"curies":[{"name":"wp","href":"https:\/\/api.w.org\/{rel}","templated":true}]}}