{"id":6932,"date":"2019-10-06T10:39:01","date_gmt":"2019-10-06T10:39:01","guid":{"rendered":"https:\/\/gazetaregionalna.com\/?p=6932"},"modified":"2019-10-04T10:41:30","modified_gmt":"2019-10-04T10:41:30","slug":"sycylia-na-fotografiach","status":"publish","type":"post","link":"https:\/\/gazetaregionalna.com\/?p=6932","title":{"rendered":"Sycylia na fotografiach"},"content":{"rendered":"\n<p> Regionalny O\u015brodek Kultury w Cz\u0119stochowie zaprasza 7 pa\u017adziernika na wernisa\u017c wystawy fotograficznej \u201eSycylia- wyspa marze\u0144\u201d. Autorami zdj\u0119\u0107, na kt\u00f3rych uwieczniono t\u0119 malownicz\u0105 w\u0142osk\u0105 wysp\u0119, a w szczeg\u00f3lno\u015bci Palermo i okolice s\u0105: S\u0142awomir Jod\u0142owski  i Andrzej Szl\u0119zak. ROK zaprasza na otwarcie wystawy o godzinie 19. Ekspozycj\u0119 b\u0119dzie mo\u017cna ogl\u0105da\u0107 do 31 pa\u017adziernika. Wst\u0119p wolny.<\/p>\n\n\n\n<figure class=\"wp-block-image\"><img decoding=\"async\" width=\"1024\" height=\"450\" data-src=\"https:\/\/gazetaregionalna.com\/wp-content\/uploads\/2019\/10\/wystawa-sycylia-1024x450.jpg\" alt=\"\" class=\"wp-image-6933 lazyload\" data-srcset=\"https:\/\/gazetaregionalna.com\/wp-content\/uploads\/2019\/10\/wystawa-sycylia-1024x450.jpg 1024w, https:\/\/gazetaregionalna.com\/wp-content\/uploads\/2019\/10\/wystawa-sycylia-300x132.jpg 300w, https:\/\/gazetaregionalna.com\/wp-content\/uploads\/2019\/10\/wystawa-sycylia-768x337.jpg 768w, https:\/\/gazetaregionalna.com\/wp-content\/uploads\/2019\/10\/wystawa-sycylia-696x306.jpg 696w, https:\/\/gazetaregionalna.com\/wp-content\/uploads\/2019\/10\/wystawa-sycylia-1068x469.jpg 1068w, https:\/\/gazetaregionalna.com\/wp-content\/uploads\/2019\/10\/wystawa-sycylia-956x420.jpg 956w, https:\/\/gazetaregionalna.com\/wp-content\/uploads\/2019\/10\/wystawa-sycylia.jpg 1129w\" data-sizes=\"(max-width: 1024px) 100vw, 1024px\" src=\"data:image\/svg+xml;base64,PHN2ZyB3aWR0aD0iMSIgaGVpZ2h0PSIxIiB4bWxucz0iaHR0cDovL3d3dy53My5vcmcvMjAwMC9zdmciPjwvc3ZnPg==\" style=\"--smush-placeholder-width: 1024px; --smush-placeholder-aspect-ratio: 1024\/450;\" \/><\/figure>\n\n\n\n<p>Jak informuj\u0105 organizatorzy, wystawa \u201eSycylia \u2013 wyspa marze\u0144\u201d rozpoczyna cykl wystaw w Galerii FOTOPOBUDKA Regionalnego O\u015brodka Kultury w Cz\u0119stochowie \u201eZ fotografi\u0105 przez \u015bwiat&#8221;.  <\/p>\n","protected":false},"excerpt":{"rendered":"<p>Regionalny O\u015brodek Kultury w Cz\u0119stochowie zaprasza 7 pa\u017adziernika na wernisa\u017c wystawy fotograficznej \u201eSycylia- wyspa marze\u0144\u201d. Autorami zdj\u0119\u0107, na kt\u00f3rych uwieczniono t\u0119 malownicz\u0105 w\u0142osk\u0105 wysp\u0119,<\/p>\n","protected":false},"author":7,"featured_media":6934,"comment_status":"open","ping_status":"open","sticky":false,"template":"","format":"standard","meta":{"_monsterinsights_skip_tracking":false,"_monsterinsights_sitenote_active":false,"_monsterinsights_sitenote_note":"","_monsterinsights_sitenote_category":0,"_uf_show_specific_survey":0,"_uf_disable_surveys":false,"footnotes":""},"categories":[3,12,94,2,13],"tags":[],"class_list":["post-6932","post","type-post","status-publish","format-standard","has-post-thumbnail","hentry","category-czestochowa-informacje","category-kultura-i-rozrywka","category-polecane","category-wiadomosci","category-wydarzenia"],"_links":{"self":[{"href":"https:\/\/gazetaregionalna.com\/index.php?rest_route=\/wp\/v2\/posts\/6932","targetHints":{"allow":["GET"]}}],"collection":[{"href":"https:\/\/gazetaregionalna.com\/index.php?rest_route=\/wp\/v2\/posts"}],"about":[{"href":"https:\/\/gazetaregionalna.com\/index.php?rest_route=\/wp\/v2\/types\/post"}],"author":[{"embeddable":true,"href":"https:\/\/gazetaregionalna.com\/index.php?rest_route=\/wp\/v2\/users\/7"}],"replies":[{"embeddable":true,"href":"https:\/\/gazetaregionalna.com\/index.php?rest_route=%2Fwp%2Fv2%2Fcomments&post=6932"}],"version-history":[{"count":1,"href":"https:\/\/gazetaregionalna.com\/index.php?rest_route=\/wp\/v2\/posts\/6932\/revisions"}],"predecessor-version":[{"id":6935,"href":"https:\/\/gazetaregionalna.com\/index.php?rest_route=\/wp\/v2\/posts\/6932\/revisions\/6935"}],"wp:featuredmedia":[{"embeddable":true,"href":"https:\/\/gazetaregionalna.com\/index.php?rest_route=\/wp\/v2\/media\/6934"}],"wp:attachment":[{"href":"https:\/\/gazetaregionalna.com\/index.php?rest_route=%2Fwp%2Fv2%2Fmedia&parent=6932"}],"wp:term":[{"taxonomy":"category","embeddable":true,"href":"https:\/\/gazetaregionalna.com\/index.php?rest_route=%2Fwp%2Fv2%2Fcategories&post=6932"},{"taxonomy":"post_tag","embeddable":true,"href":"https:\/\/gazetaregionalna.com\/index.php?rest_route=%2Fwp%2Fv2%2Ftags&post=6932"}],"curies":[{"name":"wp","href":"https:\/\/api.w.org\/{rel}","templated":true}]}}