{"id":69311,"date":"2022-01-12T08:39:54","date_gmt":"2022-01-12T08:39:54","guid":{"rendered":"https:\/\/gazetaregionalna.com\/?p=69311"},"modified":"2022-01-12T08:39:55","modified_gmt":"2022-01-12T08:39:55","slug":"ladowal-awionetka-na-autostradzie-a1-prokuratora-czestochowska-umorzyla-sledztwo","status":"publish","type":"post","link":"https:\/\/gazetaregionalna.com\/?p=69311","title":{"rendered":"L\u0105dowa\u0142 awionetk\u0105 na autostradzie A1, prokuratora cz\u0119stochowska umorzy\u0142a \u015bledztwo"},"content":{"rendered":"\n<h2 class=\"wp-block-heading\">Prokuratura Rejonowa w Cz\u0119stochowie umorzy\u0142a \u015bledztwo w sprawie awaryjnego l\u0105dowania na autostradzie A1 na wysoko\u015bci miejscowo\u015bci Wierzchowisko. Stwierdzono, \u017ce pilot musia\u0142 l\u0105dowa\u0107, bo inaczej m\u00f3g\u0142by doprowadzi\u0107 do powa\u017cnej tragedii, a manewr l\u0105dowania wykona\u0142 bezpiecznie i zgodnie z przepisami Prawo lotnicze.<\/h2>\n\n\n\n<p>Wydarzenie to mia\u0142o miejsce w maju 2021 roku. W Wierzchowisku ko\u0142o Cz\u0119stochowy. Na pasie autostrady A1 l\u0105dowa\u0142 w\u00f3wczas. Budz\u0105c zrozumia\u0142e zdziwienie i zaskoczenie, ma\u0142y samolot &nbsp;marki TECNAM.<\/p>\n\n\n\n<p>Pisali\u015bmy o tym tutaj:<\/p>\n\n\n\n<figure class=\"wp-block-embed is-type-wp-embed is-provider-gazeta-regionalna wp-block-embed-gazeta-regionalna\"><div class=\"wp-block-embed__wrapper\">\n<div class=\"fitvids-video\"><blockquote class=\"wp-embedded-content\" data-secret=\"810kuYqiwq\"><a href=\"https:\/\/gazetaregionalna.com\/samolot-wyladowal-w-autostradzie-w-wierzchowisku\/\">Samolot wyl\u0105dowa\u0142 na autostradzie A1 na wysoko\u015bci Wierzchowiska<\/a><\/blockquote><iframe class=\"wp-embedded-content lazyload\" sandbox=\"allow-scripts\" security=\"restricted\" style=\"position: absolute; clip: rect(1px, 1px, 1px, 1px);\" title=\"&#8222;Samolot wyl\u0105dowa\u0142 na autostradzie A1 na wysoko\u015bci Wierzchowiska&#8221; &#8212; Gazeta Regionalna\" data-src=\"https:\/\/gazetaregionalna.com\/samolot-wyladowal-w-autostradzie-w-wierzchowisku\/embed\/#?secret=JJaMH4AtWh#?secret=810kuYqiwq\" data-secret=\"810kuYqiwq\" width=\"600\" height=\"338\" frameborder=\"0\" marginwidth=\"0\" marginheight=\"0\" scrolling=\"no\" src=\"data:image\/svg+xml;base64,PHN2ZyB3aWR0aD0iMSIgaGVpZ2h0PSIxIiB4bWxucz0iaHR0cDovL3d3dy53My5vcmcvMjAwMC9zdmciPjwvc3ZnPg==\" data-load-mode=\"1\"><\/iframe><\/div>\n<\/div><\/figure>\n\n\n\n<p>&#8211; W toku post\u0119powania ustalono, \u017ce 14 maja 2021 roku 34-letni pilot lecia\u0142 awionetk\u0105 marki TECNAM z Wroc\u0142awia do Rzeszowa, gdzie mia\u0142 by\u0107 przeprowadzony przegl\u0105d techniczny statku powietrznego \u2013 przekaza\u0142 prokurator Tomasz Ozimek, rzecznik prasowy cz\u0119stochowskiej prokuratury. &#8211; Gdy samolot znajdowa\u0142 si\u0119 na wysoko\u015bci oko\u0142o 1500 metr\u00f3w i w odleg\u0142o\u015bci 10 km od lotniska Rudniki k. Cz\u0119stochowy silnik zacz\u0105\u0142 traci\u0107 moc. Na wysoko\u015bci 750 metr\u00f3w silnik przesta\u0142 pracowa\u0107 i w zwi\u0105zku z tym pilot rozpocz\u0105\u0142 procedur\u0119 awaryjnego l\u0105dowania, informuj\u0105c o tym s\u0142u\u017cb\u0119 informacji lotniczej. Po nieskutecznych pr\u00f3bach uruchomienia silnika i braku mo\u017cliwo\u015bci dolecenia na lotnisko Rudniki, pilot podj\u0105\u0142 decyzj\u0119 o przyziemieniu samolotu na pasie autostrady A-1 \u2013 doda\u0142 prokurator.<\/p>\n\n\n\n<p>Jak ustalono w trakcie post\u0119powania, przed l\u0105dowaniem 34-latek pilot dostosowa\u0142 pr\u0119dko\u015b\u0107 awionetki do pr\u0119dko\u015bci pojazd\u00f3w na autostradzie i \u201ewisia\u0142\u201d d\u0142u\u017csz\u0105 chwil\u0119 nad drog\u0105, aby by\u0107 zauwa\u017conym przez kierowc\u00f3w. Potem przyziemi\u0142 samolot i doko\u0142owa\u0142 do zjazdu z autostrady, a po zatrzymaniu przy pomocy innych os\u00f3b stoczy\u0142 awionetk\u0119 w bezpieczne miejsce.&nbsp;<\/p>\n\n\n\n<p>Na zlecenie prokuratury, w Instytucie Technicznym Wojsk Lotniczych przeprowadzono badania pr\u00f3bek paliwa, zabezpieczonego w zbiornikach samolotu.<\/p>\n\n\n\n<p>&#8211; W wyniku tych czynno\u015bci stwierdzono, \u017ce zabezpieczone pr\u00f3bki paliwa zawiera\u0142y znaczn\u0105 ilo\u015b\u0107 wody \u2013 przekaza\u0142 prokurator Ozimek. &#8211; W post\u0119powaniu nie zdo\u0142ano ustali\u0107 przyczyny zanieczyszczenia paliwa wod\u0105. W szczeg\u00f3lno\u015bci przeprowadzone czynno\u015bci nie pozwoli\u0142y na stwierdzenie, czy ujawniona woda pochodzi\u0142a z ostatniego tankowania samolotu, czy te\u017c poprzednich.&nbsp;<\/p>\n\n\n\n<p>Uwzgl\u0119dniaj\u0105c wskazane okoliczno\u015bci uznano, \u017ce przyczyn\u0105 l\u0105dowania awionetki TECNAM na pasie autostrady A-1 by\u0142a awaria silnika, spowodowana niew\u0142a\u015bciw\u0105 jako\u015bci\u0105 benzyny oraz brak mo\u017cliwo\u015bci dolecenia przez pilota na najbli\u017csze lotnisko, kt\u00f3re znajduje si\u0119 w Rudnikach pod Cz\u0119stochow\u0105. Ponadto stwierdzono, \u017ce zgodnie z przepisami Prawa lotniczego pilot m\u00f3g\u0142 wyl\u0105dowa\u0107 w miejscu innym ni\u017c lotnisko, gdy\u017c kontynuowanie lotu stanowi\u0142oby potencjalne zagro\u017cenie dla bezpiecze\u0144stwa statku powietrznego. Bior\u0105c to wszystko pod uwag\u0119, prokuratura zdecydowa\u0142a o umorzeniu \u015bledztwa.<\/p>\n","protected":false},"excerpt":{"rendered":"<p>Prokuratura Rejonowa w Cz\u0119stochowie umorzy\u0142a \u015bledztwo w sprawie awaryjnego l\u0105dowania na autostradzie A1 na wysoko\u015bci miejscowo\u015bci Wierzchowisko. Stwierdzono, \u017ce pilot musia\u0142 l\u0105dowa\u0107, bo inaczej<\/p>\n","protected":false},"author":7,"featured_media":69313,"comment_status":"open","ping_status":"open","sticky":false,"template":"","format":"standard","meta":{"_monsterinsights_skip_tracking":false,"_monsterinsights_sitenote_active":false,"_monsterinsights_sitenote_note":"","_monsterinsights_sitenote_category":0,"_uf_show_specific_survey":0,"_uf_disable_surveys":false,"footnotes":""},"categories":[94,4,2],"tags":[],"class_list":["post-69311","post","type-post","status-publish","format-standard","has-post-thumbnail","hentry","category-polecane","category-region","category-wiadomosci"],"_links":{"self":[{"href":"https:\/\/gazetaregionalna.com\/index.php?rest_route=\/wp\/v2\/posts\/69311","targetHints":{"allow":["GET"]}}],"collection":[{"href":"https:\/\/gazetaregionalna.com\/index.php?rest_route=\/wp\/v2\/posts"}],"about":[{"href":"https:\/\/gazetaregionalna.com\/index.php?rest_route=\/wp\/v2\/types\/post"}],"author":[{"embeddable":true,"href":"https:\/\/gazetaregionalna.com\/index.php?rest_route=\/wp\/v2\/users\/7"}],"replies":[{"embeddable":true,"href":"https:\/\/gazetaregionalna.com\/index.php?rest_route=%2Fwp%2Fv2%2Fcomments&post=69311"}],"version-history":[{"count":1,"href":"https:\/\/gazetaregionalna.com\/index.php?rest_route=\/wp\/v2\/posts\/69311\/revisions"}],"predecessor-version":[{"id":69312,"href":"https:\/\/gazetaregionalna.com\/index.php?rest_route=\/wp\/v2\/posts\/69311\/revisions\/69312"}],"wp:featuredmedia":[{"embeddable":true,"href":"https:\/\/gazetaregionalna.com\/index.php?rest_route=\/wp\/v2\/media\/69313"}],"wp:attachment":[{"href":"https:\/\/gazetaregionalna.com\/index.php?rest_route=%2Fwp%2Fv2%2Fmedia&parent=69311"}],"wp:term":[{"taxonomy":"category","embeddable":true,"href":"https:\/\/gazetaregionalna.com\/index.php?rest_route=%2Fwp%2Fv2%2Fcategories&post=69311"},{"taxonomy":"post_tag","embeddable":true,"href":"https:\/\/gazetaregionalna.com\/index.php?rest_route=%2Fwp%2Fv2%2Ftags&post=69311"}],"curies":[{"name":"wp","href":"https:\/\/api.w.org\/{rel}","templated":true}]}}