{"id":6927,"date":"2019-10-05T10:26:47","date_gmt":"2019-10-05T10:26:47","guid":{"rendered":"https:\/\/gazetaregionalna.com\/?p=6927"},"modified":"2019-10-04T10:29:15","modified_gmt":"2019-10-04T10:29:15","slug":"miejska-komunikacja-monitorowana","status":"publish","type":"post","link":"https:\/\/gazetaregionalna.com\/?p=6927","title":{"rendered":"Miejska komunikacja monitorowana"},"content":{"rendered":"\n<p>\nCzy&nbsp;tramwaj\nprzyjedzie na czas, a autobus, na kt\u00f3ry czekamy nie utkn\u0105\u0142 w\nkorku, tego niebawem na bie\u017c\u0105co b\u0119d\u0105 si\u0119 mogli dowiedzie\u0107\ncz\u0119stochowianie korzystaj\u0105cy z us\u0142ug MPK.&nbsp;W Cz\u0119stochowie\nwzorem&nbsp;innych\nmiast, powstaje Systemu Dynamicznej Informacji Pasa\u017cerskiej. B\u0119dzie\non monitorowa\u0142 sytuacj\u0119 na cz\u0119stochowskich ulicach i informowa\u0142 o\nniej pasa\u017cer\u00f3w.<br>\nObecnie\ntrwa monta\u017c wysi\u0119gnik\u00f3w, na kt\u00f3rych zamontowane b\u0119d\u0105 urz\u0105dzenia\nmonitoruj\u0105ce warunki na drogach i przejazd miejskich autobus\u00f3w i\ntramwaj\u00f3w. W po\u0142owie zaplanowanych miejsc wysi\u0119gniki te ju\u017c\nzosta\u0142y zainstalowane.\nPojawi\u0142y si\u0119 m.in. na Placu Daszy\u0144skiego oraz w Alejach.<br>\nB\u0119d\u0105\numieszczone tak\u017ce\nprzy budowanych w\u0142a\u015bnie centrach przesiadkowych, m.in. na ul.\nPi\u0142sudskiego.<br>\nPozosta\u0142e\nzostan\u0105 zamontowane w 47 kolejnych lokalizacjach. \n<\/p>\n\n\n\n<figure class=\"wp-block-image\"><img decoding=\"async\" width=\"1024\" height=\"576\" data-src=\"https:\/\/gazetaregionalna.com\/wp-content\/uploads\/2019\/10\/20191004_101011-1024x576.jpg\" alt=\"\" class=\"wp-image-6928 lazyload\" data-srcset=\"https:\/\/gazetaregionalna.com\/wp-content\/uploads\/2019\/10\/20191004_101011-1024x576.jpg 1024w, https:\/\/gazetaregionalna.com\/wp-content\/uploads\/2019\/10\/20191004_101011-300x169.jpg 300w, https:\/\/gazetaregionalna.com\/wp-content\/uploads\/2019\/10\/20191004_101011-768x432.jpg 768w, https:\/\/gazetaregionalna.com\/wp-content\/uploads\/2019\/10\/20191004_101011-696x392.jpg 696w, https:\/\/gazetaregionalna.com\/wp-content\/uploads\/2019\/10\/20191004_101011-1068x601.jpg 1068w, https:\/\/gazetaregionalna.com\/wp-content\/uploads\/2019\/10\/20191004_101011-747x420.jpg 747w, https:\/\/gazetaregionalna.com\/wp-content\/uploads\/2019\/10\/20191004_101011.jpg 1200w\" data-sizes=\"(max-width: 1024px) 100vw, 1024px\" src=\"data:image\/svg+xml;base64,PHN2ZyB3aWR0aD0iMSIgaGVpZ2h0PSIxIiB4bWxucz0iaHR0cDovL3d3dy53My5vcmcvMjAwMC9zdmciPjwvc3ZnPg==\" style=\"--smush-placeholder-width: 1024px; --smush-placeholder-aspect-ratio: 1024\/576;\" \/><\/figure>\n\n\n\n<p> W sumie \u2013 wszystkie urz\u0105dzenia, jako zintegrowane i cyfrowe tablice zmiennej tre\u015bci &#8211; b\u0119d\u0105 informowa\u0142y o rzeczywistym czasie przyjazd\u00f3w i odjazd\u00f3w autobus\u00f3w oraz tramwaj\u00f3w na najbardziej ucz\u0119szczanych przystankach.<br> <br> &#8211; <em>Dzi\u0119ki formatowi dzia\u0142ania online, System Dynamicznej Informacji Pasa\u017cerskiej umo\u017cliwi ponadto informowanie cz\u0119stochowianek i cz\u0119stochowian o utrudnieniach i zagro\u017ceniach na terenie miasta.<\/em> &#8211; m\u00f3wi rzecznik prasowy MPK i\u00a0MZDiT\u00a0Maciej\u00a0Hasik. &#8211; <em>Po uruchomieniu systemu tysi\u0105cu mieszkaj\u0105cym w Cz\u0119stochowie osobom niedowidz\u0105cym b\u0119d\u0105 wr\u0119czone specjalne piloty, kt\u00f3re umo\u017cliwi\u0105 g\u0142osowe komunikowanie wiadomo\u015bci z tablic.<\/em><br> System zostanie uruchomiony z ko\u0144cem roku. Jego koszt to ok. 3,5 mln z\u0142.<br> Inwestycja, podobnie jak budowa centr\u00f3w przesiadkowych, realizowana jest w ramach programu \u201eLepsza Komunikacja w Cz\u0119stochowie\u201d, kt\u00f3ra prowadzi Miejski Zarz\u0105d Dr\u00f3g i Transportu w Cz\u0119stochowie. <\/p>\n","protected":false},"excerpt":{"rendered":"<p>Czy&nbsp;tramwaj przyjedzie na czas, a autobus, na kt\u00f3ry czekamy nie utkn\u0105\u0142 w korku, tego niebawem na bie\u017c\u0105co b\u0119d\u0105 si\u0119 mogli dowiedzie\u0107 cz\u0119stochowianie korzystaj\u0105cy z<\/p>\n","protected":false},"author":7,"featured_media":6929,"comment_status":"open","ping_status":"open","sticky":false,"template":"","format":"standard","meta":{"_monsterinsights_skip_tracking":false,"_monsterinsights_sitenote_active":false,"_monsterinsights_sitenote_note":"","_monsterinsights_sitenote_category":0,"_uf_show_specific_survey":0,"_uf_disable_surveys":false,"footnotes":""},"categories":[44,3,33,94,2],"tags":[],"class_list":["post-6927","post","type-post","status-publish","format-standard","has-post-thumbnail","hentry","category-bezpieczenstwo","category-czestochowa-informacje","category-inwestycje","category-polecane","category-wiadomosci"],"_links":{"self":[{"href":"https:\/\/gazetaregionalna.com\/index.php?rest_route=\/wp\/v2\/posts\/6927","targetHints":{"allow":["GET"]}}],"collection":[{"href":"https:\/\/gazetaregionalna.com\/index.php?rest_route=\/wp\/v2\/posts"}],"about":[{"href":"https:\/\/gazetaregionalna.com\/index.php?rest_route=\/wp\/v2\/types\/post"}],"author":[{"embeddable":true,"href":"https:\/\/gazetaregionalna.com\/index.php?rest_route=\/wp\/v2\/users\/7"}],"replies":[{"embeddable":true,"href":"https:\/\/gazetaregionalna.com\/index.php?rest_route=%2Fwp%2Fv2%2Fcomments&post=6927"}],"version-history":[{"count":1,"href":"https:\/\/gazetaregionalna.com\/index.php?rest_route=\/wp\/v2\/posts\/6927\/revisions"}],"predecessor-version":[{"id":6930,"href":"https:\/\/gazetaregionalna.com\/index.php?rest_route=\/wp\/v2\/posts\/6927\/revisions\/6930"}],"wp:featuredmedia":[{"embeddable":true,"href":"https:\/\/gazetaregionalna.com\/index.php?rest_route=\/wp\/v2\/media\/6929"}],"wp:attachment":[{"href":"https:\/\/gazetaregionalna.com\/index.php?rest_route=%2Fwp%2Fv2%2Fmedia&parent=6927"}],"wp:term":[{"taxonomy":"category","embeddable":true,"href":"https:\/\/gazetaregionalna.com\/index.php?rest_route=%2Fwp%2Fv2%2Fcategories&post=6927"},{"taxonomy":"post_tag","embeddable":true,"href":"https:\/\/gazetaregionalna.com\/index.php?rest_route=%2Fwp%2Fv2%2Ftags&post=6927"}],"curies":[{"name":"wp","href":"https:\/\/api.w.org\/{rel}","templated":true}]}}