{"id":6922,"date":"2019-10-05T09:58:24","date_gmt":"2019-10-05T09:58:24","guid":{"rendered":"https:\/\/gazetaregionalna.com\/?p=6922"},"modified":"2019-10-04T10:03:08","modified_gmt":"2019-10-04T10:03:08","slug":"kominiarze-apeluja-o-zachowanie-bezpieczenstwa","status":"publish","type":"post","link":"https:\/\/gazetaregionalna.com\/?p=6922","title":{"rendered":"Kominiarze apeluj\u0105 o zachowanie bezpiecze\u0144stwa"},"content":{"rendered":"\n<p> W zwi\u0105zku z rozpoczynaj\u0105cym si\u0119 sezonem grzewczym, Krajowa Izba Kominiarzy przypomina w\u0142a\u015bcicielom i zarz\u0105dcom budynk\u00f3w o obowi\u0105zkach zwi\u0105zanych z bezpiecznym u\u017cytkowaniem przewod\u00f3w kominowych. Wystosowa\u0142a w tej sprawie apel, kt\u00f3ry rozes\u0142any zosta\u0142 m.in. do samorz\u0105d\u00f3w.<\/p>\n\n\n\n<figure class=\"wp-block-image\"><img decoding=\"async\" width=\"1024\" height=\"682\" data-src=\"https:\/\/gazetaregionalna.com\/wp-content\/uploads\/2019\/10\/koniny-2-1024x682.jpg\" alt=\"\" class=\"wp-image-6923 lazyload\" data-srcset=\"https:\/\/gazetaregionalna.com\/wp-content\/uploads\/2019\/10\/koniny-2-1024x682.jpg 1024w, https:\/\/gazetaregionalna.com\/wp-content\/uploads\/2019\/10\/koniny-2-300x200.jpg 300w, https:\/\/gazetaregionalna.com\/wp-content\/uploads\/2019\/10\/koniny-2-768x512.jpg 768w, https:\/\/gazetaregionalna.com\/wp-content\/uploads\/2019\/10\/koniny-2-696x464.jpg 696w, https:\/\/gazetaregionalna.com\/wp-content\/uploads\/2019\/10\/koniny-2-1068x712.jpg 1068w, https:\/\/gazetaregionalna.com\/wp-content\/uploads\/2019\/10\/koniny-2-630x420.jpg 630w, https:\/\/gazetaregionalna.com\/wp-content\/uploads\/2019\/10\/koniny-2.jpg 1200w\" data-sizes=\"(max-width: 1024px) 100vw, 1024px\" src=\"data:image\/svg+xml;base64,PHN2ZyB3aWR0aD0iMSIgaGVpZ2h0PSIxIiB4bWxucz0iaHR0cDovL3d3dy53My5vcmcvMjAwMC9zdmciPjwvc3ZnPg==\" style=\"--smush-placeholder-width: 1024px; --smush-placeholder-aspect-ratio: 1024\/682;\" \/><\/figure>\n\n\n\n<p><br> Kominiarze przypominaj\u0105, \u017ce komin b\u0119d\u0105cy bardzo istotnym elementem budynku, chocia\u017c zajmuj\u0105cym tylko niewielk\u0105 jego powierzchni\u0119, mo\u017ce te\u017c by\u0107 niezwykle gro\u017any. Je\u017celi komin nie jest na bie\u017c\u0105co czyszczony lub \u017ale eksploatowany, to zgromadzona w nim sadza mo\u017ce by\u0107 niezwykle gro\u017ana. W razie pojawienia si\u0119 ognia budynek i mieszkaj\u0105cy w nim ludzie s\u0105 zagro\u017ceni. Temperatura pal\u0105cej si\u0119 sadzy przekracza a\u017c 1000 stopni Celsjusza.<br> Jak wynika ze statystyk Pa\u0144stwowej Stra\u017cy Po\u017carnej, ka\u017cdego roku w Polsce odnotowuje\u00a0si\u0119\u00a0kilkana\u015bcie tysi\u0119cy po\u017car\u00f3w spowodowanych wadami lub nieprawid\u0142ow\u0105 eksploatacj\u0105 urz\u0105dze\u0144 ogrzewczych.<br> W roku 2018 odnotowano 15.882 po\u017cary od urz\u0105dze\u0144 ogrzewczych na paliwa sta\u0142e, 257 po\u017car\u00f3w od urz\u0105dze\u0144 na paliwa ciek\u0142e i 546 po\u017car\u00f3w od urz\u0105dze\u0144 na paliwa gazowe.<br> Gro\u017any jest nie tylko ogie\u0144, ale tak\u017ce tlenek w\u0119gla.<br> Nieprawid\u0142owa eksploatacja przewod\u00f3w kominowych grozi tak\u017ce zatruciem tlenkiem w\u0119gla, popularnie zwanym czadem.<br> W sezonie ogrzewczym 2018\/2019 Pa\u0144stwowa Sta\u017c Po\u017carna odnotowa\u0142a 3.842 zdarzenia zwi\u0105zane z tlenkiem w\u0119gla, w tym 2.024 osoby poszkodowane i 52 ofiar \u015bmiertelnych. (dane statystyczne KG PSP).<br> &#8211;<em> Kominy: instalacj\u0119 dymow\u0105, spalinow\u0105 oraz wentylacyjn\u0105 nale\u017cy poddawa\u0107 okresowej kontroli, oraz czyszczeniu przez uprawnionego kominiar<\/em>za \u2013 napisa\u0142 w swoim apelu Prezes Krajowej Izby Kominiarzy Marcin\u00a0Ziombski. &#8211; <em>Profesjonalna kontrola kominiarska to nie tylko formalno\u015b\u0107, lecz g\u0142\u00f3wna zasada bezpiecze\u0144stwa, zapobiega zaczadzeniom, po\u017carom, spe\u0142niaj\u0105c jeden z podstawowych warunk\u00f3w ubezpieczenia domu.<\/em><br> Kominiarze przypominaj\u0105 tak\u017ce, \u017ce w jesieni\u0105 i zim\u0105 szczeg\u00f3lnie trzeba dba\u0107 o w\u0142a\u015bciw\u0105 wentylacj\u0119 pomieszcze\u0144. Aby unikn\u0105\u0107 tragedii, nie tylko trzeba wietrzy\u0107 mieszkania i domy, ale tak\u017ce warto zaopatrzy\u0107 w czujnik tlenk\u00f3w w\u0119gla, kt\u00f3ry zaalarmuje nas w razie pojawienia \u015bmiertelnie gro\u017anego czadu.<br> <br> <\/p>\n","protected":false},"excerpt":{"rendered":"<p>W zwi\u0105zku z rozpoczynaj\u0105cym si\u0119 sezonem grzewczym, Krajowa Izba Kominiarzy przypomina w\u0142a\u015bcicielom i zarz\u0105dcom budynk\u00f3w o obowi\u0105zkach zwi\u0105zanych z bezpiecznym u\u017cytkowaniem przewod\u00f3w kominowych. Wystosowa\u0142a<\/p>\n","protected":false},"author":7,"featured_media":6924,"comment_status":"open","ping_status":"open","sticky":false,"template":"","format":"standard","meta":{"_monsterinsights_skip_tracking":false,"_monsterinsights_sitenote_active":false,"_monsterinsights_sitenote_note":"","_monsterinsights_sitenote_category":0,"_uf_show_specific_survey":0,"_uf_disable_surveys":false,"footnotes":""},"categories":[44,3,94,2],"tags":[],"class_list":["post-6922","post","type-post","status-publish","format-standard","has-post-thumbnail","hentry","category-bezpieczenstwo","category-czestochowa-informacje","category-polecane","category-wiadomosci"],"_links":{"self":[{"href":"https:\/\/gazetaregionalna.com\/index.php?rest_route=\/wp\/v2\/posts\/6922","targetHints":{"allow":["GET"]}}],"collection":[{"href":"https:\/\/gazetaregionalna.com\/index.php?rest_route=\/wp\/v2\/posts"}],"about":[{"href":"https:\/\/gazetaregionalna.com\/index.php?rest_route=\/wp\/v2\/types\/post"}],"author":[{"embeddable":true,"href":"https:\/\/gazetaregionalna.com\/index.php?rest_route=\/wp\/v2\/users\/7"}],"replies":[{"embeddable":true,"href":"https:\/\/gazetaregionalna.com\/index.php?rest_route=%2Fwp%2Fv2%2Fcomments&post=6922"}],"version-history":[{"count":1,"href":"https:\/\/gazetaregionalna.com\/index.php?rest_route=\/wp\/v2\/posts\/6922\/revisions"}],"predecessor-version":[{"id":6925,"href":"https:\/\/gazetaregionalna.com\/index.php?rest_route=\/wp\/v2\/posts\/6922\/revisions\/6925"}],"wp:featuredmedia":[{"embeddable":true,"href":"https:\/\/gazetaregionalna.com\/index.php?rest_route=\/wp\/v2\/media\/6924"}],"wp:attachment":[{"href":"https:\/\/gazetaregionalna.com\/index.php?rest_route=%2Fwp%2Fv2%2Fmedia&parent=6922"}],"wp:term":[{"taxonomy":"category","embeddable":true,"href":"https:\/\/gazetaregionalna.com\/index.php?rest_route=%2Fwp%2Fv2%2Fcategories&post=6922"},{"taxonomy":"post_tag","embeddable":true,"href":"https:\/\/gazetaregionalna.com\/index.php?rest_route=%2Fwp%2Fv2%2Ftags&post=6922"}],"curies":[{"name":"wp","href":"https:\/\/api.w.org\/{rel}","templated":true}]}}