{"id":69217,"date":"2022-01-09T16:39:51","date_gmt":"2022-01-09T16:39:51","guid":{"rendered":"https:\/\/gazetaregionalna.com\/?p=69217"},"modified":"2022-01-09T16:39:51","modified_gmt":"2022-01-09T16:39:51","slug":"zwyciestwo-i-dwa-punkty-dla-basket-hills-bielsko-biala","status":"publish","type":"post","link":"https:\/\/gazetaregionalna.com\/?p=69217","title":{"rendered":"Zwyci\u0119stwo i dwa punkty dla Basket Hills Bielsko-Bia\u0142a"},"content":{"rendered":"\n<p>Koszykarze AZS Cz\u0119stochowa przegrali w sobot\u0119 w Hali Polonia z Basket Hills Bielsko-Bia\u0142a 73:90.<\/p>\n\n\n\n<p>Przed meczem faworytem byli go\u015bcie, kt\u00f3rzy w tabeli 3 grupy 2 ligi zajmowali wysokie 3. miejsce. Koszykarze Basket Hills przyjechali do Cz\u0119stochowy po 14 zwyci\u0119stwo i sw\u00f3j cel zrealizowali.<\/p>\n\n\n\n<p>W pierwszej kwarcie meczu gospodarze grali dobrze i nie przestraszyli si\u0119 faworyzowanych rywali. AZS przegra\u0142 jednak 19:25. Na przerw\u0119 Basket Hills schodzi\u0142 prowadz\u0105c 49:37. Po trzeciej kwarcie rywale powi\u0119kszyli przewag\u0119 do 19 punkt\u00f3w.<\/p>\n\n\n\n<p>Jedynie w ostatnich dziesi\u0119ciu minutach gry AZS wygra\u0142 21:19 i zniwelowa\u0142 strat\u0119 do 17 punkt\u00f3w.<\/p>\n\n\n\n<p>W\u015br\u00f3d gospodarzy 18 punkt\u00f3w zdoby\u0142a Dawid J\u00f3zefowski. Punkt mniej rzuci\u0142 Marcin Majcherek. Dwucyfrowy wynik mieli te\u017c Tomasz Nogalski (14) i Przemys\u0142aw \u0141aszewski (10).<\/p>\n\n\n\n<p><strong>AZS Cz\u0119stochowa \u2013 Basket Hills Bielsko-Bia\u0142a 73:90 (19:25, 18:24, 15:22, 21:19)<\/strong><\/p>\n\n\n\n<p>AZS: D. J\u00f3zefowski 18, M. Majcherek 17, T. Nogalski 14, P. \u0141aszewski 10, D. Szulc 7, K. Hajdu\u015b 3, K. Lig\u0119za 2, P. M\u0142ynarczyk 2, D. Rak 0.<\/p>\n\n\n\n<p>AK, foto: AK<\/p>\n\n\n\n<figure class=\"wp-block-image size-large\"><img decoding=\"async\" width=\"1024\" height=\"623\" data-src=\"https:\/\/gazetaregionalna.com\/wp-content\/uploads\/2021\/11\/AZS-Polonia-31-1024x623.jpg\" alt=\"\" class=\"wp-image-65087 lazyload\" data-srcset=\"https:\/\/gazetaregionalna.com\/wp-content\/uploads\/2021\/11\/AZS-Polonia-31-1024x623.jpg 1024w, https:\/\/gazetaregionalna.com\/wp-content\/uploads\/2021\/11\/AZS-Polonia-31-300x183.jpg 300w, https:\/\/gazetaregionalna.com\/wp-content\/uploads\/2021\/11\/AZS-Polonia-31-768x468.jpg 768w, https:\/\/gazetaregionalna.com\/wp-content\/uploads\/2021\/11\/AZS-Polonia-31-1536x935.jpg 1536w, https:\/\/gazetaregionalna.com\/wp-content\/uploads\/2021\/11\/AZS-Polonia-31-2048x1247.jpg 2048w, https:\/\/gazetaregionalna.com\/wp-content\/uploads\/2021\/11\/AZS-Polonia-31-696x424.jpg 696w, https:\/\/gazetaregionalna.com\/wp-content\/uploads\/2021\/11\/AZS-Polonia-31-1068x650.jpg 1068w, https:\/\/gazetaregionalna.com\/wp-content\/uploads\/2021\/11\/AZS-Polonia-31-1920x1169.jpg 1920w, https:\/\/gazetaregionalna.com\/wp-content\/uploads\/2021\/11\/AZS-Polonia-31-690x420.jpg 690w, https:\/\/gazetaregionalna.com\/wp-content\/uploads\/2021\/11\/AZS-Polonia-31-scaled.jpg 1600w\" data-sizes=\"(max-width: 1024px) 100vw, 1024px\" src=\"data:image\/svg+xml;base64,PHN2ZyB3aWR0aD0iMSIgaGVpZ2h0PSIxIiB4bWxucz0iaHR0cDovL3d3dy53My5vcmcvMjAwMC9zdmciPjwvc3ZnPg==\" style=\"--smush-placeholder-width: 1024px; --smush-placeholder-aspect-ratio: 1024\/623;\" \/><\/figure>\n\n\n\n<figure class=\"wp-block-image size-large\"><img decoding=\"async\" width=\"1024\" height=\"702\" data-src=\"https:\/\/gazetaregionalna.com\/wp-content\/uploads\/2021\/11\/AZS-Polonia-00-1024x702.jpg\" alt=\"\" class=\"wp-image-65085 lazyload\" data-srcset=\"https:\/\/gazetaregionalna.com\/wp-content\/uploads\/2021\/11\/AZS-Polonia-00-1024x702.jpg 1024w, https:\/\/gazetaregionalna.com\/wp-content\/uploads\/2021\/11\/AZS-Polonia-00-300x206.jpg 300w, https:\/\/gazetaregionalna.com\/wp-content\/uploads\/2021\/11\/AZS-Polonia-00-768x526.jpg 768w, https:\/\/gazetaregionalna.com\/wp-content\/uploads\/2021\/11\/AZS-Polonia-00-1536x1053.jpg 1536w, https:\/\/gazetaregionalna.com\/wp-content\/uploads\/2021\/11\/AZS-Polonia-00-2048x1404.jpg 2048w, https:\/\/gazetaregionalna.com\/wp-content\/uploads\/2021\/11\/AZS-Polonia-00-218x150.jpg 218w, https:\/\/gazetaregionalna.com\/wp-content\/uploads\/2021\/11\/AZS-Polonia-00-696x477.jpg 696w, https:\/\/gazetaregionalna.com\/wp-content\/uploads\/2021\/11\/AZS-Polonia-00-1068x732.jpg 1068w, https:\/\/gazetaregionalna.com\/wp-content\/uploads\/2021\/11\/AZS-Polonia-00-1920x1316.jpg 1920w, https:\/\/gazetaregionalna.com\/wp-content\/uploads\/2021\/11\/AZS-Polonia-00-613x420.jpg 613w, https:\/\/gazetaregionalna.com\/wp-content\/uploads\/2021\/11\/AZS-Polonia-00-100x70.jpg 100w, https:\/\/gazetaregionalna.com\/wp-content\/uploads\/2021\/11\/AZS-Polonia-00-scaled.jpg 1600w\" data-sizes=\"(max-width: 1024px) 100vw, 1024px\" src=\"data:image\/svg+xml;base64,PHN2ZyB3aWR0aD0iMSIgaGVpZ2h0PSIxIiB4bWxucz0iaHR0cDovL3d3dy53My5vcmcvMjAwMC9zdmciPjwvc3ZnPg==\" style=\"--smush-placeholder-width: 1024px; --smush-placeholder-aspect-ratio: 1024\/702;\" \/><\/figure>\n\n\n\n<figure class=\"wp-block-image size-large\"><img decoding=\"async\" width=\"1024\" height=\"683\" data-src=\"https:\/\/gazetaregionalna.com\/wp-content\/uploads\/2021\/11\/AZS-Polonia-000-1024x683.jpg\" alt=\"\" class=\"wp-image-65084 lazyload\" data-srcset=\"https:\/\/gazetaregionalna.com\/wp-content\/uploads\/2021\/11\/AZS-Polonia-000-1024x683.jpg 1024w, https:\/\/gazetaregionalna.com\/wp-content\/uploads\/2021\/11\/AZS-Polonia-000-300x200.jpg 300w, https:\/\/gazetaregionalna.com\/wp-content\/uploads\/2021\/11\/AZS-Polonia-000-768x512.jpg 768w, https:\/\/gazetaregionalna.com\/wp-content\/uploads\/2021\/11\/AZS-Polonia-000-1536x1024.jpg 1536w, https:\/\/gazetaregionalna.com\/wp-content\/uploads\/2021\/11\/AZS-Polonia-000-2048x1365.jpg 2048w, https:\/\/gazetaregionalna.com\/wp-content\/uploads\/2021\/11\/AZS-Polonia-000-696x464.jpg 696w, https:\/\/gazetaregionalna.com\/wp-content\/uploads\/2021\/11\/AZS-Polonia-000-1068x712.jpg 1068w, https:\/\/gazetaregionalna.com\/wp-content\/uploads\/2021\/11\/AZS-Polonia-000-1920x1280.jpg 1920w, https:\/\/gazetaregionalna.com\/wp-content\/uploads\/2021\/11\/AZS-Polonia-000-630x420.jpg 630w, https:\/\/gazetaregionalna.com\/wp-content\/uploads\/2021\/11\/AZS-Polonia-000-scaled.jpg 1600w\" data-sizes=\"(max-width: 1024px) 100vw, 1024px\" src=\"data:image\/svg+xml;base64,PHN2ZyB3aWR0aD0iMSIgaGVpZ2h0PSIxIiB4bWxucz0iaHR0cDovL3d3dy53My5vcmcvMjAwMC9zdmciPjwvc3ZnPg==\" style=\"--smush-placeholder-width: 1024px; --smush-placeholder-aspect-ratio: 1024\/683;\" \/><\/figure>\n\n\n\n<figure class=\"wp-block-image size-large\"><img decoding=\"async\" width=\"300\" height=\"250\" data-src=\"https:\/\/gazetaregionalna.com\/wp-content\/uploads\/2021\/10\/DMKInvest2.jpg\" alt=\"\" class=\"wp-image-58380 lazyload\" src=\"data:image\/svg+xml;base64,PHN2ZyB3aWR0aD0iMSIgaGVpZ2h0PSIxIiB4bWxucz0iaHR0cDovL3d3dy53My5vcmcvMjAwMC9zdmciPjwvc3ZnPg==\" style=\"--smush-placeholder-width: 300px; --smush-placeholder-aspect-ratio: 300\/250;\"><\/figure>\n","protected":false},"excerpt":{"rendered":"<p>Koszykarze AZS Cz\u0119stochowa przegrali w sobot\u0119 w Hali Polonia z Basket Hills Bielsko-Bia\u0142a 73:90. Przed meczem faworytem byli go\u015bcie, kt\u00f3rzy w tabeli 3 grupy<\/p>\n","protected":false},"author":15,"featured_media":65086,"comment_status":"open","ping_status":"open","sticky":false,"template":"","format":"standard","meta":{"_monsterinsights_skip_tracking":false,"_monsterinsights_sitenote_active":false,"_monsterinsights_sitenote_note":"","_monsterinsights_sitenote_category":0,"_uf_show_specific_survey":0,"_uf_disable_surveys":false,"footnotes":""},"categories":[5,9],"tags":[],"class_list":["post-69217","post","type-post","status-publish","format-standard","has-post-thumbnail","hentry","category-sport","category-koszykowka"],"_links":{"self":[{"href":"https:\/\/gazetaregionalna.com\/index.php?rest_route=\/wp\/v2\/posts\/69217","targetHints":{"allow":["GET"]}}],"collection":[{"href":"https:\/\/gazetaregionalna.com\/index.php?rest_route=\/wp\/v2\/posts"}],"about":[{"href":"https:\/\/gazetaregionalna.com\/index.php?rest_route=\/wp\/v2\/types\/post"}],"author":[{"embeddable":true,"href":"https:\/\/gazetaregionalna.com\/index.php?rest_route=\/wp\/v2\/users\/15"}],"replies":[{"embeddable":true,"href":"https:\/\/gazetaregionalna.com\/index.php?rest_route=%2Fwp%2Fv2%2Fcomments&post=69217"}],"version-history":[{"count":1,"href":"https:\/\/gazetaregionalna.com\/index.php?rest_route=\/wp\/v2\/posts\/69217\/revisions"}],"predecessor-version":[{"id":69218,"href":"https:\/\/gazetaregionalna.com\/index.php?rest_route=\/wp\/v2\/posts\/69217\/revisions\/69218"}],"wp:featuredmedia":[{"embeddable":true,"href":"https:\/\/gazetaregionalna.com\/index.php?rest_route=\/wp\/v2\/media\/65086"}],"wp:attachment":[{"href":"https:\/\/gazetaregionalna.com\/index.php?rest_route=%2Fwp%2Fv2%2Fmedia&parent=69217"}],"wp:term":[{"taxonomy":"category","embeddable":true,"href":"https:\/\/gazetaregionalna.com\/index.php?rest_route=%2Fwp%2Fv2%2Fcategories&post=69217"},{"taxonomy":"post_tag","embeddable":true,"href":"https:\/\/gazetaregionalna.com\/index.php?rest_route=%2Fwp%2Fv2%2Ftags&post=69217"}],"curies":[{"name":"wp","href":"https:\/\/api.w.org\/{rel}","templated":true}]}}