{"id":6894,"date":"2019-10-04T07:20:49","date_gmt":"2019-10-04T07:20:49","guid":{"rendered":"https:\/\/gazetaregionalna.com\/?p=6894"},"modified":"2019-10-04T07:21:15","modified_gmt":"2019-10-04T07:21:15","slug":"6894-2","status":"publish","type":"post","link":"https:\/\/gazetaregionalna.com\/?p=6894","title":{"rendered":"Tragedia na drodze"},"content":{"rendered":"\n<p> Policjanci z Komendy Powiatowej Policji w Radomsku pod nadzorem prokuratora badaj\u0105 okoliczno\u015bci tragedii, kt\u00f3ra wydarzy\u0142a si\u0119 na drodze krajowej nr 91  w miejscowo\u015bci Bobry. W zderzeniu dw\u00f3ch samochod\u00f3w na miejscu zgin\u0119\u0142y tam cztery osoby.<\/p>\n\n\n\n<figure class=\"wp-block-image is-resized\"><img decoding=\"async\" data-src=\"https:\/\/gazetaregionalna.com\/wp-content\/uploads\/2019\/10\/policja.jpg\" alt=\"\" class=\"wp-image-6792 lazyload\" width=\"528\" height=\"317\" src=\"data:image\/svg+xml;base64,PHN2ZyB3aWR0aD0iMSIgaGVpZ2h0PSIxIiB4bWxucz0iaHR0cDovL3d3dy53My5vcmcvMjAwMC9zdmciPjwvc3ZnPg==\" style=\"--smush-placeholder-width: 528px; --smush-placeholder-aspect-ratio: 528\/317;\"><\/figure>\n\n\n\n<p>\nW\nmiejscowo\u015bci Bobry, pod Radomskiem dosz\u0142o do czo\u0142owego zderzenia\ncitroena jumpera i fiata uno. Ze wst\u0119pnych ustale\u0144 wynika, \u017ce na\nprostym odcinku drogi kieruj\u0105cy samochodem dostawczym citroen jumper\n57-letni m\u0119\u017cczyzna z niewyja\u015bnionych przyczyn zjecha\u0142 na\nprzeciwleg\u0142y pas ruchu i uderzy\u0142 w jad\u0105ce z naprzeciwka uno.\nFiatem podr\u00f3\u017cowa\u0142y cztery osoby. Trzech m\u0119\u017cczyzn i kobieta.\nWszyscy zgin\u0119li na miejscu. \n<\/p>\n\n\n\n<p>Jak\nwykaza\u0142y badania, kieruj\u0105cy\ncitroenem by\u0142 trze\u017awy. \n<\/p>\n","protected":false},"excerpt":{"rendered":"<p>Policjanci z Komendy Powiatowej Policji w Radomsku pod nadzorem prokuratora badaj\u0105 okoliczno\u015bci tragedii, kt\u00f3ra wydarzy\u0142a si\u0119 na drodze krajowej nr 91 w miejscowo\u015bci Bobry.<\/p>\n","protected":false},"author":7,"featured_media":6895,"comment_status":"open","ping_status":"open","sticky":false,"template":"","format":"standard","meta":{"_monsterinsights_skip_tracking":false,"_monsterinsights_sitenote_active":false,"_monsterinsights_sitenote_note":"","_monsterinsights_sitenote_category":0,"_uf_show_specific_survey":0,"_uf_disable_surveys":false,"footnotes":""},"categories":[94,28,2],"tags":[],"class_list":["post-6894","post","type-post","status-publish","format-standard","has-post-thumbnail","hentry","category-polecane","category-radomsko","category-wiadomosci"],"_links":{"self":[{"href":"https:\/\/gazetaregionalna.com\/index.php?rest_route=\/wp\/v2\/posts\/6894","targetHints":{"allow":["GET"]}}],"collection":[{"href":"https:\/\/gazetaregionalna.com\/index.php?rest_route=\/wp\/v2\/posts"}],"about":[{"href":"https:\/\/gazetaregionalna.com\/index.php?rest_route=\/wp\/v2\/types\/post"}],"author":[{"embeddable":true,"href":"https:\/\/gazetaregionalna.com\/index.php?rest_route=\/wp\/v2\/users\/7"}],"replies":[{"embeddable":true,"href":"https:\/\/gazetaregionalna.com\/index.php?rest_route=%2Fwp%2Fv2%2Fcomments&post=6894"}],"version-history":[{"count":2,"href":"https:\/\/gazetaregionalna.com\/index.php?rest_route=\/wp\/v2\/posts\/6894\/revisions"}],"predecessor-version":[{"id":6897,"href":"https:\/\/gazetaregionalna.com\/index.php?rest_route=\/wp\/v2\/posts\/6894\/revisions\/6897"}],"wp:featuredmedia":[{"embeddable":true,"href":"https:\/\/gazetaregionalna.com\/index.php?rest_route=\/wp\/v2\/media\/6895"}],"wp:attachment":[{"href":"https:\/\/gazetaregionalna.com\/index.php?rest_route=%2Fwp%2Fv2%2Fmedia&parent=6894"}],"wp:term":[{"taxonomy":"category","embeddable":true,"href":"https:\/\/gazetaregionalna.com\/index.php?rest_route=%2Fwp%2Fv2%2Fcategories&post=6894"},{"taxonomy":"post_tag","embeddable":true,"href":"https:\/\/gazetaregionalna.com\/index.php?rest_route=%2Fwp%2Fv2%2Ftags&post=6894"}],"curies":[{"name":"wp","href":"https:\/\/api.w.org\/{rel}","templated":true}]}}