{"id":68662,"date":"2022-01-03T08:42:59","date_gmt":"2022-01-03T08:42:59","guid":{"rendered":"https:\/\/gazetaregionalna.com\/?p=68662"},"modified":"2022-01-03T14:03:48","modified_gmt":"2022-01-03T14:03:48","slug":"wystawa-fotografii-fotoklub","status":"publish","type":"post","link":"https:\/\/gazetaregionalna.com\/?p=68662","title":{"rendered":"III Wystawa Fotografii Cz\u0142onk\u00f3w Jurajskiego Fotoklubu Cz\u0119stochowa"},"content":{"rendered":"\n<h2 class=\"wp-block-heading\">10 stycznia udost\u0119pniona zostanie III Wystawa Fotografii Cz\u0142onk\u00f3w Jurajskiego Fotoklubu Cz\u0119stochowa. Do jej ogl\u0105dania zaprasza Regionalny O\u015brodek Kultury w Cz\u0119stochowie.<\/h2>\n\n\n\n<p>To ju\u017c trzecia zbiorowa wystawa fotografii cz\u0142onk\u00f3w Jurajskiego Fotoklubu Cz\u0119stochowa. Ekspozycja na pewno prezentowana b\u0119dzie w internecie, za\u015b to, czy b\u0119dzie j\u0105 mo\u017cna ogl\u0105da\u0107 tak\u017ce w Galerii ARTFOTO Regionalnego O\u015brodka Kultury w Cz\u0119stochowie, zale\u017cy od obowi\u0105zuj\u0105cych obostrze\u0144. Czas prezentacji przewidziano od 10 stycznia do ko\u0144ca miesi\u0105ca.<\/p>\n\n\n\n<p>Na ekspozycj\u0119 z\u0142o\u017cy\u0142y si\u0119 zdj\u0119cia 30 autor\u00f3w, w tym S\u0142awomira Jod\u0142owskiego, prezesa Jurajskiego Fotoklubu Cz\u0119stochowa i Jaros\u0142awa Duma\u0144skiego, cz\u0142onka zarz\u0105du fotoklubu. Ich wpisy otwieraj\u0105 katalog towarzysz\u0105cy wystawie. Katalog roku pandemicznego, w kt\u00f3rym zar\u00f3wno dzia\u0142ania klubowe, jak i liczba cz\u0142onk\u00f3w uleg\u0142a ograniczeniu.<\/p>\n\n\n\n<figure class=\"wp-block-gallery columns-2 is-cropped wp-block-gallery-1 is-layout-flex wp-block-gallery-is-layout-flex\"><ul class=\"blocks-gallery-grid\"><li class=\"blocks-gallery-item\"><figure><img decoding=\"async\" width=\"739\" height=\"1024\" data-src=\"https:\/\/gazetaregionalna.com\/wp-content\/uploads\/2022\/01\/20181201_222541Kmiecik-Magda-739x1024.jpg\" alt=\"\" data-id=\"68675\" data-full-url=\"https:\/\/gazetaregionalna.com\/wp-content\/uploads\/2022\/01\/20181201_222541Kmiecik-Magda-scaled.jpg\" data-link=\"https:\/\/gazetaregionalna.com\/wystawa-fotografii-fotoklub\/20181201_222541kmiecik-magda\/\" class=\"wp-image-68675 lazyload\" data-srcset=\"https:\/\/gazetaregionalna.com\/wp-content\/uploads\/2022\/01\/20181201_222541Kmiecik-Magda-739x1024.jpg 739w, https:\/\/gazetaregionalna.com\/wp-content\/uploads\/2022\/01\/20181201_222541Kmiecik-Magda-216x300.jpg 216w, https:\/\/gazetaregionalna.com\/wp-content\/uploads\/2022\/01\/20181201_222541Kmiecik-Magda-768x1064.jpg 768w, https:\/\/gazetaregionalna.com\/wp-content\/uploads\/2022\/01\/20181201_222541Kmiecik-Magda-1108x1536.jpg 1108w, https:\/\/gazetaregionalna.com\/wp-content\/uploads\/2022\/01\/20181201_222541Kmiecik-Magda-1478x2048.jpg 1478w, https:\/\/gazetaregionalna.com\/wp-content\/uploads\/2022\/01\/20181201_222541Kmiecik-Magda-696x964.jpg 696w, https:\/\/gazetaregionalna.com\/wp-content\/uploads\/2022\/01\/20181201_222541Kmiecik-Magda-1068x1480.jpg 1068w, https:\/\/gazetaregionalna.com\/wp-content\/uploads\/2022\/01\/20181201_222541Kmiecik-Magda-1920x2661.jpg 1920w, https:\/\/gazetaregionalna.com\/wp-content\/uploads\/2022\/01\/20181201_222541Kmiecik-Magda-303x420.jpg 303w, https:\/\/gazetaregionalna.com\/wp-content\/uploads\/2022\/01\/20181201_222541Kmiecik-Magda-scaled.jpg 1154w\" data-sizes=\"(max-width: 739px) 100vw, 739px\" src=\"data:image\/svg+xml;base64,PHN2ZyB3aWR0aD0iMSIgaGVpZ2h0PSIxIiB4bWxucz0iaHR0cDovL3d3dy53My5vcmcvMjAwMC9zdmciPjwvc3ZnPg==\" style=\"--smush-placeholder-width: 739px; --smush-placeholder-aspect-ratio: 739\/1024;\" \/><figcaption class=\"blocks-gallery-item__caption\">fot. Magdalena Kmiecik<\/figcaption><\/figure><\/li><li class=\"blocks-gallery-item\"><figure><img decoding=\"async\" width=\"732\" height=\"1024\" data-src=\"https:\/\/gazetaregionalna.com\/wp-content\/uploads\/2022\/01\/Be-like-Michael_K_Muskalski-732x1024.jpg\" alt=\"\" data-id=\"68677\" data-full-url=\"https:\/\/gazetaregionalna.com\/wp-content\/uploads\/2022\/01\/Be-like-Michael_K_Muskalski.jpg\" data-link=\"https:\/\/gazetaregionalna.com\/wystawa-fotografii-fotoklub\/olympus-digital-camera-21\/\" class=\"wp-image-68677 lazyload\" data-srcset=\"https:\/\/gazetaregionalna.com\/wp-content\/uploads\/2022\/01\/Be-like-Michael_K_Muskalski-732x1024.jpg 732w, https:\/\/gazetaregionalna.com\/wp-content\/uploads\/2022\/01\/Be-like-Michael_K_Muskalski-214x300.jpg 214w, https:\/\/gazetaregionalna.com\/wp-content\/uploads\/2022\/01\/Be-like-Michael_K_Muskalski-768x1075.jpg 768w, https:\/\/gazetaregionalna.com\/wp-content\/uploads\/2022\/01\/Be-like-Michael_K_Muskalski-1097x1536.jpg 1097w, https:\/\/gazetaregionalna.com\/wp-content\/uploads\/2022\/01\/Be-like-Michael_K_Muskalski-696x974.jpg 696w, https:\/\/gazetaregionalna.com\/wp-content\/uploads\/2022\/01\/Be-like-Michael_K_Muskalski-1068x1495.jpg 1068w, https:\/\/gazetaregionalna.com\/wp-content\/uploads\/2022\/01\/Be-like-Michael_K_Muskalski-300x420.jpg 300w, https:\/\/gazetaregionalna.com\/wp-content\/uploads\/2022\/01\/Be-like-Michael_K_Muskalski.jpg 1143w\" data-sizes=\"(max-width: 732px) 100vw, 732px\" src=\"data:image\/svg+xml;base64,PHN2ZyB3aWR0aD0iMSIgaGVpZ2h0PSIxIiB4bWxucz0iaHR0cDovL3d3dy53My5vcmcvMjAwMC9zdmciPjwvc3ZnPg==\" style=\"--smush-placeholder-width: 732px; --smush-placeholder-aspect-ratio: 732\/1024;\" \/><figcaption class=\"blocks-gallery-item__caption\">fot. Krzysztof Muskalski<\/figcaption><\/figure><\/li><\/ul><\/figure>\n\n\n\n<h4 class=\"wp-block-heading\">Tematyka wskazuje bogactwo zainteresowa\u0144<\/h4>\n\n\n\n<p>Ca\u0142o\u015bci przewodzi cytat z &#8222;W\u0142adcy pier\u015bcieni&#8221; J.R.R. Tolkiena: &#8222;\u015awiat si\u0119 zmieni\u0142. M\u00f3wi mi to woda. M\u00f3wi mi to ziemia. Wyczuwam to w powietrzu. Wiele z tego, co by\u0142o, zosta\u0142o zatracone (&#8230;)&#8221;.<\/p>\n\n\n\n<p>-Fotografie prezentowane na wystawie w pewnym sensie odzwierciedlaj\u0105 stan \u015bwiadomo\u015bci estetycznej jak i kondycje psychiczn\u0105 autor\u00f3w. Tematyka prac bardzo r\u00f3\u017cnorodna, wskazuje na bogactwo zainteresowa\u0144 wielow\u0105tkowymi tematami fotograficznymi w\u015br\u00f3d cz\u0142onk\u00f3w JFCz. Du\u017co tradycyjnej fotografii, mniej eksperymentalnych poszukiwa\u0144 nowatorskich kontekst\u00f3w wyrazu medium fotograficznego. Nie jest to oczywi\u015bcie zarzut tylko zasugerowanie autorom mo\u017cliwo\u015bci bardziej konceptualnego wyra\u017cania swojej postawy tw\u00f3rczej. Wydaje si\u0119, \u017ce wystaw\u0119 zdominowa\u0142a estetyczna poprawno\u015b\u0107, fotografie ogl\u0105da si\u0119<br>z przyjemno\u015bci\u0105, zachwycaj\u0105c si\u0119 pi\u0119knie podanym widzowi tematem &#8211; pisze S\u0142awomir Jod\u0142owski.<\/p>\n\n\n\n<figure class=\"wp-block-image size-large\"><img decoding=\"async\" width=\"1024\" height=\"683\" data-src=\"https:\/\/gazetaregionalna.com\/wp-content\/uploads\/2022\/01\/slawomir-1024x683.jpg\" alt=\"\" class=\"wp-image-68702 lazyload\" data-srcset=\"https:\/\/gazetaregionalna.com\/wp-content\/uploads\/2022\/01\/slawomir-1024x683.jpg 1024w, https:\/\/gazetaregionalna.com\/wp-content\/uploads\/2022\/01\/slawomir-300x200.jpg 300w, https:\/\/gazetaregionalna.com\/wp-content\/uploads\/2022\/01\/slawomir-768x512.jpg 768w, https:\/\/gazetaregionalna.com\/wp-content\/uploads\/2022\/01\/slawomir-1536x1024.jpg 1536w, https:\/\/gazetaregionalna.com\/wp-content\/uploads\/2022\/01\/slawomir-2048x1365.jpg 2048w, https:\/\/gazetaregionalna.com\/wp-content\/uploads\/2022\/01\/slawomir-696x464.jpg 696w, https:\/\/gazetaregionalna.com\/wp-content\/uploads\/2022\/01\/slawomir-1068x712.jpg 1068w, https:\/\/gazetaregionalna.com\/wp-content\/uploads\/2022\/01\/slawomir-1920x1280.jpg 1920w, https:\/\/gazetaregionalna.com\/wp-content\/uploads\/2022\/01\/slawomir-630x420.jpg 630w, https:\/\/gazetaregionalna.com\/wp-content\/uploads\/2022\/01\/slawomir-scaled.jpg 1600w\" data-sizes=\"(max-width: 1024px) 100vw, 1024px\" src=\"data:image\/svg+xml;base64,PHN2ZyB3aWR0aD0iMSIgaGVpZ2h0PSIxIiB4bWxucz0iaHR0cDovL3d3dy53My5vcmcvMjAwMC9zdmciPjwvc3ZnPg==\" style=\"--smush-placeholder-width: 1024px; --smush-placeholder-aspect-ratio: 1024\/683;\" \/><figcaption>fot. S\u0142awomir Jod\u0142owski<\/figcaption><\/figure>\n\n\n\n<h4 class=\"wp-block-heading\">&#8222;Pasja fotografowania dla ka\u017cdego tw\u00f3rcy jest czym\u015b odmiennym&#8221;<\/h4>\n\n\n\n<p>Gratuluj\u0105c autorom wystawy i \u017cycz\u0105c im &#8222;rozwijania i pog\u0142\u0119biania swoich fotograficznych pasji&#8221; prezes Jurajskiego Fotoklubu Cz\u0119stochowa zaznacza. &#8211; Mnie osobi\u015bcie nieco zabrak\u0142o g\u0142\u0119bszej refleksji, bardziej filozoficznego spojrzenia na \u015bwiat, kt\u00f3ry przecie\u017c w dobie pandemii uleg\u0142 powa\u017cnym zmianom. Pami\u0119tajmy, \u017ce robienie zdj\u0119\u0107 to nie to samo co fotografowanie. Fotografowanie wymaga opr\u00f3cz warsztatu, pewnej koncepcji ustosunkowania si\u0119 do otaczaj\u0105cego \u015bwiata i zasygnalizowania indywidualnego przekazu. Pasja fotografowania dla ka\u017cdego tw\u00f3rcy jest czym\u015b odmiennym i ta rozbie\u017cno\u015b\u0107 postrzegania \u015bwiata jest szczeg\u00f3lnie cenna dla rozwoju osobowo\u015bci cz\u0142owieka jak i kultury jako zjawiska spo\u0142ecznego &#8211; czytamy w katalogu.<\/p>\n\n\n\n<figure class=\"wp-block-gallery columns-2 is-cropped wp-block-gallery-2 is-layout-flex wp-block-gallery-is-layout-flex\"><ul class=\"blocks-gallery-grid\"><li class=\"blocks-gallery-item\"><figure><img decoding=\"async\" width=\"1024\" height=\"768\" data-src=\"https:\/\/gazetaregionalna.com\/wp-content\/uploads\/2022\/01\/ElzbietaSikora-1024x768.jpg\" alt=\"\" data-id=\"68711\" data-full-url=\"https:\/\/gazetaregionalna.com\/wp-content\/uploads\/2022\/01\/ElzbietaSikora-scaled.jpg\" data-link=\"https:\/\/gazetaregionalna.com\/wystawa-fotografii-fotoklub\/elzbietasikora\/\" class=\"wp-image-68711 lazyload\" data-srcset=\"https:\/\/gazetaregionalna.com\/wp-content\/uploads\/2022\/01\/ElzbietaSikora-1024x768.jpg 1024w, https:\/\/gazetaregionalna.com\/wp-content\/uploads\/2022\/01\/ElzbietaSikora-300x225.jpg 300w, https:\/\/gazetaregionalna.com\/wp-content\/uploads\/2022\/01\/ElzbietaSikora-768x576.jpg 768w, https:\/\/gazetaregionalna.com\/wp-content\/uploads\/2022\/01\/ElzbietaSikora-1536x1152.jpg 1536w, https:\/\/gazetaregionalna.com\/wp-content\/uploads\/2022\/01\/ElzbietaSikora-2048x1536.jpg 2048w, https:\/\/gazetaregionalna.com\/wp-content\/uploads\/2022\/01\/ElzbietaSikora-696x522.jpg 696w, https:\/\/gazetaregionalna.com\/wp-content\/uploads\/2022\/01\/ElzbietaSikora-1068x801.jpg 1068w, https:\/\/gazetaregionalna.com\/wp-content\/uploads\/2022\/01\/ElzbietaSikora-1920x1440.jpg 1920w, https:\/\/gazetaregionalna.com\/wp-content\/uploads\/2022\/01\/ElzbietaSikora-560x420.jpg 560w, https:\/\/gazetaregionalna.com\/wp-content\/uploads\/2022\/01\/ElzbietaSikora-80x60.jpg 80w, https:\/\/gazetaregionalna.com\/wp-content\/uploads\/2022\/01\/ElzbietaSikora-265x198.jpg 265w, https:\/\/gazetaregionalna.com\/wp-content\/uploads\/2022\/01\/ElzbietaSikora-scaled.jpg 1600w\" data-sizes=\"(max-width: 1024px) 100vw, 1024px\" src=\"data:image\/svg+xml;base64,PHN2ZyB3aWR0aD0iMSIgaGVpZ2h0PSIxIiB4bWxucz0iaHR0cDovL3d3dy53My5vcmcvMjAwMC9zdmciPjwvc3ZnPg==\" style=\"--smush-placeholder-width: 1024px; --smush-placeholder-aspect-ratio: 1024\/768;\" \/><figcaption class=\"blocks-gallery-item__caption\">Fot. El\u017cbieta Sikora<\/figcaption><\/figure><\/li><li class=\"blocks-gallery-item\"><figure><img decoding=\"async\" width=\"1024\" height=\"683\" data-src=\"https:\/\/gazetaregionalna.com\/wp-content\/uploads\/2022\/01\/IMG_2495Irena-Skowronska-Gondek-1024x683.jpg\" alt=\"\" data-id=\"68707\" data-full-url=\"https:\/\/gazetaregionalna.com\/wp-content\/uploads\/2022\/01\/IMG_2495Irena-Skowronska-Gondek-scaled.jpg\" data-link=\"https:\/\/gazetaregionalna.com\/wystawa-fotografii-fotoklub\/img_2495irena-skowronska-gondek\/\" class=\"wp-image-68707 lazyload\" data-srcset=\"https:\/\/gazetaregionalna.com\/wp-content\/uploads\/2022\/01\/IMG_2495Irena-Skowronska-Gondek-1024x683.jpg 1024w, https:\/\/gazetaregionalna.com\/wp-content\/uploads\/2022\/01\/IMG_2495Irena-Skowronska-Gondek-300x200.jpg 300w, https:\/\/gazetaregionalna.com\/wp-content\/uploads\/2022\/01\/IMG_2495Irena-Skowronska-Gondek-768x512.jpg 768w, https:\/\/gazetaregionalna.com\/wp-content\/uploads\/2022\/01\/IMG_2495Irena-Skowronska-Gondek-1536x1024.jpg 1536w, https:\/\/gazetaregionalna.com\/wp-content\/uploads\/2022\/01\/IMG_2495Irena-Skowronska-Gondek-2048x1366.jpg 2048w, https:\/\/gazetaregionalna.com\/wp-content\/uploads\/2022\/01\/IMG_2495Irena-Skowronska-Gondek-696x464.jpg 696w, https:\/\/gazetaregionalna.com\/wp-content\/uploads\/2022\/01\/IMG_2495Irena-Skowronska-Gondek-1068x712.jpg 1068w, https:\/\/gazetaregionalna.com\/wp-content\/uploads\/2022\/01\/IMG_2495Irena-Skowronska-Gondek-1920x1281.jpg 1920w, https:\/\/gazetaregionalna.com\/wp-content\/uploads\/2022\/01\/IMG_2495Irena-Skowronska-Gondek-630x420.jpg 630w, https:\/\/gazetaregionalna.com\/wp-content\/uploads\/2022\/01\/IMG_2495Irena-Skowronska-Gondek-scaled.jpg 1600w\" data-sizes=\"(max-width: 1024px) 100vw, 1024px\" src=\"data:image\/svg+xml;base64,PHN2ZyB3aWR0aD0iMSIgaGVpZ2h0PSIxIiB4bWxucz0iaHR0cDovL3d3dy53My5vcmcvMjAwMC9zdmciPjwvc3ZnPg==\" style=\"--smush-placeholder-width: 1024px; --smush-placeholder-aspect-ratio: 1024\/683;\" \/><figcaption class=\"blocks-gallery-item__caption\">Fot. Irena Skowro\u0144ska-Gondek<\/figcaption><\/figure><\/li><\/ul><\/figure>\n\n\n\n<h4 class=\"wp-block-heading\">&#8222;Ruszymy fotografowa\u0107 ten zmieniony ju\u017c \u015bwiat&#8221;<\/h4>\n\n\n\n<p>Mimo niesprzyjaj\u0105cych okoliczno\u015bci i licznych ogranicze\u0144 Jurajski Fotoklub Cz\u0119stochowa zrealizowa\u0142 wiele dzia\u0142a\u0144, o kt\u00f3rych w katalogu wspomina Duma\u0144ski.<\/p>\n\n\n\n<p>&#8211; (&#8230;) uda\u0142o nam si\u0119 m.in. zorganizowa\u0107 dwa warsztatowe plenery, odbywa\u0142y si\u0119 comiesi\u0119czne spotkania, z trudem i b\u00f3lem doprowadzili\u015bmy te\u017c zesz\u0142oroczny konkurs &#8222;Fotograf Roku&#8221; do fina\u0142u. Niekt\u00f3rzy Fotoklubowicze brali udzia\u0142 w r\u00f3\u017cnych konkursach krajowych i zagranicznych. Mieli\u015bmy swoje wystawy indywidualne i brali\u015bmy udzia\u0142 w r\u00f3\u017cnych wystawach zbiorowych (w Fotoklubie i poza nim), robili\u015bmy zdj\u0119cia do swoich projekt\u00f3w i brali\u015bmy udzia\u0142 w r\u00f3\u017cnych warsztatach i szkoleniach &#8211; wylicza Jaros\u0142aw Duma\u0144ski. &#8211; &#8222;Kto nie idzie naprz\u00f3d, ten si\u0119 cofa&#8221; &#8211; niech to motto towarzyszy nam w bie\u017c\u0105cym roku. Mam nadziej\u0119, \u017ce ten rok b\u0119dzie Rokiem Przesilenia. Otrz\u0105\u015bniemy si\u0119 z marazmu i zastoju, we\u017amiemy aparaty w r\u0119ce i ruszymy fotografowa\u0107 ten zmieniony ju\u017c \u015bwiat &#8211; dodaje.<\/p>\n\n\n\n<figure class=\"wp-block-gallery columns-2 is-cropped wp-block-gallery-3 is-layout-flex wp-block-gallery-is-layout-flex\"><ul class=\"blocks-gallery-grid\"><li class=\"blocks-gallery-item\"><figure><img decoding=\"async\" width=\"1024\" height=\"968\" data-src=\"https:\/\/gazetaregionalna.com\/wp-content\/uploads\/2022\/01\/DariuszGawronski-1024x968.jpg\" alt=\"\" data-id=\"68719\" data-full-url=\"https:\/\/gazetaregionalna.com\/wp-content\/uploads\/2022\/01\/DariuszGawronski-scaled.jpg\" data-link=\"https:\/\/gazetaregionalna.com\/wystawa-fotografii-fotoklub\/dariuszgawronski\/\" class=\"wp-image-68719 lazyload\" data-srcset=\"https:\/\/gazetaregionalna.com\/wp-content\/uploads\/2022\/01\/DariuszGawronski-1024x968.jpg 1024w, https:\/\/gazetaregionalna.com\/wp-content\/uploads\/2022\/01\/DariuszGawronski-300x284.jpg 300w, https:\/\/gazetaregionalna.com\/wp-content\/uploads\/2022\/01\/DariuszGawronski-768x726.jpg 768w, https:\/\/gazetaregionalna.com\/wp-content\/uploads\/2022\/01\/DariuszGawronski-1536x1452.jpg 1536w, https:\/\/gazetaregionalna.com\/wp-content\/uploads\/2022\/01\/DariuszGawronski-2048x1937.jpg 2048w, https:\/\/gazetaregionalna.com\/wp-content\/uploads\/2022\/01\/DariuszGawronski-696x658.jpg 696w, https:\/\/gazetaregionalna.com\/wp-content\/uploads\/2022\/01\/DariuszGawronski-1068x1010.jpg 1068w, https:\/\/gazetaregionalna.com\/wp-content\/uploads\/2022\/01\/DariuszGawronski-1920x1816.jpg 1920w, https:\/\/gazetaregionalna.com\/wp-content\/uploads\/2022\/01\/DariuszGawronski-444x420.jpg 444w, https:\/\/gazetaregionalna.com\/wp-content\/uploads\/2022\/01\/DariuszGawronski-scaled.jpg 1600w\" data-sizes=\"(max-width: 1024px) 100vw, 1024px\" src=\"data:image\/svg+xml;base64,PHN2ZyB3aWR0aD0iMSIgaGVpZ2h0PSIxIiB4bWxucz0iaHR0cDovL3d3dy53My5vcmcvMjAwMC9zdmciPjwvc3ZnPg==\" style=\"--smush-placeholder-width: 1024px; --smush-placeholder-aspect-ratio: 1024\/968;\" \/><figcaption class=\"blocks-gallery-item__caption\">fot. Dariusz Gawro\u0144ski<\/figcaption><\/figure><\/li><li class=\"blocks-gallery-item\"><figure><img decoding=\"async\" width=\"1000\" height=\"1002\" data-src=\"https:\/\/gazetaregionalna.com\/wp-content\/uploads\/2022\/01\/Joanna-Sidorowicz-Z-innej-perspektywy.jpg\" alt=\"\" data-id=\"68716\" data-full-url=\"https:\/\/gazetaregionalna.com\/wp-content\/uploads\/2022\/01\/Joanna-Sidorowicz-Z-innej-perspektywy.jpg\" data-link=\"https:\/\/gazetaregionalna.com\/wystawa-fotografii-fotoklub\/konica-minolta-digital-camera\/\" class=\"wp-image-68716 lazyload\" data-srcset=\"https:\/\/gazetaregionalna.com\/wp-content\/uploads\/2022\/01\/Joanna-Sidorowicz-Z-innej-perspektywy.jpg 1000w, https:\/\/gazetaregionalna.com\/wp-content\/uploads\/2022\/01\/Joanna-Sidorowicz-Z-innej-perspektywy-300x300.jpg 300w, https:\/\/gazetaregionalna.com\/wp-content\/uploads\/2022\/01\/Joanna-Sidorowicz-Z-innej-perspektywy-150x150.jpg 150w, https:\/\/gazetaregionalna.com\/wp-content\/uploads\/2022\/01\/Joanna-Sidorowicz-Z-innej-perspektywy-768x770.jpg 768w, https:\/\/gazetaregionalna.com\/wp-content\/uploads\/2022\/01\/Joanna-Sidorowicz-Z-innej-perspektywy-696x697.jpg 696w, https:\/\/gazetaregionalna.com\/wp-content\/uploads\/2022\/01\/Joanna-Sidorowicz-Z-innej-perspektywy-419x420.jpg 419w\" data-sizes=\"(max-width: 1000px) 100vw, 1000px\" src=\"data:image\/svg+xml;base64,PHN2ZyB3aWR0aD0iMSIgaGVpZ2h0PSIxIiB4bWxucz0iaHR0cDovL3d3dy53My5vcmcvMjAwMC9zdmciPjwvc3ZnPg==\" style=\"--smush-placeholder-width: 1000px; --smush-placeholder-aspect-ratio: 1000\/1002;\" \/><figcaption class=\"blocks-gallery-item__caption\">KONICA MINOLTA DIGITAL CAMERA<\/figcaption><\/figure><\/li><\/ul><\/figure>\n\n\n\n<p>III Wystawa Fotografii Cz\u0142onk\u00f3w Jurajskiego Fotoklubu Cz\u0119stochowa b\u0119dzie dost\u0119pna na stronach <a href=\"https:\/\/rok.czestochowa.pl\/\" target=\"_blank\" rel=\"noopener\">rok.czestochowa.pl<\/a> oraz <a href=\"http:\/\/www.jurajski-fotoklub.pl\/\" rel=\"nofollow noopener\" target=\"_blank\">www.jurajski-fotoklub.pl<\/a>. Wydarzenie odbywa si\u0119 pod patronatem Fotoklubu Rzeczpospolitej Polskiej.<\/p>\n\n\n\n<p><strong>Zuzanna Suliga<\/strong><\/p>\n","protected":false},"excerpt":{"rendered":"<p>10 stycznia udost\u0119pniona zostanie III Wystawa Fotografii Cz\u0142onk\u00f3w Jurajskiego Fotoklubu Cz\u0119stochowa. Do jej ogl\u0105dania zaprasza Regionalny O\u015brodek Kultury w Cz\u0119stochowie. To ju\u017c trzecia zbiorowa<\/p>\n","protected":false},"author":18,"featured_media":68669,"comment_status":"open","ping_status":"open","sticky":false,"template":"","format":"standard","meta":{"_monsterinsights_skip_tracking":false,"_monsterinsights_sitenote_active":false,"_monsterinsights_sitenote_note":"","_monsterinsights_sitenote_category":0,"_uf_show_specific_survey":0,"_uf_disable_surveys":false,"footnotes":""},"categories":[12,3,94,2],"tags":[3420,1705,1761],"class_list":["post-68662","post","type-post","status-publish","format-standard","has-post-thumbnail","hentry","category-kultura-i-rozrywka","category-czestochowa-informacje","category-polecane","category-wiadomosci","tag-jurajski-fotoklub-czestochowa","tag-regionalny-osrodek-kultury","tag-slawomir-jodlowski"],"_links":{"self":[{"href":"https:\/\/gazetaregionalna.com\/index.php?rest_route=\/wp\/v2\/posts\/68662","targetHints":{"allow":["GET"]}}],"collection":[{"href":"https:\/\/gazetaregionalna.com\/index.php?rest_route=\/wp\/v2\/posts"}],"about":[{"href":"https:\/\/gazetaregionalna.com\/index.php?rest_route=\/wp\/v2\/types\/post"}],"author":[{"embeddable":true,"href":"https:\/\/gazetaregionalna.com\/index.php?rest_route=\/wp\/v2\/users\/18"}],"replies":[{"embeddable":true,"href":"https:\/\/gazetaregionalna.com\/index.php?rest_route=%2Fwp%2Fv2%2Fcomments&post=68662"}],"version-history":[{"count":16,"href":"https:\/\/gazetaregionalna.com\/index.php?rest_route=\/wp\/v2\/posts\/68662\/revisions"}],"predecessor-version":[{"id":68721,"href":"https:\/\/gazetaregionalna.com\/index.php?rest_route=\/wp\/v2\/posts\/68662\/revisions\/68721"}],"wp:featuredmedia":[{"embeddable":true,"href":"https:\/\/gazetaregionalna.com\/index.php?rest_route=\/wp\/v2\/media\/68669"}],"wp:attachment":[{"href":"https:\/\/gazetaregionalna.com\/index.php?rest_route=%2Fwp%2Fv2%2Fmedia&parent=68662"}],"wp:term":[{"taxonomy":"category","embeddable":true,"href":"https:\/\/gazetaregionalna.com\/index.php?rest_route=%2Fwp%2Fv2%2Fcategories&post=68662"},{"taxonomy":"post_tag","embeddable":true,"href":"https:\/\/gazetaregionalna.com\/index.php?rest_route=%2Fwp%2Fv2%2Ftags&post=68662"}],"curies":[{"name":"wp","href":"https:\/\/api.w.org\/{rel}","templated":true}]}}