{"id":68657,"date":"2022-01-02T20:41:29","date_gmt":"2022-01-02T20:41:29","guid":{"rendered":"https:\/\/gazetaregionalna.com\/?p=68657"},"modified":"2022-01-02T20:41:32","modified_gmt":"2022-01-02T20:41:32","slug":"udane-rozpoczecie-2022-roku-przez-koszykarzy-azs-czestochowa","status":"publish","type":"post","link":"https:\/\/gazetaregionalna.com\/?p=68657","title":{"rendered":"Udane rozpocz\u0119cie 2022 roku przez koszykarzy AZS Cz\u0119stochowa"},"content":{"rendered":"\n<p>Koszykarze 2-ligowego AZS Cz\u0119stochowy 2022 rok rozpocz\u0119li od zwyci\u0119stwa. W niedziel\u0119 wygrali w Krakowie po zaci\u0119tym spotkaniu z Oknoplast Koron\u0105 84:78.<\/p>\n\n\n\n<p>Na pierwszy ligowy mecz w 2022 roku cz\u0119stochowscy koszykarze pojechali do Krakowa. Koszykarze AZS po zaci\u0119tym spotkaniu wygrali r\u00f3\u017cnic\u0105 6 punkt\u00f3w z Oknoplast Koron\u0105 84:78 i odnie\u015bli 6 zwyci\u0119stwo w 2 lidze.<\/p>\n\n\n\n<p>Spotkanie by\u0142o bardzo zaci\u0119te, a losy meczu rozstrzygn\u0119\u0142y si\u0119 w ostatniej, czwartej cz\u0119\u015bci spotkania. Pierwsz\u0105 kwart\u0119 wygrali gospodarze 25:23. W drugiej by\u0142 remis 21:21 i na przerw\u0119 gospodarze schodzili prowadz\u0105c 2 punktami 46:44. W trzeciej kwarcie AZS odrobi\u0142 1 punkt i na ostatnie 10 minut gry cz\u0119stochowianie wyszli trac\u0105c do gospodarzy 1 punkt.<\/p>\n\n\n\n<p>Gracze trenera Tomasza Nogalskiego i Micha\u0142a Sarana rozegrali najlepsz\u0105 kwart\u0119. Wygrali j\u0105 20:13 i ca\u0142y mecz 84:78.<\/p>\n\n\n\n<p>W cz\u0119stochowskiej dru\u017cynie ponownie najwi\u0119cej punkt\u00f3w rzuci\u0142 Dawid J\u00f3zefowski, kt\u00f3ry zdoby\u0142 23 punkty. Wspierali go Marcin Majcherek (17), Dawid Szulc (15) i graj\u0105cy trener Tomasz Nogalski.<\/p>\n\n\n\n<p><strong>Oknoplast Korona Krak\u00f3w \u2013 AZS Cz\u0119stochowa 78:84 (25:23, 21:21, 19:20, 13:20)<\/strong><\/p>\n\n\n\n<p><strong>AZS:<\/strong> D. J\u00f3zefowski 23, M. Majcherek 17, D. Szulc 15, T. Nogalski 11, P. \u0141aszewski 8, K. Lig\u0119za 5, K. Hajdu\u015b 3, M. Boruc 2, D. Rak 0.<\/p>\n\n\n\n<p>AK, foto: AK<\/p>\n\n\n\n<figure class=\"wp-block-image size-large\"><img decoding=\"async\" width=\"1024\" height=\"598\" data-src=\"https:\/\/gazetaregionalna.com\/wp-content\/uploads\/2022\/01\/AZSCzestochowaKosz-61-1024x598.jpg\" alt=\"\" class=\"wp-image-68658 lazyload\" data-srcset=\"https:\/\/gazetaregionalna.com\/wp-content\/uploads\/2022\/01\/AZSCzestochowaKosz-61-1024x598.jpg 1024w, https:\/\/gazetaregionalna.com\/wp-content\/uploads\/2022\/01\/AZSCzestochowaKosz-61-300x175.jpg 300w, https:\/\/gazetaregionalna.com\/wp-content\/uploads\/2022\/01\/AZSCzestochowaKosz-61-768x448.jpg 768w, https:\/\/gazetaregionalna.com\/wp-content\/uploads\/2022\/01\/AZSCzestochowaKosz-61-1536x897.jpg 1536w, https:\/\/gazetaregionalna.com\/wp-content\/uploads\/2022\/01\/AZSCzestochowaKosz-61-2048x1196.jpg 2048w, https:\/\/gazetaregionalna.com\/wp-content\/uploads\/2022\/01\/AZSCzestochowaKosz-61-696x406.jpg 696w, https:\/\/gazetaregionalna.com\/wp-content\/uploads\/2022\/01\/AZSCzestochowaKosz-61-1068x624.jpg 1068w, https:\/\/gazetaregionalna.com\/wp-content\/uploads\/2022\/01\/AZSCzestochowaKosz-61-1920x1121.jpg 1920w, https:\/\/gazetaregionalna.com\/wp-content\/uploads\/2022\/01\/AZSCzestochowaKosz-61-719x420.jpg 719w, https:\/\/gazetaregionalna.com\/wp-content\/uploads\/2022\/01\/AZSCzestochowaKosz-61-scaled.jpg 1600w\" data-sizes=\"(max-width: 1024px) 100vw, 1024px\" src=\"data:image\/svg+xml;base64,PHN2ZyB3aWR0aD0iMSIgaGVpZ2h0PSIxIiB4bWxucz0iaHR0cDovL3d3dy53My5vcmcvMjAwMC9zdmciPjwvc3ZnPg==\" style=\"--smush-placeholder-width: 1024px; --smush-placeholder-aspect-ratio: 1024\/598;\" \/><\/figure>\n\n\n\n<figure class=\"wp-block-image size-large\"><img decoding=\"async\" width=\"300\" height=\"250\" data-src=\"https:\/\/gazetaregionalna.com\/wp-content\/uploads\/2021\/10\/DMKInvest2.jpg\" alt=\"\" class=\"wp-image-58380 lazyload\" src=\"data:image\/svg+xml;base64,PHN2ZyB3aWR0aD0iMSIgaGVpZ2h0PSIxIiB4bWxucz0iaHR0cDovL3d3dy53My5vcmcvMjAwMC9zdmciPjwvc3ZnPg==\" style=\"--smush-placeholder-width: 300px; --smush-placeholder-aspect-ratio: 300\/250;\"><\/figure>\n","protected":false},"excerpt":{"rendered":"<p>Koszykarze 2-ligowego AZS Cz\u0119stochowy 2022 rok rozpocz\u0119li od zwyci\u0119stwa. W niedziel\u0119 wygrali w Krakowie po zaci\u0119tym spotkaniu z Oknoplast Koron\u0105 84:78. Na pierwszy ligowy<\/p>\n","protected":false},"author":15,"featured_media":68658,"comment_status":"open","ping_status":"open","sticky":false,"template":"","format":"standard","meta":{"_monsterinsights_skip_tracking":false,"_monsterinsights_sitenote_active":false,"_monsterinsights_sitenote_note":"","_monsterinsights_sitenote_category":0,"_uf_show_specific_survey":0,"_uf_disable_surveys":false,"footnotes":""},"categories":[5,9],"tags":[],"class_list":["post-68657","post","type-post","status-publish","format-standard","has-post-thumbnail","hentry","category-sport","category-koszykowka"],"_links":{"self":[{"href":"https:\/\/gazetaregionalna.com\/index.php?rest_route=\/wp\/v2\/posts\/68657","targetHints":{"allow":["GET"]}}],"collection":[{"href":"https:\/\/gazetaregionalna.com\/index.php?rest_route=\/wp\/v2\/posts"}],"about":[{"href":"https:\/\/gazetaregionalna.com\/index.php?rest_route=\/wp\/v2\/types\/post"}],"author":[{"embeddable":true,"href":"https:\/\/gazetaregionalna.com\/index.php?rest_route=\/wp\/v2\/users\/15"}],"replies":[{"embeddable":true,"href":"https:\/\/gazetaregionalna.com\/index.php?rest_route=%2Fwp%2Fv2%2Fcomments&post=68657"}],"version-history":[{"count":1,"href":"https:\/\/gazetaregionalna.com\/index.php?rest_route=\/wp\/v2\/posts\/68657\/revisions"}],"predecessor-version":[{"id":68659,"href":"https:\/\/gazetaregionalna.com\/index.php?rest_route=\/wp\/v2\/posts\/68657\/revisions\/68659"}],"wp:featuredmedia":[{"embeddable":true,"href":"https:\/\/gazetaregionalna.com\/index.php?rest_route=\/wp\/v2\/media\/68658"}],"wp:attachment":[{"href":"https:\/\/gazetaregionalna.com\/index.php?rest_route=%2Fwp%2Fv2%2Fmedia&parent=68657"}],"wp:term":[{"taxonomy":"category","embeddable":true,"href":"https:\/\/gazetaregionalna.com\/index.php?rest_route=%2Fwp%2Fv2%2Fcategories&post=68657"},{"taxonomy":"post_tag","embeddable":true,"href":"https:\/\/gazetaregionalna.com\/index.php?rest_route=%2Fwp%2Fv2%2Ftags&post=68657"}],"curies":[{"name":"wp","href":"https:\/\/api.w.org\/{rel}","templated":true}]}}