{"id":68291,"date":"2021-12-27T20:51:06","date_gmt":"2021-12-27T20:51:06","guid":{"rendered":"https:\/\/gazetaregionalna.com\/?p=68291"},"modified":"2021-12-27T20:59:43","modified_gmt":"2021-12-27T20:59:43","slug":"ivi-lopez-z-rakowa-czestochowa-zakonczy-2021-rok-ex-aequo-w-klasyfikacji-krola-strzelcow-pko-bp-ekstraklasy-i-jako-lider-w-klasyfikacji-kanadyjskiej","status":"publish","type":"post","link":"https:\/\/gazetaregionalna.com\/?p=68291","title":{"rendered":"Ivi Lopez z Rakowa Cz\u0119stochowa zako\u0144czy 2021 rok ex aequo w klasyfikacji kr\u00f3la strzelc\u00f3w PKO BP Ekstraklasy i jako lider w klasyfikacji kanadyjskiej!"},"content":{"rendered":"\n<p>Runda jesienna PKO BP Ekstraklasy nale\u017cy do Hiszpana Ivi Lopeza z Rakowa Cz\u0119stochowa. Dzi\u0119ki jego dobrej dyspozycji Rak\u00f3w Cz\u0119stochowa wejdzie w nowy 2022 rok na wysokiej 3. pozycji w PKO BP Ekstraklasie&#8230;<\/p>\n\n\n\n<p>Hiszpan Ivi Lopez to bardzo udany zakup dzia\u0142aczy Rakowa. Ivi Lopez jest podstawowym zawodnikiem Rakowa. W obecnym sezonie PKO BP Ekstraklasy zdoby\u0142 10 goli i jest wsp\u00f3\u0142liderem w klasyfikacji kr\u00f3la strzelc\u00f3w. Hiszpan zdoby\u0142 10 bramek. Tyle samo ma zawodnik Lecha Poznan Mikael Ishak.<\/p>\n\n\n\n<p>Ivi Lopez to jednak wyr\u00f3\u017cniaj\u0105cy si\u0119 pi\u0142karz PKO BO Ekstraklasy i samodzielnie ze spor\u0105 przewaga prowadzi w klasyfikacji kanadyjskiej. Tu licz\u0105 si\u0119 strzelone bramki i asysty. A tych \u0142\u0105cznie Ivi Lopez ma 16. Drugi w klasyfikacji Joao Amaral z Lecha Pozna\u0144 ma ich 13 (8+5), a trzeci Ishak z \u201eKolejorza\u201d (10+2).<\/p>\n\n\n\n<p>Drugim pi\u0142karzem Rakowa w klasyfikacji kr\u00f3la strzelc\u00f3w jest \u0141otysz Vladislavs Gutkovskis, kt\u00f3ry zdoby\u0142 5 bramek. W klasyfikacji kanadyjskiej zajmuje 15. miejsce z 8 punktami (5+3). 5 bramek dla Rakowa zdoby\u0142 te\u017c w dotychczasowych meczach Mateusz Wdowiak.<\/p>\n\n\n\n<p>Pi\u0142karzom Rakowa \u017cyczymy worka bramek od 6 lutego 2022 roku czyli od rozpocz\u0119cia rundy wiosennej PKO  BP Ekstraklasy. 6 lutego o godz. 15 przy ul. Limanowskiego 83 w Cz\u0119stochowie Rak\u00f3w zagra z Wis\u0142\u0105 Krak\u00f3w&#8230; Dzia\u0142acze Rakowa i pi\u0142karze ju\u017c dzisiaj zapraszaj\u0105 na ten mecz&#8230;<\/p>\n\n\n\n<p>MR-K, foto: AK<\/p>\n\n\n\n<figure class=\"wp-block-image size-large\"><img decoding=\"async\" width=\"1024\" height=\"683\" data-src=\"https:\/\/gazetaregionalna.com\/wp-content\/uploads\/2021\/05\/Rakow-Arka-52-1024x683.jpg\" alt=\"\" class=\"wp-image-40228 lazyload\" data-srcset=\"https:\/\/gazetaregionalna.com\/wp-content\/uploads\/2021\/05\/Rakow-Arka-52-1024x683.jpg 1024w, https:\/\/gazetaregionalna.com\/wp-content\/uploads\/2021\/05\/Rakow-Arka-52-300x200.jpg 300w, https:\/\/gazetaregionalna.com\/wp-content\/uploads\/2021\/05\/Rakow-Arka-52-768x512.jpg 768w, https:\/\/gazetaregionalna.com\/wp-content\/uploads\/2021\/05\/Rakow-Arka-52-1536x1024.jpg 1536w, https:\/\/gazetaregionalna.com\/wp-content\/uploads\/2021\/05\/Rakow-Arka-52-2048x1365.jpg 2048w, https:\/\/gazetaregionalna.com\/wp-content\/uploads\/2021\/05\/Rakow-Arka-52-696x464.jpg 696w, https:\/\/gazetaregionalna.com\/wp-content\/uploads\/2021\/05\/Rakow-Arka-52-1068x712.jpg 1068w, https:\/\/gazetaregionalna.com\/wp-content\/uploads\/2021\/05\/Rakow-Arka-52-1920x1280.jpg 1920w, https:\/\/gazetaregionalna.com\/wp-content\/uploads\/2021\/05\/Rakow-Arka-52-630x420.jpg 630w, https:\/\/gazetaregionalna.com\/wp-content\/uploads\/2021\/05\/Rakow-Arka-52-scaled.jpg 1200w\" data-sizes=\"(max-width: 1024px) 100vw, 1024px\" src=\"data:image\/svg+xml;base64,PHN2ZyB3aWR0aD0iMSIgaGVpZ2h0PSIxIiB4bWxucz0iaHR0cDovL3d3dy53My5vcmcvMjAwMC9zdmciPjwvc3ZnPg==\" style=\"--smush-placeholder-width: 1024px; --smush-placeholder-aspect-ratio: 1024\/683;\" \/><\/figure>\n\n\n","protected":false},"excerpt":{"rendered":"<p>Runda jesienna PKO BP Ekstraklasy nale\u017cy do Hiszpana Ivi Lopeza z Rakowa Cz\u0119stochowa. Dzi\u0119ki jego dobrej dyspozycji Rak\u00f3w Cz\u0119stochowa wejdzie w nowy 2022 rok<\/p>\n","protected":false},"author":15,"featured_media":40228,"comment_status":"open","ping_status":"open","sticky":false,"template":"","format":"standard","meta":{"_monsterinsights_skip_tracking":false,"_monsterinsights_sitenote_active":false,"_monsterinsights_sitenote_note":"","_monsterinsights_sitenote_category":0,"_uf_show_specific_survey":0,"_uf_disable_surveys":false,"footnotes":""},"categories":[94,6,5],"tags":[],"class_list":["post-68291","post","type-post","status-publish","format-standard","has-post-thumbnail","hentry","category-polecane","category-pilka-nozna","category-sport"],"_links":{"self":[{"href":"https:\/\/gazetaregionalna.com\/index.php?rest_route=\/wp\/v2\/posts\/68291","targetHints":{"allow":["GET"]}}],"collection":[{"href":"https:\/\/gazetaregionalna.com\/index.php?rest_route=\/wp\/v2\/posts"}],"about":[{"href":"https:\/\/gazetaregionalna.com\/index.php?rest_route=\/wp\/v2\/types\/post"}],"author":[{"embeddable":true,"href":"https:\/\/gazetaregionalna.com\/index.php?rest_route=\/wp\/v2\/users\/15"}],"replies":[{"embeddable":true,"href":"https:\/\/gazetaregionalna.com\/index.php?rest_route=%2Fwp%2Fv2%2Fcomments&post=68291"}],"version-history":[{"count":1,"href":"https:\/\/gazetaregionalna.com\/index.php?rest_route=\/wp\/v2\/posts\/68291\/revisions"}],"predecessor-version":[{"id":68292,"href":"https:\/\/gazetaregionalna.com\/index.php?rest_route=\/wp\/v2\/posts\/68291\/revisions\/68292"}],"wp:featuredmedia":[{"embeddable":true,"href":"https:\/\/gazetaregionalna.com\/index.php?rest_route=\/wp\/v2\/media\/40228"}],"wp:attachment":[{"href":"https:\/\/gazetaregionalna.com\/index.php?rest_route=%2Fwp%2Fv2%2Fmedia&parent=68291"}],"wp:term":[{"taxonomy":"category","embeddable":true,"href":"https:\/\/gazetaregionalna.com\/index.php?rest_route=%2Fwp%2Fv2%2Fcategories&post=68291"},{"taxonomy":"post_tag","embeddable":true,"href":"https:\/\/gazetaregionalna.com\/index.php?rest_route=%2Fwp%2Fv2%2Ftags&post=68291"}],"curies":[{"name":"wp","href":"https:\/\/api.w.org\/{rel}","templated":true}]}}