{"id":6796,"date":"2019-10-01T08:56:20","date_gmt":"2019-10-01T08:56:20","guid":{"rendered":"https:\/\/gazetaregionalna.com\/?p=6796"},"modified":"2019-10-01T08:56:24","modified_gmt":"2019-10-01T08:56:24","slug":"food-trucki-na-placu-3-maja","status":"publish","type":"post","link":"https:\/\/gazetaregionalna.com\/?p=6796","title":{"rendered":"Food trucki na Placu 3 Maja"},"content":{"rendered":"\n<p>Najbli\u017cszy weekend up\u0142ynie w Radomsku pod znakiem food truck\u00f3w. Przez dwa dnia na Placu 3 Maja w centrum miasta odbywa\u0107 si\u0119 b\u0119dzie kolejna edycja imprezy pod nazw\u0105 &#8222;Przystanek Food Truck Radomsko JESIE\u0143 2019&#8221;<br> Po raz pi\u0105ty do Radomska ze swoimi specja\u0142ami zjad\u0105 restauracje na k\u00f3\u0142kach z ca\u0142ego kraju. Poza pysznym jedzeniem organizatorzy zapowiadaj\u0105 dodatkowe atrakcje \u2014 konkursy, pokazy i koncerty.<br> W trakcie festiwalu jedzenia, w sobot\u0119 i niedziel\u0119, b\u0119dzie mo\u017cna posmakowa\u0107 takich rarytas\u00f3w, jak frytki belgijskie, piero\u017cki Momo, zapiekanki, dania kuchni meksyka\u0144skiej, burgery ameryka\u0144skie, pulled pork, hot dogi, pizz\u0119, a tak\u017ce sushi.<\/p>\n\n\n\n<figure class=\"wp-block-image\"><img decoding=\"async\" width=\"606\" height=\"960\" data-src=\"https:\/\/gazetaregionalna.com\/wp-content\/uploads\/2019\/10\/food1.jpg\" alt=\"\" class=\"wp-image-6797 lazyload\" data-srcset=\"https:\/\/gazetaregionalna.com\/wp-content\/uploads\/2019\/10\/food1.jpg 606w, https:\/\/gazetaregionalna.com\/wp-content\/uploads\/2019\/10\/food1-189x300.jpg 189w, https:\/\/gazetaregionalna.com\/wp-content\/uploads\/2019\/10\/food1-265x420.jpg 265w\" data-sizes=\"(max-width: 606px) 100vw, 606px\" src=\"data:image\/svg+xml;base64,PHN2ZyB3aWR0aD0iMSIgaGVpZ2h0PSIxIiB4bWxucz0iaHR0cDovL3d3dy53My5vcmcvMjAwMC9zdmciPjwvc3ZnPg==\" style=\"--smush-placeholder-width: 606px; --smush-placeholder-aspect-ratio: 606\/960;\" \/><\/figure>\n\n\n\n<p><br> Imprezie towarzyszy\u0107 b\u0119dzie muzyka prezentowana przez DJ-a oraz wykonywana na \u017cywo przez tw\u00f3rc\u00f3w zwi\u0105zanych z Radomskiem. W sobot\u0119 o godz. 17 i 19 wyst\u0105pi duet Karolina Kaleta &amp; Marcin Sta\u015b, a w niedziel\u0119 o godz. 18 \u2013 LAZARUS. W programie znalaz\u0142y si\u0119 r\u00f3wnie\u017c m.in. Pierwsze Mistrzostwa Radomska w Jedzeniu Zapiekanek na Czas. Na dzieci czeka\u0107 b\u0119d\u0105 gry i zabawy zr\u0119czno\u015bciowe. Nie zabraknie tak\u017ce stoisk z tradycyjnymi i lokalnymi produktami. Pojawi si\u0119 ponadto strefa chillout z le\u017cakami, a festiwalowi towarzyszy\u0107 b\u0119d\u0105 pokazy ratownictwa medycznego pod has\u0142em: \u201eCzad i ogie\u0144 \u2014 obud\u017a czujno\u015b\u0107&#8221;.<br> Stra\u017cacy poka\u017c\u0105 sprz\u0119t ga\u015bniczy, a tak\u017ce zaprezentuj\u0105 swoje przygotowanie bojowe. W zwi\u0105zku z rozpoczynaj\u0105cym si\u0119 sezonem grzewczym przypomn\u0105 r\u00f3wnie\u017c o zasadach bezpiecze\u0144stwa. W konkursach stra\u017cackich do wygrania b\u0119d\u0105 atestowane czujniki czadu.<\/p>\n","protected":false},"excerpt":{"rendered":"<p>Najbli\u017cszy weekend up\u0142ynie w Radomsku pod znakiem food truck\u00f3w. Przez dwa dnia na Placu 3 Maja w centrum miasta odbywa\u0107 si\u0119 b\u0119dzie kolejna edycja<\/p>\n","protected":false},"author":7,"featured_media":6798,"comment_status":"open","ping_status":"open","sticky":false,"template":"","format":"standard","meta":{"_monsterinsights_skip_tracking":false,"_monsterinsights_sitenote_active":false,"_monsterinsights_sitenote_note":"","_monsterinsights_sitenote_category":0,"_uf_show_specific_survey":0,"_uf_disable_surveys":false,"footnotes":""},"categories":[12,94,28,2,13],"tags":[],"class_list":["post-6796","post","type-post","status-publish","format-standard","has-post-thumbnail","hentry","category-kultura-i-rozrywka","category-polecane","category-radomsko","category-wiadomosci","category-wydarzenia"],"_links":{"self":[{"href":"https:\/\/gazetaregionalna.com\/index.php?rest_route=\/wp\/v2\/posts\/6796","targetHints":{"allow":["GET"]}}],"collection":[{"href":"https:\/\/gazetaregionalna.com\/index.php?rest_route=\/wp\/v2\/posts"}],"about":[{"href":"https:\/\/gazetaregionalna.com\/index.php?rest_route=\/wp\/v2\/types\/post"}],"author":[{"embeddable":true,"href":"https:\/\/gazetaregionalna.com\/index.php?rest_route=\/wp\/v2\/users\/7"}],"replies":[{"embeddable":true,"href":"https:\/\/gazetaregionalna.com\/index.php?rest_route=%2Fwp%2Fv2%2Fcomments&post=6796"}],"version-history":[{"count":1,"href":"https:\/\/gazetaregionalna.com\/index.php?rest_route=\/wp\/v2\/posts\/6796\/revisions"}],"predecessor-version":[{"id":6799,"href":"https:\/\/gazetaregionalna.com\/index.php?rest_route=\/wp\/v2\/posts\/6796\/revisions\/6799"}],"wp:featuredmedia":[{"embeddable":true,"href":"https:\/\/gazetaregionalna.com\/index.php?rest_route=\/wp\/v2\/media\/6798"}],"wp:attachment":[{"href":"https:\/\/gazetaregionalna.com\/index.php?rest_route=%2Fwp%2Fv2%2Fmedia&parent=6796"}],"wp:term":[{"taxonomy":"category","embeddable":true,"href":"https:\/\/gazetaregionalna.com\/index.php?rest_route=%2Fwp%2Fv2%2Fcategories&post=6796"},{"taxonomy":"post_tag","embeddable":true,"href":"https:\/\/gazetaregionalna.com\/index.php?rest_route=%2Fwp%2Fv2%2Ftags&post=6796"}],"curies":[{"name":"wp","href":"https:\/\/api.w.org\/{rel}","templated":true}]}}