{"id":67842,"date":"2021-12-23T07:15:00","date_gmt":"2021-12-23T07:15:00","guid":{"rendered":"https:\/\/gazetaregionalna.com\/?p=67842"},"modified":"2021-12-22T12:15:59","modified_gmt":"2021-12-22T12:15:59","slug":"wazne-zmiany-w-polskim-bonie-turystycznym","status":"publish","type":"post","link":"https:\/\/gazetaregionalna.com\/?p=67842","title":{"rendered":"Wa\u017cne zmiany w Polskim Bonie Turystycznym"},"content":{"rendered":"\n<h2 class=\"wp-block-heading\">Prezydent podpisa\u0142 nowel\u0119 ustawy o Polskim Bonie Turystycznym. Zgodnie z nowymi przepisami czas obowi\u0105zywania bon\u00f3w zosta\u0142 przed\u0142u\u017cony do 30 wrze\u015bnia 2022 roku.<\/h2>\n\n\n\n<p>Dotychczas z Polskiego Bonu Turystycznego skorzysta\u0142o ju\u017c ponad 5 milion\u00f3w dzieci, jednak przed\u0142u\u017caj\u0105ce si\u0119 lockdowny i obawy zwi\u0105zane z pandemi\u0105 nie pozwoli\u0142y skorzysta\u0107 ze \u015bwiadczenia wszystkim uprawnionym. Dzi\u0119ki wprowadzonej zmianie Bonem Turystycznym b\u0119dziemy mogli zap\u0142aci\u0107 za rodzinny wypoczynek a\u017c do 30 wrze\u015bnia 2022 roku.<\/p>\n\n\n\n<p>\u00a0\u2013\u00a0W minionych miesi\u0105cach bardzo wiele polskich rodzin i przedsi\u0119biorc\u00f3w, z my\u015bl\u0105 o kt\u00f3rych powsta\u0142 program, ju\u017c skorzysta\u0142o z Polskiego Bonu Turystycznego. Sytuacja pandemiczna sprawi\u0142a jednak, \u017ce nie wszyscy mieli tak\u0105 mo\u017cliwo\u015b\u0107. \u015arodki zabezpieczone w bud\u017cecie na realizacj\u0119 programu wynosz\u0105 4 miliardy z\u0142otych i powinny zosta\u0107 spo\u017cytkowane. Taki jest cel nowelizacji ustawy i przesuni\u0119cia terminu wa\u017cno\u015bci bonu o p\u00f3\u0142 roku, w\u0142\u0105czaj\u0105c w to kolejny sezon wakacyjny. Wierz\u0119, \u017ce dzi\u0119ki temu wszyscy beneficjenci b\u0119d\u0105 mogli skorzysta\u0107 z dodatkowych \u015brodk\u00f3w na wypoczynek, a do bran\u017cy trafi kolejny znacz\u0105cy zastrzyk finansowy\u00a0\u2013\u00a0m\u00f3wi Andrzej Gut-Mostowy,\u00a0sekretarz stanu w Ministerstwie Sportu i Turystyki,\u00a0inicjator programu Polski Bon Turystyczny.<\/p>\n\n\n\n<p>Dotychczasowa kwota uzyskana z tytu\u0142u p\u0142atno\u015bci bonem wynios\u0142a blisko 2 miliardy z\u0142otych. To \u015brodki, kt\u00f3re trafiaj\u0105c na konta przedsi\u0119biorc\u00f3w i organizacji turystycznych, wspar\u0142y ich dzia\u0142alno\u015b\u0107 w czasie kryzysu wywo\u0142anego pandemi\u0105 Covid-19, zdecydowa\u0142y o zachowaniu p\u0142ynno\u015bci finansowej, utrzymaniu zatrudnienia, a nawet przetrwaniu wielu firm z bran\u017cy.<\/p>\n\n\n\n<p>\u2013\u00a0Program Polski Bon Turystyczny jest narz\u0119dziem, kt\u00f3re odpowiada na potrzeby zwi\u0105zane z wi\u0119kszym dofinansowaniem wypoczynku i wp\u0142ywa na popraw\u0119 sytuacji\u00a0uczestnicz\u0105cych w nim przedsi\u0119biorstw. Udzia\u0142 w programie pozwoli\u0142 wielu z nich utrzyma\u0107 p\u0142ynno\u015b\u0107 finansow\u0105, paradoksalnie te\u017c, pomimo bardzo trudnej sytuacji wielu przedsi\u0119biorc\u00f3w zyska\u0142o nowych klient\u00f3w, m.in. dzi\u0119ki rozszerzeniu dzia\u0142alno\u015bci o propozycje wypoczynku dla rodzin z dzie\u0107mi czy tworzeniu ofert dostosowanych do preferencji os\u00f3b z grup zagro\u017conych wykluczeniem, takich jak rodziny i dzieci z niepe\u0142nosprawno\u015bciami. Dzi\u0119ki zaanga\u017cowaniu w\u0142a\u015bcicieli obiekt\u00f3w i organizator\u00f3w turystycznych oraz programom wspieraj\u0105cym ich dzia\u0142alno\u015b\u0107 i dobre praktyki w turystyce, nowa jako\u015b\u0107 oferty turystycznej zostanie z nami na d\u0142u\u017cej. Przed\u0142u\u017cenie okresu obowi\u0105zywania bonu pozwoli cieszy\u0107 si\u0119 ni\u0105 wszystkim beneficjentom programu\u00a0\u2013\u00a0m\u00f3wi Anna Salamo\u0144czyk-Mochel, wiceprezes Polskiej Organizacji Turystycznej.<\/p>\n\n\n\n<p>Polski Bon Turystyczny w wysoko\u015bci 500 z\u0142 przys\u0142uguje na ka\u017cde dziecku do 18 roku \u017cycia i jest dost\u0119pny na Platformie Us\u0142ug Elektronicznych (PUE) ZUS. Osoby uprawnione, kt\u00f3re dotychczas nie aktywowa\u0142y przys\u0142uguj\u0105cego im \u015bwiadczenia, mog\u0105 to zrobi\u0107 loguj\u0105c si\u0119 na sw\u00f3j profil na PUE ZUS. Szczeg\u00f3\u0142owa instrukcja aktywacji bonu dost\u0119pna jest na stronie&nbsp;<a href=\"https:\/\/bonturystyczny.polska.travel\/aktywuj-bon\" target=\"_blank\" rel=\"noopener\">Polskiego Bonu Turystycznego<\/a>.<\/p>\n\n\n\n<p>Dodatkowe \u015bwiadczenie w wysoko\u015bci 500 z\u0142 przys\u0142uguje dzieciom posiadaj\u0105cym orzeczenie o niepe\u0142nosprawno\u015bci. Ka\u017cde dziecko z niepe\u0142nosprawno\u015bci\u0105 mo\u017ce otrzyma\u0107 bon o \u0142\u0105cznej warto\u015bci 1000 z\u0142. Aktywacja odbywa si\u0119 poprzez indywidualne konto osoby uprawnionej, kt\u00f3ra w swoim profilu PUE ZUS ma przyznane \u015bwiadczenie podstawowe.<\/p>\n\n\n\n<p>Osoby, kt\u00f3re jeszcze nie wykorzysta\u0142y aktywowanych bon\u00f3w, lub wykorzysta\u0142y je cz\u0119\u015bciowo, na swoim profilu PUE ZUS mog\u0105 tak\u017ce sprawdzi\u0107 stan posiadanych \u015brodk\u00f3w.<\/p>\n\n\n\n<p>Polski Bon Turystyczny jest dokumentem elektronicznym i ma posta\u0107 16-cyfrowego, unikalnego kodu, kt\u00f3ry nie podlega wymianie na got\u00f3wk\u0119 ani inne \u015brodki p\u0142atnicze. Mo\u017cna wykorzysta\u0107 go w ponad 29 tysi\u0105cach obiekt\u00f3w w ca\u0142ej Polsce:&nbsp;<a href=\"https:\/\/bonturystyczny.polska.travel\/lista-podmiotow\" target=\"_blank\" rel=\"noopener\">Lista obiekt\u00f3w<\/a><\/p>\n\n\n\n<p>Bonem mo\u017cna zap\u0142aci\u0107 zar\u00f3wno za wypoczynek rodziny, ferie, wakacje czy jednodniowe wycieczki, jak i zorganizowany wypoczynek dzieci i m\u0142odzie\u017cy \u2013 szkolne wycieczki, zimowiska, kolonie i p\u00f3\u0142kolonie, obozy, turnusy rehabilitacyjne czy imprezy turystyczne, \u0142\u0105cz\u0105ce minimum\u00a02 us\u0142ugi.<\/p>\n\n\n\n<p>(mat. prasowy)<\/p>\n","protected":false},"excerpt":{"rendered":"<p>Prezydent podpisa\u0142 nowel\u0119 ustawy o Polskim Bonie Turystycznym. Zgodnie z nowymi przepisami czas obowi\u0105zywania bon\u00f3w zosta\u0142 przed\u0142u\u017cony do 30 wrze\u015bnia 2022 roku. Dotychczas z<\/p>\n","protected":false},"author":7,"featured_media":6255,"comment_status":"open","ping_status":"open","sticky":false,"template":"","format":"standard","meta":{"_monsterinsights_skip_tracking":false,"_monsterinsights_sitenote_active":false,"_monsterinsights_sitenote_note":"","_monsterinsights_sitenote_category":0,"_uf_show_specific_survey":0,"_uf_disable_surveys":false,"footnotes":""},"categories":[31,2],"tags":[],"class_list":["post-67842","post","type-post","status-publish","format-standard","has-post-thumbnail","hentry","category-podroze","category-wiadomosci"],"_links":{"self":[{"href":"https:\/\/gazetaregionalna.com\/index.php?rest_route=\/wp\/v2\/posts\/67842","targetHints":{"allow":["GET"]}}],"collection":[{"href":"https:\/\/gazetaregionalna.com\/index.php?rest_route=\/wp\/v2\/posts"}],"about":[{"href":"https:\/\/gazetaregionalna.com\/index.php?rest_route=\/wp\/v2\/types\/post"}],"author":[{"embeddable":true,"href":"https:\/\/gazetaregionalna.com\/index.php?rest_route=\/wp\/v2\/users\/7"}],"replies":[{"embeddable":true,"href":"https:\/\/gazetaregionalna.com\/index.php?rest_route=%2Fwp%2Fv2%2Fcomments&post=67842"}],"version-history":[{"count":3,"href":"https:\/\/gazetaregionalna.com\/index.php?rest_route=\/wp\/v2\/posts\/67842\/revisions"}],"predecessor-version":[{"id":67845,"href":"https:\/\/gazetaregionalna.com\/index.php?rest_route=\/wp\/v2\/posts\/67842\/revisions\/67845"}],"wp:featuredmedia":[{"embeddable":true,"href":"https:\/\/gazetaregionalna.com\/index.php?rest_route=\/wp\/v2\/media\/6255"}],"wp:attachment":[{"href":"https:\/\/gazetaregionalna.com\/index.php?rest_route=%2Fwp%2Fv2%2Fmedia&parent=67842"}],"wp:term":[{"taxonomy":"category","embeddable":true,"href":"https:\/\/gazetaregionalna.com\/index.php?rest_route=%2Fwp%2Fv2%2Fcategories&post=67842"},{"taxonomy":"post_tag","embeddable":true,"href":"https:\/\/gazetaregionalna.com\/index.php?rest_route=%2Fwp%2Fv2%2Ftags&post=67842"}],"curies":[{"name":"wp","href":"https:\/\/api.w.org\/{rel}","templated":true}]}}