{"id":6781,"date":"2019-10-01T07:26:10","date_gmt":"2019-10-01T07:26:10","guid":{"rendered":"https:\/\/gazetaregionalna.com\/?p=6781"},"modified":"2019-10-01T07:26:13","modified_gmt":"2019-10-01T07:26:13","slug":"koncert-charytatywny","status":"publish","type":"post","link":"https:\/\/gazetaregionalna.com\/?p=6781","title":{"rendered":"Koncert charytatywny"},"content":{"rendered":"\n<p>Po raz drugi dzia\u0142aj\u0105cy w K\u0142obucku Komitet Spo\u0142eczny &#8222;Lepsze Jutro&#8221; organizuje koncert charytatywny, kt\u00f3ry ma pom\u00f3c chorym na powr\u00f3t do zdrowia. W tym roku wydarzenie pod has\u0142em &#8222;Petarda&#8221; odb\u0119dzie si\u0119 12 pa\u017adziernika.<br> Tego dnia w Miejskim O\u015brodku Kultury w K\u0142obucku widzowie us\u0142ysz\u0105 najwi\u0119ksze hity zespo\u0142\u00f3w: Sztywny Pal Azji, Ch\u0142opcy z Placu Broni oraz SKL Blues.<\/p>\n\n\n\n<figure class=\"wp-block-image\"><img decoding=\"async\" width=\"960\" height=\"502\" data-src=\"https:\/\/gazetaregionalna.com\/wp-content\/uploads\/2019\/10\/koncert-charytatywny.jpg\" alt=\"\" class=\"wp-image-6782 lazyload\" data-srcset=\"https:\/\/gazetaregionalna.com\/wp-content\/uploads\/2019\/10\/koncert-charytatywny.jpg 960w, https:\/\/gazetaregionalna.com\/wp-content\/uploads\/2019\/10\/koncert-charytatywny-300x157.jpg 300w, https:\/\/gazetaregionalna.com\/wp-content\/uploads\/2019\/10\/koncert-charytatywny-768x402.jpg 768w, https:\/\/gazetaregionalna.com\/wp-content\/uploads\/2019\/10\/koncert-charytatywny-696x364.jpg 696w, https:\/\/gazetaregionalna.com\/wp-content\/uploads\/2019\/10\/koncert-charytatywny-803x420.jpg 803w\" data-sizes=\"(max-width: 960px) 100vw, 960px\" src=\"data:image\/svg+xml;base64,PHN2ZyB3aWR0aD0iMSIgaGVpZ2h0PSIxIiB4bWxucz0iaHR0cDovL3d3dy53My5vcmcvMjAwMC9zdmciPjwvc3ZnPg==\" style=\"--smush-placeholder-width: 960px; --smush-placeholder-aspect-ratio: 960\/502;\" \/><\/figure>\n\n\n\n<p><br> Tegoroczn\u0105 beneficjentk\u0105 \u015brodk\u00f3w finansowych zebranych podczas imprezy jest Wiktoria Mila. Ca\u0142y doch\u00f3d ze sprzeda\u017cy bilet\u00f3w-cegie\u0142ek przeznaczony jest na pokrycie koszt\u00f3w leczenia, rehabilitacji oraz zakup specjalistycznego sprz\u0119tu, jaki potrzebny jest Wiktorii. Dwudziestolatka w styczniu tego roku uczestniczy\u0142a w wypadku drogowym, kt\u00f3ry mia\u0142 miejsce na Rondzie Trzech Krzy\u017cy w Cz\u0119stochowie. Dziewczyna dozna\u0142a powa\u017cnych obra\u017ce\u0144 m\u00f3zgu i potrzebuje d\u0142ugiej oraz kosztownej rehabilitacji. Wiktoria walczy o powr\u00f3t do normalnego \u017cycia, liczy sie ka\u017cda z\u0142ot\u00f3wka, wi\u0119c organizatorzy &#8222;Petardy&#8221; zach\u0119caj\u0105 nie tylko do udzia\u0142u w koncercie i kupna cegie\u0142ek, ale tak\u017ce udzia\u0142u w licytacji gad\u017cet\u00f3w wystawionych na aukcj\u0119.<br> Koncert rozpocznie si\u0119 o godzinie 18. Liczba miejsc na sali widowiskowej MOK-u ograniczona, wi\u0119c warto wcze\u015bniej zadba\u0107 o wej\u015bci\u00f3wki.<br> Przedsprzeda\u017c bilet\u00f3w-cegie\u0142ek (cena min. 70 z\u0142) odbywa si\u0119 w firmie<br> A.U.F. &#8222;PROFIT&#8221; Tomasz Wa\u0142\u0119ga<br> Rynek im. Jana Paw\u0142a II nr 11,<br> tel: 503 134 154.<\/p>\n","protected":false},"excerpt":{"rendered":"<p>Po raz drugi dzia\u0142aj\u0105cy w K\u0142obucku Komitet Spo\u0142eczny &#8222;Lepsze Jutro&#8221; organizuje koncert charytatywny, kt\u00f3ry ma pom\u00f3c chorym na powr\u00f3t do zdrowia. W tym roku<\/p>\n","protected":false},"author":7,"featured_media":6783,"comment_status":"open","ping_status":"open","sticky":false,"template":"","format":"standard","meta":{"_monsterinsights_skip_tracking":false,"_monsterinsights_sitenote_active":false,"_monsterinsights_sitenote_note":"","_monsterinsights_sitenote_category":0,"_uf_show_specific_survey":0,"_uf_disable_surveys":false,"footnotes":""},"categories":[12,27,94,2,13],"tags":[],"class_list":["post-6781","post","type-post","status-publish","format-standard","has-post-thumbnail","hentry","category-kultura-i-rozrywka","category-klobuck-informacje","category-polecane","category-wiadomosci","category-wydarzenia"],"_links":{"self":[{"href":"https:\/\/gazetaregionalna.com\/index.php?rest_route=\/wp\/v2\/posts\/6781","targetHints":{"allow":["GET"]}}],"collection":[{"href":"https:\/\/gazetaregionalna.com\/index.php?rest_route=\/wp\/v2\/posts"}],"about":[{"href":"https:\/\/gazetaregionalna.com\/index.php?rest_route=\/wp\/v2\/types\/post"}],"author":[{"embeddable":true,"href":"https:\/\/gazetaregionalna.com\/index.php?rest_route=\/wp\/v2\/users\/7"}],"replies":[{"embeddable":true,"href":"https:\/\/gazetaregionalna.com\/index.php?rest_route=%2Fwp%2Fv2%2Fcomments&post=6781"}],"version-history":[{"count":1,"href":"https:\/\/gazetaregionalna.com\/index.php?rest_route=\/wp\/v2\/posts\/6781\/revisions"}],"predecessor-version":[{"id":6784,"href":"https:\/\/gazetaregionalna.com\/index.php?rest_route=\/wp\/v2\/posts\/6781\/revisions\/6784"}],"wp:featuredmedia":[{"embeddable":true,"href":"https:\/\/gazetaregionalna.com\/index.php?rest_route=\/wp\/v2\/media\/6783"}],"wp:attachment":[{"href":"https:\/\/gazetaregionalna.com\/index.php?rest_route=%2Fwp%2Fv2%2Fmedia&parent=6781"}],"wp:term":[{"taxonomy":"category","embeddable":true,"href":"https:\/\/gazetaregionalna.com\/index.php?rest_route=%2Fwp%2Fv2%2Fcategories&post=6781"},{"taxonomy":"post_tag","embeddable":true,"href":"https:\/\/gazetaregionalna.com\/index.php?rest_route=%2Fwp%2Fv2%2Ftags&post=6781"}],"curies":[{"name":"wp","href":"https:\/\/api.w.org\/{rel}","templated":true}]}}