{"id":6776,"date":"2019-10-01T06:59:33","date_gmt":"2019-10-01T06:59:33","guid":{"rendered":"https:\/\/gazetaregionalna.com\/?p=6776"},"modified":"2019-10-01T06:59:35","modified_gmt":"2019-10-01T06:59:35","slug":"raz-na-ludowo","status":"publish","type":"post","link":"https:\/\/gazetaregionalna.com\/?p=6776","title":{"rendered":"Raz na ludowo"},"content":{"rendered":"\n<p>W sobot\u0119, 5 pa\u017adziernika, w Miejskim Domu Kultury w Cz\u0119stochowie odb\u0119dzie kolejna edycja przegl\u0105du zespo\u0142\u00f3w ludowy &#8222;Etnostrada&#8221;. Tegoroczny festiwal zorganizowany zosta\u0142 pod has\u0142em &#8222;Rodzina&#8221;. Przegl\u0105d przygotowa\u0142  Regionalny O\u015brodek Kultury.<\/p>\n\n\n\n<figure class=\"wp-block-image\"><img decoding=\"async\" width=\"679\" height=\"960\" data-src=\"https:\/\/gazetaregionalna.com\/wp-content\/uploads\/2019\/10\/folklor3.jpg\" alt=\"\" class=\"wp-image-6778 lazyload\" data-srcset=\"https:\/\/gazetaregionalna.com\/wp-content\/uploads\/2019\/10\/folklor3.jpg 679w, https:\/\/gazetaregionalna.com\/wp-content\/uploads\/2019\/10\/folklor3-212x300.jpg 212w, https:\/\/gazetaregionalna.com\/wp-content\/uploads\/2019\/10\/folklor3-297x420.jpg 297w\" data-sizes=\"(max-width: 679px) 100vw, 679px\" src=\"data:image\/svg+xml;base64,PHN2ZyB3aWR0aD0iMSIgaGVpZ2h0PSIxIiB4bWxucz0iaHR0cDovL3d3dy53My5vcmcvMjAwMC9zdmciPjwvc3ZnPg==\" style=\"--smush-placeholder-width: 679px; --smush-placeholder-aspect-ratio: 679\/960;\" \/><\/figure>\n\n\n\n<p><br> Etnoestrada rozpocznie si\u0119 o godz. 12.<br> W programie:  przegl\u0105d zespo\u0142\u00f3w tanecznych i \u015bpiewaczych, warsztaty ozd\u00f3b z bibu\u0142y oraz wi\u00f3rk\u00f3w osikowych, a na fina\u0142, o godzinie 16 Koncert Zespo\u0142u Pie\u015bni i Ta\u0144ca &#8222;Dolina Popradu&#8221; z Piwnicznej Zdroju.<br> Celem przegl\u0105du jest prezentacja i upowszechnianie regionalnego folkloru, ochrona i promocja gwary i j\u0119zyka regionalnego, a tak\u017ce edukacja oraz promocja kultury ludowej i tradycyjnej regionu w mie\u015bcie.<\/p>\n","protected":false},"excerpt":{"rendered":"<p>W sobot\u0119, 5 pa\u017adziernika, w Miejskim Domu Kultury w Cz\u0119stochowie odb\u0119dzie kolejna edycja przegl\u0105du zespo\u0142\u00f3w ludowy &#8222;Etnostrada&#8221;. Tegoroczny festiwal zorganizowany zosta\u0142 pod has\u0142em &#8222;Rodzina&#8221;.<\/p>\n","protected":false},"author":7,"featured_media":6777,"comment_status":"open","ping_status":"open","sticky":false,"template":"","format":"standard","meta":{"_monsterinsights_skip_tracking":false,"_monsterinsights_sitenote_active":false,"_monsterinsights_sitenote_note":"","_monsterinsights_sitenote_category":0,"_uf_show_specific_survey":0,"_uf_disable_surveys":false,"footnotes":""},"categories":[3,12,94,2,13],"tags":[],"class_list":["post-6776","post","type-post","status-publish","format-standard","has-post-thumbnail","hentry","category-czestochowa-informacje","category-kultura-i-rozrywka","category-polecane","category-wiadomosci","category-wydarzenia"],"_links":{"self":[{"href":"https:\/\/gazetaregionalna.com\/index.php?rest_route=\/wp\/v2\/posts\/6776","targetHints":{"allow":["GET"]}}],"collection":[{"href":"https:\/\/gazetaregionalna.com\/index.php?rest_route=\/wp\/v2\/posts"}],"about":[{"href":"https:\/\/gazetaregionalna.com\/index.php?rest_route=\/wp\/v2\/types\/post"}],"author":[{"embeddable":true,"href":"https:\/\/gazetaregionalna.com\/index.php?rest_route=\/wp\/v2\/users\/7"}],"replies":[{"embeddable":true,"href":"https:\/\/gazetaregionalna.com\/index.php?rest_route=%2Fwp%2Fv2%2Fcomments&post=6776"}],"version-history":[{"count":1,"href":"https:\/\/gazetaregionalna.com\/index.php?rest_route=\/wp\/v2\/posts\/6776\/revisions"}],"predecessor-version":[{"id":6779,"href":"https:\/\/gazetaregionalna.com\/index.php?rest_route=\/wp\/v2\/posts\/6776\/revisions\/6779"}],"wp:featuredmedia":[{"embeddable":true,"href":"https:\/\/gazetaregionalna.com\/index.php?rest_route=\/wp\/v2\/media\/6777"}],"wp:attachment":[{"href":"https:\/\/gazetaregionalna.com\/index.php?rest_route=%2Fwp%2Fv2%2Fmedia&parent=6776"}],"wp:term":[{"taxonomy":"category","embeddable":true,"href":"https:\/\/gazetaregionalna.com\/index.php?rest_route=%2Fwp%2Fv2%2Fcategories&post=6776"},{"taxonomy":"post_tag","embeddable":true,"href":"https:\/\/gazetaregionalna.com\/index.php?rest_route=%2Fwp%2Fv2%2Ftags&post=6776"}],"curies":[{"name":"wp","href":"https:\/\/api.w.org\/{rel}","templated":true}]}}