{"id":6756,"date":"2019-09-30T10:15:16","date_gmt":"2019-09-30T10:15:16","guid":{"rendered":"https:\/\/gazetaregionalna.com\/?p=6756"},"modified":"2019-09-30T10:15:20","modified_gmt":"2019-09-30T10:15:20","slug":"linie-31-57-58-59-67-oraz-65-z-korekta","status":"publish","type":"post","link":"https:\/\/gazetaregionalna.com\/?p=6756","title":{"rendered":"Linie 31, 57, 58, 59, 67 oraz 65 z korekt\u0105"},"content":{"rendered":"\n<p>Miejski Zarz\u0105d Dr\u00f3g i Transportu informuje, \u017ce w zwi\u0105zku z zamkni\u0119ciem przejazd\u00f3w kolejowych przy ul. Bugajskiej oraz w S\u0142owiku i Korwinowie w ci\u0105gu trzech dni: 2, 3 i 4 pa\u017adziernika wprowadzone zostan\u0105 zmiany na liniach autobusowych numer: 31, 57, 58, 59, 67 oraz 65.<br>\nZe wzgl\u0119du na remont i zamkni\u0119cie przejazdu kolejowego przy ul. Bugajskiej w \u015brod\u0119, 2 pa\u017adziernika, w godz. od 14-20 zostan\u0105 zmienione trasy linii nr 31, 57, 58, 59 i 67.<br>\nLinia nr 31 zostaje skr\u00f3cona do p\u0119tli &#8222;Stadion Rak\u00f3w&#8221; i w obu kierunkach nie b\u0119dzie kursowa\u0107 ul. Bugajsk\u0105 do Kr\u0119ciwilka. Dla linii nr 31 zostaj\u0105 zawieszone przystanki: &#8222;\u017barecka&#8221;, &#8222;Bugajska&#8221;, &#8222;Weyssenhoffa&#8221; i &#8222;Kr\u0119ciwilk&#8221;.<br>\nLinie nr 57, 58, 59 i 67 od Estakady pojad\u0105 przez al. Pokoju, ul. Korfantego i osiedle pod Wilcz\u0105 G\u00f3r\u0105 w Odrzykoniu, a nast\u0119pnie \u2013 w zale\u017cno\u015bci od trasy linii \u2013 b\u0119d\u0105 kursowa\u0107 do Kusi\u0105t lub do trasy DK-46 i dalej bez zmian do Olsztyna i Biskupic. Trasa objazdowa obowi\u0105zuje w obu kierunkach.<br>\nWszystkie wymienione linie nie b\u0119d\u0105 kursowa\u0107 al. Wojska Polskiego i ul. Bugajsk\u0105.<\/p>\n\n\n\n<figure class=\"wp-block-image\"><img decoding=\"async\" width=\"505\" height=\"275\" data-src=\"https:\/\/gazetaregionalna.com\/wp-content\/uploads\/2019\/08\/logo_big.png\" alt=\"\" class=\"wp-image-5574 lazyload\" data-srcset=\"https:\/\/gazetaregionalna.com\/wp-content\/uploads\/2019\/08\/logo_big.png 505w, https:\/\/gazetaregionalna.com\/wp-content\/uploads\/2019\/08\/logo_big-300x163.png 300w\" data-sizes=\"(max-width: 505px) 100vw, 505px\" src=\"data:image\/svg+xml;base64,PHN2ZyB3aWR0aD0iMSIgaGVpZ2h0PSIxIiB4bWxucz0iaHR0cDovL3d3dy53My5vcmcvMjAwMC9zdmciPjwvc3ZnPg==\" style=\"--smush-placeholder-width: 505px; --smush-placeholder-aspect-ratio: 505\/275;\" \/><\/figure>\n\n\n\n<p>Natomiast dla autobus\u00f3w linii nr 57, 58, 59 i 67 zostaj\u0105 zawieszone przystanki &#8222;CH Jagiello\u0144czyczy&#8221;, &#8222;Okrzei&#8221;, &#8222;Mireckiego&#8221;, &#8222;Rakowska&#8221;, &#8222;Bugajska&#8221;, &#8222;Weyssenhoffa&#8221; i &#8222;Kr\u0119ciwilk&#8221;.<br>\nNa trasie objazdu obs\u0142uga pasa\u017cerek i pasa\u017cer\u00f3w obowi\u0105zuje na wszystkich przystankach.<br>\nMZDiT informuje te\u017c, \u017ce w zwi\u0105zku z przes\u0142an\u0105 przez PKP informacj\u0105 o remoncie przejazd\u00f3w kolejowych w czwartek, 3 pa\u017adziernika, r\u00f3wnie\u017c w godz. 14 -20 nast\u0105pi zamkni\u0119cie przejazdu w miejscowo\u015bci S\u0142owik. Z kolei w pi\u0105tek, 4 pa\u017adziernika, w godz. 10-16 zamkni\u0119ty b\u0119dzie przejazd w miejscowo\u015bci Korwin\u00f3w.<br>\nW zwi\u0105zku z tym w czasie zamkni\u0119cia przejazd\u00f3w 3 i 4 pa\u017adziernika zostanie zmieniona trasa linii nr 65.<br>\nAutobusy z ul. \u0179r\u00f3dlanej od przystanku &#8222;S\u0142owik-\u0179r\u00f3dlana&#8221;<br>\nzgodnie z ustaleniami MPK maj\u0105 kursowa\u0107 w obu kierunkach ul. Spacerow\u0105 z pomini\u0119ciem przejazdu p\u00f3\u0142nocnym odcinkiem ul. Spacerowej oraz ul. R\u00f3wnoleg\u0142\u0105 i Stacyjn\u0105.<br>\nZ kolei przystanki: &#8222;S\u0142owik-Przejazd&#8221;, &#8222;S\u0142owik-Szko\u0142a&#8221;, &#8222;S\u0142owik-R\u00f3wnoleg\u0142a&#8221; oraz &#8222;Korwin\u00f3w-Stacyjna&#8221;zostaj\u0105 zawieszone w obu kierunkach.<br>\nPrzystanki &#8222;S\u0142owik-Spacerowa&#8221; w obu kierunkach zostan\u0105 tymczasowo zlokalizowane na po\u0142udniowym odcinku ul. Spacerowej za skrzy\u017cowaniem z ul. \u0179r\u00f3dlan\u0105.<\/p>\n","protected":false},"excerpt":{"rendered":"<p>Miejski Zarz\u0105d Dr\u00f3g i Transportu informuje, \u017ce w zwi\u0105zku z zamkni\u0119ciem przejazd\u00f3w kolejowych przy ul. Bugajskiej oraz w S\u0142owiku i Korwinowie w ci\u0105gu trzech<\/p>\n","protected":false},"author":7,"featured_media":6757,"comment_status":"open","ping_status":"open","sticky":false,"template":"","format":"standard","meta":{"_monsterinsights_skip_tracking":false,"_monsterinsights_sitenote_active":false,"_monsterinsights_sitenote_note":"","_monsterinsights_sitenote_category":0,"_uf_show_specific_survey":0,"_uf_disable_surveys":false,"footnotes":""},"categories":[3,94,2],"tags":[],"class_list":["post-6756","post","type-post","status-publish","format-standard","has-post-thumbnail","hentry","category-czestochowa-informacje","category-polecane","category-wiadomosci"],"_links":{"self":[{"href":"https:\/\/gazetaregionalna.com\/index.php?rest_route=\/wp\/v2\/posts\/6756","targetHints":{"allow":["GET"]}}],"collection":[{"href":"https:\/\/gazetaregionalna.com\/index.php?rest_route=\/wp\/v2\/posts"}],"about":[{"href":"https:\/\/gazetaregionalna.com\/index.php?rest_route=\/wp\/v2\/types\/post"}],"author":[{"embeddable":true,"href":"https:\/\/gazetaregionalna.com\/index.php?rest_route=\/wp\/v2\/users\/7"}],"replies":[{"embeddable":true,"href":"https:\/\/gazetaregionalna.com\/index.php?rest_route=%2Fwp%2Fv2%2Fcomments&post=6756"}],"version-history":[{"count":1,"href":"https:\/\/gazetaregionalna.com\/index.php?rest_route=\/wp\/v2\/posts\/6756\/revisions"}],"predecessor-version":[{"id":6758,"href":"https:\/\/gazetaregionalna.com\/index.php?rest_route=\/wp\/v2\/posts\/6756\/revisions\/6758"}],"wp:featuredmedia":[{"embeddable":true,"href":"https:\/\/gazetaregionalna.com\/index.php?rest_route=\/wp\/v2\/media\/6757"}],"wp:attachment":[{"href":"https:\/\/gazetaregionalna.com\/index.php?rest_route=%2Fwp%2Fv2%2Fmedia&parent=6756"}],"wp:term":[{"taxonomy":"category","embeddable":true,"href":"https:\/\/gazetaregionalna.com\/index.php?rest_route=%2Fwp%2Fv2%2Fcategories&post=6756"},{"taxonomy":"post_tag","embeddable":true,"href":"https:\/\/gazetaregionalna.com\/index.php?rest_route=%2Fwp%2Fv2%2Ftags&post=6756"}],"curies":[{"name":"wp","href":"https:\/\/api.w.org\/{rel}","templated":true}]}}