{"id":6752,"date":"2019-09-30T05:15:26","date_gmt":"2019-09-30T05:15:26","guid":{"rendered":"https:\/\/gazetaregionalna.com\/?p=6752"},"modified":"2019-09-30T05:15:28","modified_gmt":"2019-09-30T05:15:28","slug":"od-jutra-kosze-na-smieci-tylko-zgodne-z-normami","status":"publish","type":"post","link":"https:\/\/gazetaregionalna.com\/?p=6752","title":{"rendered":"Od jutra kosze na \u015bmieci tylko zgodne z normami"},"content":{"rendered":"\n<p>Zgodnie z zapowiedziami urz\u0119du miejskiego w Lubli\u0144cu, od jutra, czyli od 1 pa\u017adziernika na terenie gminy Lubliniec firma zajmuj\u0105ca si\u0119 wywozem odpad\u00f3w komunalnych nie b\u0119dzie opr\u00f3\u017cnia\u0107 pojemnik\u00f3w, kt\u00f3re nie spe\u0142niaj\u0105 norm lub s\u0105 uszkodzone, p\u0119kni\u0119te, posiadaj\u0105 uszkodzone dno lub nie s\u0105 stabilne. W komunikacie wystosowanym do mieszka\u0144c\u00f3w gminy napisano, \u017ce kosze na \u015bmieci zgromadzone w gospodarstwach domowych powinny by\u0107 tak\u017ce utrzymane w odpowiednim stanie sanitarnym i technicznym, jak r\u00f3wnie\u017c nie mog\u0105 by\u0107 przeci\u0105\u017cone. <br> Samorz\u0105d zapowiedzia\u0142, \u017ce kto nie zadba o zaopatrzenie si\u0119 w odpowiedni pojemniki, mo\u017ce mie\u0107 problemy z pozbyciem si\u0119 odpad\u00f3w.<\/p>\n\n\n\n<figure class=\"wp-block-image\"><img decoding=\"async\" width=\"200\" height=\"229\" data-src=\"https:\/\/gazetaregionalna.com\/wp-content\/uploads\/2019\/09\/kosze3.jpg\" alt=\"\" class=\"wp-image-6377 lazyload\" src=\"data:image\/svg+xml;base64,PHN2ZyB3aWR0aD0iMSIgaGVpZ2h0PSIxIiB4bWxucz0iaHR0cDovL3d3dy53My5vcmcvMjAwMC9zdmciPjwvc3ZnPg==\" style=\"--smush-placeholder-width: 200px; --smush-placeholder-aspect-ratio: 200\/229;\"><\/figure>\n\n\n\n<p><br> Szczeg\u00f3\u0142y dotycz\u0105ce wymaga\u0144 zwi\u0105zanych z koszami na \u015bmieci znajduj\u0105 si\u0119 na stronie internetowej miasta: https:\/\/www.lubliniec.eu.<br> Gmina przypomina, \u017ce kupi\u0107 lub wydzier\u017cawi\u0107 u\u017cywane pojemniki na odpady zmieszane mieszka\u0144cy gminy mog\u0105 w firmie PZOM STRACH Sp. z o.o. Sp. k. Oferuje ona zakup u\u017cywanego pojemnika 120 l lub 240 l w cenie 60,00 z\u0142 netto, natomiast miesi\u0119czn\u0105 dzier\u017caw\u0119 pojemnika 120 l w cenie 3,00 z\u0142 netto, a pojemnika 240 l w cenie 4,00 z\u0142 netto. W tej sprawie mo\u017cna si\u0119 kontaktowa\u0107 z firm\u0105 pod nr tel. 34 329 92 29 wew. 24 lub 26.<\/p>\n","protected":false},"excerpt":{"rendered":"<p>Zgodnie z zapowiedziami urz\u0119du miejskiego w Lubli\u0144cu, od jutra, czyli od 1 pa\u017adziernika na terenie gminy Lubliniec firma zajmuj\u0105ca si\u0119 wywozem odpad\u00f3w komunalnych nie<\/p>\n","protected":false},"author":7,"featured_media":6374,"comment_status":"open","ping_status":"open","sticky":false,"template":"","format":"standard","meta":{"_monsterinsights_skip_tracking":false,"_monsterinsights_sitenote_active":false,"_monsterinsights_sitenote_note":"","_monsterinsights_sitenote_category":0,"_uf_show_specific_survey":0,"_uf_disable_surveys":false,"footnotes":""},"categories":[29,25,94,2],"tags":[],"class_list":["post-6752","post","type-post","status-publish","format-standard","has-post-thumbnail","hentry","category-ekologia","category-lubliniec","category-polecane","category-wiadomosci"],"_links":{"self":[{"href":"https:\/\/gazetaregionalna.com\/index.php?rest_route=\/wp\/v2\/posts\/6752","targetHints":{"allow":["GET"]}}],"collection":[{"href":"https:\/\/gazetaregionalna.com\/index.php?rest_route=\/wp\/v2\/posts"}],"about":[{"href":"https:\/\/gazetaregionalna.com\/index.php?rest_route=\/wp\/v2\/types\/post"}],"author":[{"embeddable":true,"href":"https:\/\/gazetaregionalna.com\/index.php?rest_route=\/wp\/v2\/users\/7"}],"replies":[{"embeddable":true,"href":"https:\/\/gazetaregionalna.com\/index.php?rest_route=%2Fwp%2Fv2%2Fcomments&post=6752"}],"version-history":[{"count":1,"href":"https:\/\/gazetaregionalna.com\/index.php?rest_route=\/wp\/v2\/posts\/6752\/revisions"}],"predecessor-version":[{"id":6753,"href":"https:\/\/gazetaregionalna.com\/index.php?rest_route=\/wp\/v2\/posts\/6752\/revisions\/6753"}],"wp:featuredmedia":[{"embeddable":true,"href":"https:\/\/gazetaregionalna.com\/index.php?rest_route=\/wp\/v2\/media\/6374"}],"wp:attachment":[{"href":"https:\/\/gazetaregionalna.com\/index.php?rest_route=%2Fwp%2Fv2%2Fmedia&parent=6752"}],"wp:term":[{"taxonomy":"category","embeddable":true,"href":"https:\/\/gazetaregionalna.com\/index.php?rest_route=%2Fwp%2Fv2%2Fcategories&post=6752"},{"taxonomy":"post_tag","embeddable":true,"href":"https:\/\/gazetaregionalna.com\/index.php?rest_route=%2Fwp%2Fv2%2Ftags&post=6752"}],"curies":[{"name":"wp","href":"https:\/\/api.w.org\/{rel}","templated":true}]}}