{"id":6746,"date":"2019-09-30T01:00:29","date_gmt":"2019-09-30T01:00:29","guid":{"rendered":"https:\/\/gazetaregionalna.com\/?p=6746"},"modified":"2019-09-30T04:50:57","modified_gmt":"2019-09-30T04:50:57","slug":"akcja-smog","status":"publish","type":"post","link":"https:\/\/gazetaregionalna.com\/?p=6746","title":{"rendered":"Akcja &#8222;Smog&#8221;"},"content":{"rendered":"\n<p>Dzisiaj od rana policjanci z drog\u00f3wki prowadz\u0105 na terenie ca\u0142ego kraju akcj\u0119 &#8222;Smog&#8221;. Drog\u00f3wka b\u0119dzie kontrolowa\u0107 samochody pod k\u0105tem wydzielanych przez nie spalin. W\u0142a\u015bciciele aut, kt\u00f3re nadmiernie kopc\u0105 i zatruwaj\u0105 powietrze maj\u0105 by\u0107 karani.<br> W ramach dzisiejszych dzia\u0142a\u0144 funkcjonariusze maj\u0105 zwraca\u0107 uwag\u0119 na ka\u017cde zachowanie niezgodne z prawem, jednak nadrz\u0119dnym celem dzia\u0142a\u0144 b\u0119dzie eliminowanie z ruchu pojazd\u00f3w, kt\u00f3rych stan techniczny w oczywisty spos\u00f3b, np. poprzez nadmierne zadymienie, wskazuje na nieprawid\u0142owe dzia\u0142anie silnika lub uszkodzenie uk\u0142adu wydechowego.<\/p>\n\n\n\n<figure class=\"wp-block-image\"><img decoding=\"async\" width=\"960\" height=\"641\" data-src=\"https:\/\/gazetaregionalna.com\/wp-content\/uploads\/2019\/09\/smog.jpg\" alt=\"\" class=\"wp-image-6747 lazyload\" data-srcset=\"https:\/\/gazetaregionalna.com\/wp-content\/uploads\/2019\/09\/smog.jpg 960w, https:\/\/gazetaregionalna.com\/wp-content\/uploads\/2019\/09\/smog-300x200.jpg 300w, https:\/\/gazetaregionalna.com\/wp-content\/uploads\/2019\/09\/smog-768x513.jpg 768w, https:\/\/gazetaregionalna.com\/wp-content\/uploads\/2019\/09\/smog-696x465.jpg 696w, https:\/\/gazetaregionalna.com\/wp-content\/uploads\/2019\/09\/smog-629x420.jpg 629w\" data-sizes=\"(max-width: 960px) 100vw, 960px\" src=\"data:image\/svg+xml;base64,PHN2ZyB3aWR0aD0iMSIgaGVpZ2h0PSIxIiB4bWxucz0iaHR0cDovL3d3dy53My5vcmcvMjAwMC9zdmciPjwvc3ZnPg==\" style=\"--smush-placeholder-width: 960px; --smush-placeholder-aspect-ratio: 960\/641;\" \/><\/figure>\n\n\n\n<p><br> Policjanci wyposa\u017ceni w specjalistyczny sprz\u0119t kontrolno-pomiarowy (dymomierze, analizatory spalin), zbadaj\u0105 emisj\u0119 spalin pojazd\u00f3w, wobec kt\u00f3rych istnieje uzasadnione przypuszczenie, \u017ce naruszaj\u0105 wymagania ochrony \u015brodowiska.<br> Dzia\u0142ania maj\u0105 tak\u017ce charakter informacyjno-edukacyjny. Policjanci przypominaj\u0105 kieruj\u0105cym, \u017ce smog, to r\u00f3wnie\u017c \u201ezas\u0142uga\u201d niesprawnych technicznie pojazd\u00f3w emituj\u0105cych spaliny o nadmiernej toksyczno\u015bci.<br> Policja przypomina, \u017ce w zwi\u0105zku z rosn\u0105cym zanieczyszczeniem powietrza, a przez to negatywnym wp\u0142ywem wielu substancji na zdrowie oraz \u017cycie zar\u00f3wno cz\u0142owieka, jak i te\u017c \u015brodowiska, smog sta\u0142 si\u0119 problemem na skal\u0119 \u015bwiatow\u0105. Dlatego wszyscy powinni\u015bmy przestrzega\u0107 przepis\u00f3w zwi\u0105zanych z emisjami szkodliwych substancji.<br> (\u0179r\u00f3d\u0142o:KGP)<\/p>\n","protected":false},"excerpt":{"rendered":"<p>Dzisiaj od rana policjanci z drog\u00f3wki prowadz\u0105 na terenie ca\u0142ego kraju akcj\u0119 &#8222;Smog&#8221;. Drog\u00f3wka b\u0119dzie kontrolowa\u0107 samochody pod k\u0105tem wydzielanych przez nie spalin. W\u0142a\u015bciciele<\/p>\n","protected":false},"author":7,"featured_media":6748,"comment_status":"open","ping_status":"open","sticky":false,"template":"","format":"standard","meta":{"_monsterinsights_skip_tracking":false,"_monsterinsights_sitenote_active":false,"_monsterinsights_sitenote_note":"","_monsterinsights_sitenote_category":0,"_uf_show_specific_survey":0,"_uf_disable_surveys":false,"footnotes":""},"categories":[3,29,94,2],"tags":[],"class_list":["post-6746","post","type-post","status-publish","format-standard","has-post-thumbnail","hentry","category-czestochowa-informacje","category-ekologia","category-polecane","category-wiadomosci"],"_links":{"self":[{"href":"https:\/\/gazetaregionalna.com\/index.php?rest_route=\/wp\/v2\/posts\/6746","targetHints":{"allow":["GET"]}}],"collection":[{"href":"https:\/\/gazetaregionalna.com\/index.php?rest_route=\/wp\/v2\/posts"}],"about":[{"href":"https:\/\/gazetaregionalna.com\/index.php?rest_route=\/wp\/v2\/types\/post"}],"author":[{"embeddable":true,"href":"https:\/\/gazetaregionalna.com\/index.php?rest_route=\/wp\/v2\/users\/7"}],"replies":[{"embeddable":true,"href":"https:\/\/gazetaregionalna.com\/index.php?rest_route=%2Fwp%2Fv2%2Fcomments&post=6746"}],"version-history":[{"count":1,"href":"https:\/\/gazetaregionalna.com\/index.php?rest_route=\/wp\/v2\/posts\/6746\/revisions"}],"predecessor-version":[{"id":6749,"href":"https:\/\/gazetaregionalna.com\/index.php?rest_route=\/wp\/v2\/posts\/6746\/revisions\/6749"}],"wp:featuredmedia":[{"embeddable":true,"href":"https:\/\/gazetaregionalna.com\/index.php?rest_route=\/wp\/v2\/media\/6748"}],"wp:attachment":[{"href":"https:\/\/gazetaregionalna.com\/index.php?rest_route=%2Fwp%2Fv2%2Fmedia&parent=6746"}],"wp:term":[{"taxonomy":"category","embeddable":true,"href":"https:\/\/gazetaregionalna.com\/index.php?rest_route=%2Fwp%2Fv2%2Fcategories&post=6746"},{"taxonomy":"post_tag","embeddable":true,"href":"https:\/\/gazetaregionalna.com\/index.php?rest_route=%2Fwp%2Fv2%2Ftags&post=6746"}],"curies":[{"name":"wp","href":"https:\/\/api.w.org\/{rel}","templated":true}]}}