{"id":67450,"date":"2021-12-19T14:22:19","date_gmt":"2021-12-19T14:22:19","guid":{"rendered":"https:\/\/gazetaregionalna.com\/?p=67450"},"modified":"2021-12-19T14:22:20","modified_gmt":"2021-12-19T14:22:20","slug":"trener-rakowa-marek-papszun-po-najwyzszym-zwyciestwie-w-pko-bp-ekstraklasie-swietny-rok-za-nami","status":"publish","type":"post","link":"https:\/\/gazetaregionalna.com\/?p=67450","title":{"rendered":"Trener Rakowa Marek Papszun po najwy\u017cszym zwyci\u0119stwie w PKO BP Ekstraklasie: \u015awietny rok za nami"},"content":{"rendered":"\n<p>&#8211; \u015awietny rok za nami \u2013 komentowa\u0142 na pomeczowej konferencji prasowej po zwyci\u0119stwie z Jagielloni\u0105 Bia\u0142ystok trener Rakowa Marek Papszun. &#8211; Puchar Polski, wicemistrzostwo Polski, Superpuchar, europejskie puchary, w kt\u00f3rych nie przynie\u015bli\u015bmy wstydu. Teraz top 3 w lidze. Nic tylko si\u0119 cieszy\u0107 i z podniesion\u0105 g\u0142ow\u0105 i\u015b\u0107 na spokojny odpoczynek<\/p>\n\n\n\n<p>Pi\u0142karze Rakowa Cz\u0119stochowa wygrali w pi\u0105tkowy wiecz\u00f3r w PKO BP Ekstraklasie z Jagielloni\u0105 Bia\u0142ystok a\u017c 5:0. To najwy\u017csze w historii zwyci\u0119stwo Rakowa w Ekstrakalsie.<\/p>\n\n\n\n<p>&#8211; My\u015bl\u0119, \u017ce zagrali\u015bmy \u015bwietny mecz szczeg\u00f3lnie w drugiej po\u0142owie \u2013 m\u00f3wi trener Rakowa Marek Papszun. &#8211; Nie przypominam sobie takiej cz\u0119\u015bci w naszym wykonaniu. To kapitalnie wysz\u0142o w tym ostatnim spotkaniu podsumowuj\u0105cym ten ten \u015bwietny rok dla Rakowa. Ten rok by\u0142 tak \u015bwietny jak ten mecz. Kolejny chyba wpis do historii, bo chyba najwy\u017csze zwyci\u0119stwo przynajmniej za mojej kadencji. Nam bardzo zale\u017ca\u0142o przede wszystkim, aby wygra\u0107 ten mecz i zmaza\u0107 t\u0105 plam\u0119, a w\u0142a\u015bciwie dwie plamy. Jedn\u0105 z przesz\u0142o\u015bci, czyli z 1 sierpnia, gdzie przegrali\u015bmy 0:3 w Bia\u0142ymstoku w okoliczno\u015bciach przed meczem pucharowym. A druga to ta druga po\u0142owa z G\u00f3rnikiem Zabrze, gdzie oddali\u015bmy mecz i przegrali\u015bmy pierwsze spotkanie na w\u0142asnym stadionie. To nam si\u0119 rzadko zdarza\u0142o za mojej kadencji, a w ekstraklasie jeszcze nigdy. Dlatego byli\u015bmy zmotywowani i zdeterminowani mimo swoich problem\u00f3w. Zesp\u00f3\u0142 stan\u0105\u0142 na wysoko\u015bci zadania. Zrobi\u0142 \u015bwietn\u0105 prac\u0119, \u015bwietny wynik i za to gratulacj\u0119. \u015awietny rok za nami. Puchar Polski, wicemistrzostwo Polski, Superpuchar, europejskie puchary, w kt\u00f3rych nie przynie\u015bli\u015bmy wstydu. Teraz top 3 w lidze. Nic tylko si\u0119 cieszy\u0107 i z podniesion\u0105 g\u0142ow\u0105 i\u015b\u0107 na spokojny odpoczynek. Ma\u0142o b\u0119dzie odpoczynku, ale odpoczynek b\u0119dzie zas\u0142u\u017cony. Z tego miejsca gratuluj\u0119 wszystkim osobom, kt\u00f3re by\u0142y w ten sukces zaanga\u017cowane. Przede wszystkim pi\u0142karzom. Szczeg\u00f3lne podzi\u0119kowania dla sztabu szkoleniowo-medyczno-organizacyjnego. To by\u0142o du\u017ce wyzwanie w tym roku, bo wi\u0119kszo\u015b\u0107 mecz\u00f3w grali\u015bmy na wyje\u017adzie i du\u017ca praca tych ludzi powodowa\u0142a to, \u017ce mo\u017cemy by\u0107 z tej dru\u017cyny dumni i ni\u0105 si\u0119 szczyci\u0107. To bardzo wa\u017cne. Gratulacje dla zarz\u0105du i w\u0142a\u015bciciela, kt\u00f3ry to wszystko finansuje i rozwija klub. I oby tak dalej. Wszystkim chcia\u0142bym \u017cyczy\u0107 weso\u0142ych \u015bwi\u0105t, zdrowia i odpoczynku, spe\u0142nienia marze\u0144 i realizacji cel\u00f3w w nowym roku.<\/p>\n\n\n\n<p>MR-K, foto: AK<\/p>\n\n\n\n<figure class=\"wp-block-image size-large\"><img decoding=\"async\" width=\"1024\" height=\"683\" data-src=\"https:\/\/gazetaregionalna.com\/wp-content\/uploads\/2021\/12\/Rakow-Gornik-43-1024x683.jpg\" alt=\"\" class=\"wp-image-67071 lazyload\" data-srcset=\"https:\/\/gazetaregionalna.com\/wp-content\/uploads\/2021\/12\/Rakow-Gornik-43-1024x683.jpg 1024w, https:\/\/gazetaregionalna.com\/wp-content\/uploads\/2021\/12\/Rakow-Gornik-43-300x200.jpg 300w, https:\/\/gazetaregionalna.com\/wp-content\/uploads\/2021\/12\/Rakow-Gornik-43-768x512.jpg 768w, https:\/\/gazetaregionalna.com\/wp-content\/uploads\/2021\/12\/Rakow-Gornik-43-1536x1024.jpg 1536w, https:\/\/gazetaregionalna.com\/wp-content\/uploads\/2021\/12\/Rakow-Gornik-43-2048x1366.jpg 2048w, https:\/\/gazetaregionalna.com\/wp-content\/uploads\/2021\/12\/Rakow-Gornik-43-696x464.jpg 696w, https:\/\/gazetaregionalna.com\/wp-content\/uploads\/2021\/12\/Rakow-Gornik-43-1068x712.jpg 1068w, https:\/\/gazetaregionalna.com\/wp-content\/uploads\/2021\/12\/Rakow-Gornik-43-1920x1280.jpg 1920w, https:\/\/gazetaregionalna.com\/wp-content\/uploads\/2021\/12\/Rakow-Gornik-43-630x420.jpg 630w, https:\/\/gazetaregionalna.com\/wp-content\/uploads\/2021\/12\/Rakow-Gornik-43-scaled.jpg 1600w\" data-sizes=\"(max-width: 1024px) 100vw, 1024px\" src=\"data:image\/svg+xml;base64,PHN2ZyB3aWR0aD0iMSIgaGVpZ2h0PSIxIiB4bWxucz0iaHR0cDovL3d3dy53My5vcmcvMjAwMC9zdmciPjwvc3ZnPg==\" style=\"--smush-placeholder-width: 1024px; --smush-placeholder-aspect-ratio: 1024\/683;\" \/><\/figure>\n\n\n\n<figure class=\"wp-block-image size-large\"><img decoding=\"async\" width=\"1024\" height=\"683\" data-src=\"https:\/\/gazetaregionalna.com\/wp-content\/uploads\/2021\/12\/Rakow-Gornik-44-1024x683.jpg\" alt=\"\" class=\"wp-image-67175 lazyload\" data-srcset=\"https:\/\/gazetaregionalna.com\/wp-content\/uploads\/2021\/12\/Rakow-Gornik-44-1024x683.jpg 1024w, https:\/\/gazetaregionalna.com\/wp-content\/uploads\/2021\/12\/Rakow-Gornik-44-300x200.jpg 300w, https:\/\/gazetaregionalna.com\/wp-content\/uploads\/2021\/12\/Rakow-Gornik-44-768x512.jpg 768w, https:\/\/gazetaregionalna.com\/wp-content\/uploads\/2021\/12\/Rakow-Gornik-44-1536x1024.jpg 1536w, https:\/\/gazetaregionalna.com\/wp-content\/uploads\/2021\/12\/Rakow-Gornik-44-2048x1365.jpg 2048w, https:\/\/gazetaregionalna.com\/wp-content\/uploads\/2021\/12\/Rakow-Gornik-44-696x464.jpg 696w, https:\/\/gazetaregionalna.com\/wp-content\/uploads\/2021\/12\/Rakow-Gornik-44-1068x712.jpg 1068w, https:\/\/gazetaregionalna.com\/wp-content\/uploads\/2021\/12\/Rakow-Gornik-44-1920x1280.jpg 1920w, https:\/\/gazetaregionalna.com\/wp-content\/uploads\/2021\/12\/Rakow-Gornik-44-630x420.jpg 630w, https:\/\/gazetaregionalna.com\/wp-content\/uploads\/2021\/12\/Rakow-Gornik-44-scaled.jpg 1600w\" data-sizes=\"(max-width: 1024px) 100vw, 1024px\" src=\"data:image\/svg+xml;base64,PHN2ZyB3aWR0aD0iMSIgaGVpZ2h0PSIxIiB4bWxucz0iaHR0cDovL3d3dy53My5vcmcvMjAwMC9zdmciPjwvc3ZnPg==\" style=\"--smush-placeholder-width: 1024px; --smush-placeholder-aspect-ratio: 1024\/683;\" \/><\/figure>\n","protected":false},"excerpt":{"rendered":"<p>&#8211; \u015awietny rok za nami \u2013 komentowa\u0142 na pomeczowej konferencji prasowej po zwyci\u0119stwie z Jagielloni\u0105 Bia\u0142ystok trener Rakowa Marek Papszun. &#8211; Puchar Polski, wicemistrzostwo<\/p>\n","protected":false},"author":15,"featured_media":67071,"comment_status":"open","ping_status":"open","sticky":false,"template":"","format":"standard","meta":{"_monsterinsights_skip_tracking":false,"_monsterinsights_sitenote_active":false,"_monsterinsights_sitenote_note":"","_monsterinsights_sitenote_category":0,"_uf_show_specific_survey":0,"_uf_disable_surveys":false,"footnotes":""},"categories":[5,6],"tags":[],"class_list":["post-67450","post","type-post","status-publish","format-standard","has-post-thumbnail","hentry","category-sport","category-pilka-nozna"],"_links":{"self":[{"href":"https:\/\/gazetaregionalna.com\/index.php?rest_route=\/wp\/v2\/posts\/67450","targetHints":{"allow":["GET"]}}],"collection":[{"href":"https:\/\/gazetaregionalna.com\/index.php?rest_route=\/wp\/v2\/posts"}],"about":[{"href":"https:\/\/gazetaregionalna.com\/index.php?rest_route=\/wp\/v2\/types\/post"}],"author":[{"embeddable":true,"href":"https:\/\/gazetaregionalna.com\/index.php?rest_route=\/wp\/v2\/users\/15"}],"replies":[{"embeddable":true,"href":"https:\/\/gazetaregionalna.com\/index.php?rest_route=%2Fwp%2Fv2%2Fcomments&post=67450"}],"version-history":[{"count":1,"href":"https:\/\/gazetaregionalna.com\/index.php?rest_route=\/wp\/v2\/posts\/67450\/revisions"}],"predecessor-version":[{"id":67451,"href":"https:\/\/gazetaregionalna.com\/index.php?rest_route=\/wp\/v2\/posts\/67450\/revisions\/67451"}],"wp:featuredmedia":[{"embeddable":true,"href":"https:\/\/gazetaregionalna.com\/index.php?rest_route=\/wp\/v2\/media\/67071"}],"wp:attachment":[{"href":"https:\/\/gazetaregionalna.com\/index.php?rest_route=%2Fwp%2Fv2%2Fmedia&parent=67450"}],"wp:term":[{"taxonomy":"category","embeddable":true,"href":"https:\/\/gazetaregionalna.com\/index.php?rest_route=%2Fwp%2Fv2%2Fcategories&post=67450"},{"taxonomy":"post_tag","embeddable":true,"href":"https:\/\/gazetaregionalna.com\/index.php?rest_route=%2Fwp%2Fv2%2Ftags&post=67450"}],"curies":[{"name":"wp","href":"https:\/\/api.w.org\/{rel}","templated":true}]}}