{"id":67444,"date":"2021-12-19T12:57:30","date_gmt":"2021-12-19T12:57:30","guid":{"rendered":"https:\/\/gazetaregionalna.com\/?p=67444"},"modified":"2021-12-19T12:57:31","modified_gmt":"2021-12-19T12:57:31","slug":"wicelider-za-silny-hala-polonia-ponownie-zdobyta","status":"publish","type":"post","link":"https:\/\/gazetaregionalna.com\/?p=67444","title":{"rendered":"Wicelider za silny. Hala Polonia ponownie zdobyta"},"content":{"rendered":"\n<p>Koszykarze AZS Cz\u0119stochowa w ostatnim meczu 2021 roku zmierzyli si\u0119 w Hali Polonia z wiceliderem 2 ligi KKS Ragor Tarnowskie G\u00f3ry. Cz\u0119stochowianie przegrali r\u00f3\u017cnic\u0105 30 punkt\u00f3w.<\/p>\n\n\n\n<p>Przed sobotnim meczem koszykarzy AZS z KKS Ragor zdecydowanym faworytem byli go\u015bcie, kt\u00f3rzy zajmowali pozycj\u0119 wicelidera. Ale pierwsza kwarta wygrana przez gospodarzy 23:19 rozbudzi\u0142a nadzieje, na korzystny wynik. Niestety, ale od drugiej kwarty go\u015bcie przej\u0119li inicjatyw\u0119 pod koszami. KKS wygra\u0142 drug\u0105 kwart\u0119 24:13 i na przerw\u0119 schodzi\u0142 prowadz\u0105c 43:36.<\/p>\n\n\n\n<p>Po przerwie go\u015bcie podkr\u0119cili tempo gry. Wygrali te\u017c trzeci\u0105 i czwart\u0105 cz\u0119\u015b\u0107 meczu. Ostatecznie gospodarze przegrali r\u00f3\u017cnic\u0105 30 punkt\u00f3w.<\/p>\n\n\n\n<p>Koszykarze AZS Cz\u0119stochowa po 15 meczach maj\u0105 na koncie 20 punkt\u00f3w i zajmuj\u0105 10. miejsce w tabeli grupy C 2 ligi.<\/p>\n\n\n\n<p>&#8211; Pierwsza po\u0142owa napawa\u0142a optymizmem \u2013 oceniaj\u0105 trenerzy AZS Cz\u0119stochowa Micha\u0142 Saran i Tomasz Nogalski. &#8211; Grali\u015bmy nie\u017ale w obronie i w ataku. By\u0142o wida\u0107, \u017ce obie dru\u017cyny s\u0105 taktycznie dobrze przygotowane i maj\u0105 odczytane wszystkie zagrywki ofensywne przeciwnika. W drugiej po\u0142owie niestety zauwa\u017calne by\u0142o wi\u0119ksze do\u015bwiadczenie naszych przeciwnik\u00f3w. I niestety zn\u00f3w przydarzy\u0142a nam si\u0119 jedna fatalna kwarta. W czwartej kwarcie rzucili\u015bmy jedynie 5 punkt\u00f3w i to zawa\u017cy\u0142o na rozmiarach pora\u017cki. Zauwa\u017cymy mimo wszystko post\u0119p gry naszych zawodnik\u00f3w szczeg\u00f3lnie w grze defensywnej. Dzi\u0119kujemy serdecznie za obecno\u015b\u0107 kibic\u00f3w i do zobaczenia w przysz\u0142ym roku.<\/p>\n\n\n\n<p><strong>AZS Cz\u0119stochowa \u2013 KKS Ragor Tarnowskie G\u00f3ry 59:89 (23:19, 13:24, 18:26, 5:20)<\/strong><\/p>\n\n\n\n<p><strong>AZS: <\/strong>D. J\u00f3zefowski 27, M. Majcherek 12, T. Nogalski 8, D. Szulc 7, P. \u0141aszewski 3, P. M\u0142ynarczyk 2, K. Lig\u0119za 0, K. Hajdu\u015b 0, M. Boruc 0.<\/p>\n\n\n\n<p>AK, foto: AK<\/p>\n\n\n\n<figure class=\"wp-block-image size-large\"><img decoding=\"async\" width=\"1024\" height=\"564\" data-src=\"https:\/\/gazetaregionalna.com\/wp-content\/uploads\/2021\/11\/AZS-Gliwice-4-1-1024x564.jpg\" alt=\"\" class=\"wp-image-64756 lazyload\" data-srcset=\"https:\/\/gazetaregionalna.com\/wp-content\/uploads\/2021\/11\/AZS-Gliwice-4-1-1024x564.jpg 1024w, https:\/\/gazetaregionalna.com\/wp-content\/uploads\/2021\/11\/AZS-Gliwice-4-1-300x165.jpg 300w, https:\/\/gazetaregionalna.com\/wp-content\/uploads\/2021\/11\/AZS-Gliwice-4-1-768x423.jpg 768w, https:\/\/gazetaregionalna.com\/wp-content\/uploads\/2021\/11\/AZS-Gliwice-4-1-1536x846.jpg 1536w, https:\/\/gazetaregionalna.com\/wp-content\/uploads\/2021\/11\/AZS-Gliwice-4-1-2048x1128.jpg 2048w, https:\/\/gazetaregionalna.com\/wp-content\/uploads\/2021\/11\/AZS-Gliwice-4-1-696x383.jpg 696w, https:\/\/gazetaregionalna.com\/wp-content\/uploads\/2021\/11\/AZS-Gliwice-4-1-1068x588.jpg 1068w, https:\/\/gazetaregionalna.com\/wp-content\/uploads\/2021\/11\/AZS-Gliwice-4-1-1920x1058.jpg 1920w, https:\/\/gazetaregionalna.com\/wp-content\/uploads\/2021\/11\/AZS-Gliwice-4-1-762x420.jpg 762w, https:\/\/gazetaregionalna.com\/wp-content\/uploads\/2021\/11\/AZS-Gliwice-4-1-scaled.jpg 1600w\" data-sizes=\"(max-width: 1024px) 100vw, 1024px\" src=\"data:image\/svg+xml;base64,PHN2ZyB3aWR0aD0iMSIgaGVpZ2h0PSIxIiB4bWxucz0iaHR0cDovL3d3dy53My5vcmcvMjAwMC9zdmciPjwvc3ZnPg==\" style=\"--smush-placeholder-width: 1024px; --smush-placeholder-aspect-ratio: 1024\/564;\" \/><\/figure>\n\n\n\n<figure class=\"wp-block-image size-large\"><img decoding=\"async\" width=\"300\" height=\"250\" data-src=\"https:\/\/gazetaregionalna.com\/wp-content\/uploads\/2021\/10\/DMKInvest2.jpg\" alt=\"\" class=\"wp-image-58380 lazyload\" src=\"data:image\/svg+xml;base64,PHN2ZyB3aWR0aD0iMSIgaGVpZ2h0PSIxIiB4bWxucz0iaHR0cDovL3d3dy53My5vcmcvMjAwMC9zdmciPjwvc3ZnPg==\" style=\"--smush-placeholder-width: 300px; --smush-placeholder-aspect-ratio: 300\/250;\"><\/figure>\n","protected":false},"excerpt":{"rendered":"<p>Koszykarze AZS Cz\u0119stochowa w ostatnim meczu 2021 roku zmierzyli si\u0119 w Hali Polonia z wiceliderem 2 ligi KKS Ragor Tarnowskie G\u00f3ry. Cz\u0119stochowianie przegrali r\u00f3\u017cnic\u0105<\/p>\n","protected":false},"author":15,"featured_media":64756,"comment_status":"open","ping_status":"open","sticky":false,"template":"","format":"standard","meta":{"_monsterinsights_skip_tracking":false,"_monsterinsights_sitenote_active":false,"_monsterinsights_sitenote_note":"","_monsterinsights_sitenote_category":0,"_uf_show_specific_survey":0,"_uf_disable_surveys":false,"footnotes":""},"categories":[5,9],"tags":[],"class_list":["post-67444","post","type-post","status-publish","format-standard","has-post-thumbnail","hentry","category-sport","category-koszykowka"],"_links":{"self":[{"href":"https:\/\/gazetaregionalna.com\/index.php?rest_route=\/wp\/v2\/posts\/67444","targetHints":{"allow":["GET"]}}],"collection":[{"href":"https:\/\/gazetaregionalna.com\/index.php?rest_route=\/wp\/v2\/posts"}],"about":[{"href":"https:\/\/gazetaregionalna.com\/index.php?rest_route=\/wp\/v2\/types\/post"}],"author":[{"embeddable":true,"href":"https:\/\/gazetaregionalna.com\/index.php?rest_route=\/wp\/v2\/users\/15"}],"replies":[{"embeddable":true,"href":"https:\/\/gazetaregionalna.com\/index.php?rest_route=%2Fwp%2Fv2%2Fcomments&post=67444"}],"version-history":[{"count":1,"href":"https:\/\/gazetaregionalna.com\/index.php?rest_route=\/wp\/v2\/posts\/67444\/revisions"}],"predecessor-version":[{"id":67445,"href":"https:\/\/gazetaregionalna.com\/index.php?rest_route=\/wp\/v2\/posts\/67444\/revisions\/67445"}],"wp:featuredmedia":[{"embeddable":true,"href":"https:\/\/gazetaregionalna.com\/index.php?rest_route=\/wp\/v2\/media\/64756"}],"wp:attachment":[{"href":"https:\/\/gazetaregionalna.com\/index.php?rest_route=%2Fwp%2Fv2%2Fmedia&parent=67444"}],"wp:term":[{"taxonomy":"category","embeddable":true,"href":"https:\/\/gazetaregionalna.com\/index.php?rest_route=%2Fwp%2Fv2%2Fcategories&post=67444"},{"taxonomy":"post_tag","embeddable":true,"href":"https:\/\/gazetaregionalna.com\/index.php?rest_route=%2Fwp%2Fv2%2Ftags&post=67444"}],"curies":[{"name":"wp","href":"https:\/\/api.w.org\/{rel}","templated":true}]}}