{"id":6732,"date":"2019-09-29T07:25:50","date_gmt":"2019-09-29T07:25:50","guid":{"rendered":"https:\/\/gazetaregionalna.com\/?p=6732"},"modified":"2019-09-29T07:25:53","modified_gmt":"2019-09-29T07:25:53","slug":"konsultacje-w-sprawie-promenady","status":"publish","type":"post","link":"https:\/\/gazetaregionalna.com\/?p=6732","title":{"rendered":"Konsultacje w sprawie Promenady"},"content":{"rendered":"\n<p>W poniedzia\u0142ek o godzinie 18 w sali sesyjnej Urz\u0119du Miasta odb\u0119dzie si\u0119 spotkanie w ramach trwaj\u0105cych konsultacji spo\u0142ecznych dotycz\u0105cych projektu,Odnowa Promenady Niemena\u201d.<br> W trakcie spotkanie mieszka\u0144cy Cz\u0119stochowy b\u0119d\u0105 mogli wypowiedzie\u0107 si\u0119 na temat proponowanych wariant\u00f3w modernizacji tego popularnego deptaka, a tak\u017ce podzieli\u0107 si\u0119 swoimi spostrze\u017ceniami i uwagami na temat tego, jak po przebudowie powinna wygl\u0105da\u0107 Promenada.<\/p>\n\n\n\n<figure class=\"wp-block-image\"><img decoding=\"async\" data-src=\"https:\/\/gazetaregionalna.com\/wp-content\/uploads\/2019\/09\/romenada1.jpg\" alt=\"\" class=\"wp-image-6734 lazyload\" src=\"data:image\/svg+xml;base64,PHN2ZyB3aWR0aD0iMSIgaGVpZ2h0PSIxIiB4bWxucz0iaHR0cDovL3d3dy53My5vcmcvMjAwMC9zdmciPjwvc3ZnPg==\"><\/figure>\n\n\n\n<p><br> Samorz\u0105d przypomina, \u017ce w trakcie trwania konsultacji \u2013 czyli do 30 wrze\u015bnia \u2013 z proponowanymi koncepcjami mo\u017cna zapozna\u0107 si\u0119 na stronie www.promenada.czestochowa.pl .<br> Tam te\u017c mo\u017cna wskaza\u0107 swoj\u0105 preferencj\u0119 oraz wyrazi\u0107 opini\u0119 na temat projekt\u00f3w. Ankiet\u0119 konsultacyjn\u0105 mo\u017cna wype\u0142ni\u0107 tak\u017ce w formie papierowej w Referacie Dialogu i Praw Cz\u0142owieka Urz\u0119du Miasta Cz\u0119stochowy przy ul. Focha 19\/21, pok\u00f3j 32.<\/p>\n","protected":false},"excerpt":{"rendered":"<p>W poniedzia\u0142ek o godzinie 18 w sali sesyjnej Urz\u0119du Miasta odb\u0119dzie si\u0119 spotkanie w ramach trwaj\u0105cych konsultacji spo\u0142ecznych dotycz\u0105cych projektu,Odnowa Promenady Niemena\u201d. W trakcie<\/p>\n","protected":false},"author":7,"featured_media":5742,"comment_status":"open","ping_status":"open","sticky":false,"template":"","format":"standard","meta":{"_monsterinsights_skip_tracking":false,"_monsterinsights_sitenote_active":false,"_monsterinsights_sitenote_note":"","_monsterinsights_sitenote_category":0,"_uf_show_specific_survey":0,"_uf_disable_surveys":false,"footnotes":""},"categories":[3,33,94,2],"tags":[],"class_list":["post-6732","post","type-post","status-publish","format-standard","has-post-thumbnail","hentry","category-czestochowa-informacje","category-inwestycje","category-polecane","category-wiadomosci"],"_links":{"self":[{"href":"https:\/\/gazetaregionalna.com\/index.php?rest_route=\/wp\/v2\/posts\/6732","targetHints":{"allow":["GET"]}}],"collection":[{"href":"https:\/\/gazetaregionalna.com\/index.php?rest_route=\/wp\/v2\/posts"}],"about":[{"href":"https:\/\/gazetaregionalna.com\/index.php?rest_route=\/wp\/v2\/types\/post"}],"author":[{"embeddable":true,"href":"https:\/\/gazetaregionalna.com\/index.php?rest_route=\/wp\/v2\/users\/7"}],"replies":[{"embeddable":true,"href":"https:\/\/gazetaregionalna.com\/index.php?rest_route=%2Fwp%2Fv2%2Fcomments&post=6732"}],"version-history":[{"count":1,"href":"https:\/\/gazetaregionalna.com\/index.php?rest_route=\/wp\/v2\/posts\/6732\/revisions"}],"predecessor-version":[{"id":6735,"href":"https:\/\/gazetaregionalna.com\/index.php?rest_route=\/wp\/v2\/posts\/6732\/revisions\/6735"}],"wp:featuredmedia":[{"embeddable":true,"href":"https:\/\/gazetaregionalna.com\/index.php?rest_route=\/wp\/v2\/media\/5742"}],"wp:attachment":[{"href":"https:\/\/gazetaregionalna.com\/index.php?rest_route=%2Fwp%2Fv2%2Fmedia&parent=6732"}],"wp:term":[{"taxonomy":"category","embeddable":true,"href":"https:\/\/gazetaregionalna.com\/index.php?rest_route=%2Fwp%2Fv2%2Fcategories&post=6732"},{"taxonomy":"post_tag","embeddable":true,"href":"https:\/\/gazetaregionalna.com\/index.php?rest_route=%2Fwp%2Fv2%2Ftags&post=6732"}],"curies":[{"name":"wp","href":"https:\/\/api.w.org\/{rel}","templated":true}]}}