{"id":67262,"date":"2021-12-17T12:22:55","date_gmt":"2021-12-17T12:22:55","guid":{"rendered":"https:\/\/gazetaregionalna.com\/?p=67262"},"modified":"2021-12-17T12:24:33","modified_gmt":"2021-12-17T12:24:33","slug":"klobucka-policja-bada-okolicznosci-wypadku-z-udzialem-pieszego-i-apeluje-o-noszenie-odblaskow","status":"publish","type":"post","link":"https:\/\/gazetaregionalna.com\/?p=67262","title":{"rendered":"K\u0142obucka policja bada okoliczno\u015bci wypadku z udzia\u0142em pieszego i apeluje o noszenie odblask\u00f3w"},"content":{"rendered":"\n<h2 class=\"wp-block-heading\">Policjanci z Komendy Powiatowej Policji w K\u0142obucku badaj\u0105 okoliczno\u015bci wypadku, w kt\u00f3rym potr\u0105cony zosta\u0142 pieszy. Przechodz\u0105cego przez jezdni\u0119 o zmroku m\u0119\u017cczyzny nie zauwa\u017cy\u0142 kierowca busa. 83-letni m\u0119\u017cczyzna potr\u0105cony przez samoch\u00f3d trafi\u0142 do szpitala. Policjanci apeluj\u0105 o noszenie odblask\u00f3w.<\/h2>\n\n\n\n<figure class=\"wp-block-gallery columns-3 is-cropped wp-block-gallery-1 is-layout-flex wp-block-gallery-is-layout-flex\"><ul class=\"blocks-gallery-grid\"><li class=\"blocks-gallery-item\"><figure><a href=\"https:\/\/gazetaregionalna.com\/wp-content\/uploads\/2021\/12\/47-687027.jpg\"><img decoding=\"async\" width=\"1024\" height=\"683\" data-src=\"https:\/\/gazetaregionalna.com\/wp-content\/uploads\/2021\/12\/47-687027-1024x683.jpg\" alt=\"\" data-id=\"67272\" data-full-url=\"https:\/\/gazetaregionalna.com\/wp-content\/uploads\/2021\/12\/47-687027.jpg\" data-link=\"https:\/\/gazetaregionalna.com\/?attachment_id=67272\" class=\"wp-image-67272 lazyload\" data-srcset=\"https:\/\/gazetaregionalna.com\/wp-content\/uploads\/2021\/12\/47-687027-1024x683.jpg 1024w, https:\/\/gazetaregionalna.com\/wp-content\/uploads\/2021\/12\/47-687027-300x200.jpg 300w, https:\/\/gazetaregionalna.com\/wp-content\/uploads\/2021\/12\/47-687027-768x512.jpg 768w, https:\/\/gazetaregionalna.com\/wp-content\/uploads\/2021\/12\/47-687027-696x464.jpg 696w, https:\/\/gazetaregionalna.com\/wp-content\/uploads\/2021\/12\/47-687027-1068x712.jpg 1068w, https:\/\/gazetaregionalna.com\/wp-content\/uploads\/2021\/12\/47-687027-630x420.jpg 630w, https:\/\/gazetaregionalna.com\/wp-content\/uploads\/2021\/12\/47-687027.jpg 1200w\" data-sizes=\"(max-width: 1024px) 100vw, 1024px\" src=\"data:image\/svg+xml;base64,PHN2ZyB3aWR0aD0iMSIgaGVpZ2h0PSIxIiB4bWxucz0iaHR0cDovL3d3dy53My5vcmcvMjAwMC9zdmciPjwvc3ZnPg==\" style=\"--smush-placeholder-width: 1024px; --smush-placeholder-aspect-ratio: 1024\/683;\" \/><\/a><\/figure><\/li><li class=\"blocks-gallery-item\"><figure><a href=\"https:\/\/gazetaregionalna.com\/wp-content\/uploads\/2021\/12\/47-687028.jpg\"><img decoding=\"async\" width=\"1024\" height=\"683\" data-src=\"https:\/\/gazetaregionalna.com\/wp-content\/uploads\/2021\/12\/47-687028-1024x683.jpg\" alt=\"\" data-id=\"67274\" data-full-url=\"https:\/\/gazetaregionalna.com\/wp-content\/uploads\/2021\/12\/47-687028.jpg\" data-link=\"https:\/\/gazetaregionalna.com\/?attachment_id=67274\" class=\"wp-image-67274 lazyload\" data-srcset=\"https:\/\/gazetaregionalna.com\/wp-content\/uploads\/2021\/12\/47-687028-1024x683.jpg 1024w, https:\/\/gazetaregionalna.com\/wp-content\/uploads\/2021\/12\/47-687028-300x200.jpg 300w, https:\/\/gazetaregionalna.com\/wp-content\/uploads\/2021\/12\/47-687028-768x512.jpg 768w, https:\/\/gazetaregionalna.com\/wp-content\/uploads\/2021\/12\/47-687028-696x464.jpg 696w, https:\/\/gazetaregionalna.com\/wp-content\/uploads\/2021\/12\/47-687028-1068x712.jpg 1068w, https:\/\/gazetaregionalna.com\/wp-content\/uploads\/2021\/12\/47-687028-630x420.jpg 630w, https:\/\/gazetaregionalna.com\/wp-content\/uploads\/2021\/12\/47-687028.jpg 1200w\" data-sizes=\"(max-width: 1024px) 100vw, 1024px\" src=\"data:image\/svg+xml;base64,PHN2ZyB3aWR0aD0iMSIgaGVpZ2h0PSIxIiB4bWxucz0iaHR0cDovL3d3dy53My5vcmcvMjAwMC9zdmciPjwvc3ZnPg==\" style=\"--smush-placeholder-width: 1024px; --smush-placeholder-aspect-ratio: 1024\/683;\" \/><\/a><\/figure><\/li><li class=\"blocks-gallery-item\"><figure><a href=\"https:\/\/gazetaregionalna.com\/wp-content\/uploads\/2021\/12\/47-687029.jpg\"><img decoding=\"async\" width=\"1024\" height=\"683\" data-src=\"https:\/\/gazetaregionalna.com\/wp-content\/uploads\/2021\/12\/47-687029-1024x683.jpg\" alt=\"\" data-id=\"67275\" data-full-url=\"https:\/\/gazetaregionalna.com\/wp-content\/uploads\/2021\/12\/47-687029.jpg\" data-link=\"https:\/\/gazetaregionalna.com\/?attachment_id=67275\" class=\"wp-image-67275 lazyload\" data-srcset=\"https:\/\/gazetaregionalna.com\/wp-content\/uploads\/2021\/12\/47-687029-1024x683.jpg 1024w, https:\/\/gazetaregionalna.com\/wp-content\/uploads\/2021\/12\/47-687029-300x200.jpg 300w, https:\/\/gazetaregionalna.com\/wp-content\/uploads\/2021\/12\/47-687029-768x512.jpg 768w, https:\/\/gazetaregionalna.com\/wp-content\/uploads\/2021\/12\/47-687029-696x464.jpg 696w, https:\/\/gazetaregionalna.com\/wp-content\/uploads\/2021\/12\/47-687029-1068x712.jpg 1068w, https:\/\/gazetaregionalna.com\/wp-content\/uploads\/2021\/12\/47-687029-630x420.jpg 630w, https:\/\/gazetaregionalna.com\/wp-content\/uploads\/2021\/12\/47-687029.jpg 1200w\" data-sizes=\"(max-width: 1024px) 100vw, 1024px\" src=\"data:image\/svg+xml;base64,PHN2ZyB3aWR0aD0iMSIgaGVpZ2h0PSIxIiB4bWxucz0iaHR0cDovL3d3dy53My5vcmcvMjAwMC9zdmciPjwvc3ZnPg==\" style=\"--smush-placeholder-width: 1024px; --smush-placeholder-aspect-ratio: 1024\/683;\" \/><\/a><\/figure><\/li><\/ul><\/figure>\n\n\n\n<p>Do wypadku dosz\u0142o wczoraj, kilkana\u015bcie minut po godzinie 16, gdy zacz\u0119\u0142o si\u0119 \u015bciemnia\u0107. Oficer dy\u017curny k\u0142obuckiej komendy otrzyma\u0142 zg\u0142oszenie dotycz\u0105ce potr\u0105cenia pieszego.<\/p>\n\n\n\n<p>Ze wst\u0119pnych ustale\u0144 k\u0142obuckiej drog\u00f3wki wynika, \u017ce jad\u0105cy w kierunku centrum miasta, 23-letni kierowca busa, mieszkaniec powiatu cz\u0119stochowskiego, potr\u0105ci\u0142 przechodz\u0105cego przez jezdni\u0119 83-letniego mieszka\u0144ca K\u0142obucka. Do zdarzenia dosz\u0142o w rejonie skrzy\u017cowania z ul. Mickiewicza, a potr\u0105cony m\u0119\u017cczyzna przechodzi\u0142 przez jezdnie z lewej strony jad\u0105cego pojazdu. Kieruj\u0105cy busem by\u0142 trze\u017awy, jednak dodatkowo od 23-latka pobrano krew w celu przeprowadzenia bada\u0144 na zawarto\u015b\u0107 \u015brodk\u00f3w psychoaktywnych.<\/p>\n\n\n\n<p>By\u0107 mo\u017ce do tego wypadku by nie dosz\u0142o, gdyby 83-latek by\u0142 lepiej widoczny. Dlatego policja przypomina i apelujemy, \u017ceby w okresie jesienno-zimowym, gdy wcze\u015bnie zapada zmrok i widoczno\u015b\u0107 jest zdecydowanie gorsza, zak\u0142ada\u0107 odblaski.<\/p>\n","protected":false},"excerpt":{"rendered":"<p>Policjanci z Komendy Powiatowej Policji w K\u0142obucku badaj\u0105 okoliczno\u015bci wypadku, w kt\u00f3rym potr\u0105cony zosta\u0142 pieszy. Przechodz\u0105cego przez jezdni\u0119 o zmroku m\u0119\u017cczyzny nie zauwa\u017cy\u0142 kierowca<\/p>\n","protected":false},"author":7,"featured_media":67272,"comment_status":"open","ping_status":"open","sticky":false,"template":"","format":"standard","meta":{"_monsterinsights_skip_tracking":false,"_monsterinsights_sitenote_active":false,"_monsterinsights_sitenote_note":"","_monsterinsights_sitenote_category":0,"_uf_show_specific_survey":0,"_uf_disable_surveys":false,"footnotes":""},"categories":[94,27,4,2],"tags":[],"class_list":["post-67262","post","type-post","status-publish","format-standard","has-post-thumbnail","hentry","category-polecane","category-klobuck-informacje","category-region","category-wiadomosci"],"_links":{"self":[{"href":"https:\/\/gazetaregionalna.com\/index.php?rest_route=\/wp\/v2\/posts\/67262","targetHints":{"allow":["GET"]}}],"collection":[{"href":"https:\/\/gazetaregionalna.com\/index.php?rest_route=\/wp\/v2\/posts"}],"about":[{"href":"https:\/\/gazetaregionalna.com\/index.php?rest_route=\/wp\/v2\/types\/post"}],"author":[{"embeddable":true,"href":"https:\/\/gazetaregionalna.com\/index.php?rest_route=\/wp\/v2\/users\/7"}],"replies":[{"embeddable":true,"href":"https:\/\/gazetaregionalna.com\/index.php?rest_route=%2Fwp%2Fv2%2Fcomments&post=67262"}],"version-history":[{"count":2,"href":"https:\/\/gazetaregionalna.com\/index.php?rest_route=\/wp\/v2\/posts\/67262\/revisions"}],"predecessor-version":[{"id":67277,"href":"https:\/\/gazetaregionalna.com\/index.php?rest_route=\/wp\/v2\/posts\/67262\/revisions\/67277"}],"wp:featuredmedia":[{"embeddable":true,"href":"https:\/\/gazetaregionalna.com\/index.php?rest_route=\/wp\/v2\/media\/67272"}],"wp:attachment":[{"href":"https:\/\/gazetaregionalna.com\/index.php?rest_route=%2Fwp%2Fv2%2Fmedia&parent=67262"}],"wp:term":[{"taxonomy":"category","embeddable":true,"href":"https:\/\/gazetaregionalna.com\/index.php?rest_route=%2Fwp%2Fv2%2Fcategories&post=67262"},{"taxonomy":"post_tag","embeddable":true,"href":"https:\/\/gazetaregionalna.com\/index.php?rest_route=%2Fwp%2Fv2%2Ftags&post=67262"}],"curies":[{"name":"wp","href":"https:\/\/api.w.org\/{rel}","templated":true}]}}