{"id":67256,"date":"2021-12-17T12:03:26","date_gmt":"2021-12-17T12:03:26","guid":{"rendered":"https:\/\/gazetaregionalna.com\/?p=67256"},"modified":"2021-12-17T12:03:27","modified_gmt":"2021-12-17T12:03:27","slug":"wpadl-z-marihuana-teraz-ma-problemy","status":"publish","type":"post","link":"https:\/\/gazetaregionalna.com\/?p=67256","title":{"rendered":"Wpad\u0142 z marihuan\u0105, teraz ma problemy"},"content":{"rendered":"\n<h2 class=\"wp-block-heading\">29-letni m\u0119\u017cczyzna zosta\u0142 zatrzymany przez myszkowsk\u0105 policj\u0119, teraz ma problemy, bo posiada\u0142 narkotyki.<\/h2>\n\n\n\n<p>Policjanci z Ogniwa Patrolowo- Interwencyjnego myszkowskiej komendy zatrzymali 29-letniego myszkowianina. M\u0119\u017cczyzna wpad\u0142 w r\u0119ce policjant\u00f3w  w Myszkowie na ulicy Ko\u015bciuszki. <\/p>\n\n\n\n<p> Podczas patrolu miasta funkcjonariusze zauwa\u017cyli w rejonie osiedla, \u017ce m\u0119\u017cczyzna id\u0105cy chodnikiem, nagle na widok radiowozu zmieni\u0142 kierunek marszu i szybkim krokiem idzie w odwrotnym kierunku. Postanowili wi\u0119c sprawdzi\u0107, co jest powodem takiego zachowania. Dogonili m\u0119\u017cczyzn\u0119 i podj\u0119li czynno\u015bci zwi\u0105zane z legitymowaniem. Podczas kontroli osobistej, str\u00f3\u017ce prawa ujawnili woreczek z zielonym suszem. Jak si\u0119 okaza\u0142o, by\u0142a to marihuana. z kt\u00f3rej mo\u017cna by\u0142o przygotowa\u0107 15 &#8222;dzia\u0142ek&#8221; tego narkotyku. <\/p>\n\n\n\n<p>29-latek zosta\u0142 zatrzymany i us\u0142ysza\u0142 zarzut posiadania \u015brodk\u00f3w narkotycznych za co grozi nawet 3 lata za kratami.<\/p>\n","protected":false},"excerpt":{"rendered":"<p>29-letni m\u0119\u017cczyzna zosta\u0142 zatrzymany przez myszkowsk\u0105 policj\u0119, teraz ma problemy, bo posiada\u0142 narkotyki. Policjanci z Ogniwa Patrolowo- Interwencyjnego myszkowskiej komendy zatrzymali 29-letniego myszkowianina. M\u0119\u017cczyzna<\/p>\n","protected":false},"author":7,"featured_media":64742,"comment_status":"open","ping_status":"open","sticky":false,"template":"","format":"standard","meta":{"_monsterinsights_skip_tracking":false,"_monsterinsights_sitenote_active":false,"_monsterinsights_sitenote_note":"","_monsterinsights_sitenote_category":0,"_uf_show_specific_survey":0,"_uf_disable_surveys":false,"footnotes":""},"categories":[94,26,4,2],"tags":[],"class_list":["post-67256","post","type-post","status-publish","format-standard","has-post-thumbnail","hentry","category-polecane","category-myszkow","category-region","category-wiadomosci"],"_links":{"self":[{"href":"https:\/\/gazetaregionalna.com\/index.php?rest_route=\/wp\/v2\/posts\/67256","targetHints":{"allow":["GET"]}}],"collection":[{"href":"https:\/\/gazetaregionalna.com\/index.php?rest_route=\/wp\/v2\/posts"}],"about":[{"href":"https:\/\/gazetaregionalna.com\/index.php?rest_route=\/wp\/v2\/types\/post"}],"author":[{"embeddable":true,"href":"https:\/\/gazetaregionalna.com\/index.php?rest_route=\/wp\/v2\/users\/7"}],"replies":[{"embeddable":true,"href":"https:\/\/gazetaregionalna.com\/index.php?rest_route=%2Fwp%2Fv2%2Fcomments&post=67256"}],"version-history":[{"count":2,"href":"https:\/\/gazetaregionalna.com\/index.php?rest_route=\/wp\/v2\/posts\/67256\/revisions"}],"predecessor-version":[{"id":67258,"href":"https:\/\/gazetaregionalna.com\/index.php?rest_route=\/wp\/v2\/posts\/67256\/revisions\/67258"}],"wp:featuredmedia":[{"embeddable":true,"href":"https:\/\/gazetaregionalna.com\/index.php?rest_route=\/wp\/v2\/media\/64742"}],"wp:attachment":[{"href":"https:\/\/gazetaregionalna.com\/index.php?rest_route=%2Fwp%2Fv2%2Fmedia&parent=67256"}],"wp:term":[{"taxonomy":"category","embeddable":true,"href":"https:\/\/gazetaregionalna.com\/index.php?rest_route=%2Fwp%2Fv2%2Fcategories&post=67256"},{"taxonomy":"post_tag","embeddable":true,"href":"https:\/\/gazetaregionalna.com\/index.php?rest_route=%2Fwp%2Fv2%2Ftags&post=67256"}],"curies":[{"name":"wp","href":"https:\/\/api.w.org\/{rel}","templated":true}]}}