{"id":67224,"date":"2021-12-17T11:27:01","date_gmt":"2021-12-17T11:27:01","guid":{"rendered":"https:\/\/gazetaregionalna.com\/?p=67224"},"modified":"2021-12-17T11:28:14","modified_gmt":"2021-12-17T11:28:14","slug":"san-escobar-koncert","status":"publish","type":"post","link":"https:\/\/gazetaregionalna.com\/?p=67224","title":{"rendered":"San Escobar w Cz\u0119stochowie. Muzyczna &#8222;Podr\u00f3\u017c do kraju, kt\u00f3ry nie istnieje&#8221;"},"content":{"rendered":"\n<h2 class=\"wp-block-heading\">W pi\u0105tek, 17 grudnia Teatr Nowy w Cz\u0119stochowie zaprasza na niezwyk\u0142y muzyczny wiecz\u00f3r. Na scenie Kawiarni Alternatywa 21 wyst\u0105pi zesp\u00f3\u0142 San Escobar.<\/h2>\n\n\n\n<p>san Escobar powsta\u0142 w 2017 r. w \u0141odzi jako duet. Od 2019 r. wyst\u0119puje ju\u017c jako trio, kt\u00f3re tworz\u0105 Pawe\u0142 Ciszewski (gitary), Wojciech Skowron (perkusjonalia, elektronika)<br>i Franciszek Michnowski (bas). W tym samym roku wydali debiutancki kr\u0105\u017cek zatytu\u0142owany &#8222;Podr\u00f3\u017c do kraju, kt\u00f3ry nie istnieje&#8221;. Prezentowano go na koncertach w ca\u0142ej Polsce. Teraz album zabrzmi r\u00f3wnie\u017c w Cz\u0119stochowie.<\/p>\n\n\n\n<p>Na koncert zaprasza Teatr Nowy w Cz\u0119stochowie. <a href=\"https:\/\/www.facebook.com\/events\/3683160835243009?ref=newsfeed\" target=\"_blank\" rel=\"noopener\">Wydarzenie<\/a> odb\u0119dzie si\u0119 w Kawiarni Alternatywa 21 na Starym Rynku w pi\u0105tek, 17 grudnia o godz. 20. Wst\u0119p kosztuje 10 z\u0142.<\/p>\n\n\n\n<figure class=\"wp-block-embed is-type-video is-provider-youtube wp-block-embed-youtube wp-embed-aspect-4-3 wp-has-aspect-ratio\"><div class=\"wp-block-embed__wrapper\">\n<div class=\"fitvids-video\"><iframe title=\"Intro\" width=\"715\" height=\"536\" data-src=\"https:\/\/www.youtube.com\/embed\/OEoS7QE4uZw?feature=oembed\" frameborder=\"0\" allow=\"accelerometer; autoplay; clipboard-write; encrypted-media; gyroscope; picture-in-picture; web-share\" allowfullscreen src=\"data:image\/svg+xml;base64,PHN2ZyB3aWR0aD0iMSIgaGVpZ2h0PSIxIiB4bWxucz0iaHR0cDovL3d3dy53My5vcmcvMjAwMC9zdmciPjwvc3ZnPg==\" class=\"lazyload\" data-load-mode=\"1\"><\/iframe><\/div>\n<\/div><\/figure>\n\n\n\n<p>S\u0142uchaczy czekaj\u0105 instrumentalne kompozycje na gitary, bas i perkusjonalia z domieszk\u0105 elektroniki. Rock, blues, jazz, muzyka \u015bwiata. By\u0107 mo\u017ce zabrzmi\u0105 te\u017c nowe utwory, zesp\u00f3\u0142 <a href=\"https:\/\/www.facebook.com\/san.escobar.audio\" target=\"_blank\" rel=\"noopener\">San Escobar<\/a> jest bowiem w trakcie przygotowa\u0144 do nagrania drugiej p\u0142yty.<\/p>\n\n\n\n<p><strong>ZS<\/strong><\/p>\n","protected":false},"excerpt":{"rendered":"<p>W pi\u0105tek, 17 grudnia Teatr Nowy w Cz\u0119stochowie zaprasza na niezwyk\u0142y muzyczny wiecz\u00f3r. Na scenie Kawiarni Alternatywa 21 wyst\u0105pi zesp\u00f3\u0142 San Escobar. san Escobar<\/p>\n","protected":false},"author":18,"featured_media":67227,"comment_status":"open","ping_status":"open","sticky":false,"template":"","format":"standard","meta":{"_monsterinsights_skip_tracking":false,"_monsterinsights_sitenote_active":false,"_monsterinsights_sitenote_note":"","_monsterinsights_sitenote_category":0,"_uf_show_specific_survey":0,"_uf_disable_surveys":false,"footnotes":""},"categories":[12,3,2],"tags":[2362,1218,2591],"class_list":["post-67224","post","type-post","status-publish","format-standard","has-post-thumbnail","hentry","category-kultura-i-rozrywka","category-czestochowa-informacje","category-wiadomosci","tag-kawiarnia-alternatywa-21","tag-koncerty","tag-teatr-nowy-w-czestochowie"],"_links":{"self":[{"href":"https:\/\/gazetaregionalna.com\/index.php?rest_route=\/wp\/v2\/posts\/67224","targetHints":{"allow":["GET"]}}],"collection":[{"href":"https:\/\/gazetaregionalna.com\/index.php?rest_route=\/wp\/v2\/posts"}],"about":[{"href":"https:\/\/gazetaregionalna.com\/index.php?rest_route=\/wp\/v2\/types\/post"}],"author":[{"embeddable":true,"href":"https:\/\/gazetaregionalna.com\/index.php?rest_route=\/wp\/v2\/users\/18"}],"replies":[{"embeddable":true,"href":"https:\/\/gazetaregionalna.com\/index.php?rest_route=%2Fwp%2Fv2%2Fcomments&post=67224"}],"version-history":[{"count":5,"href":"https:\/\/gazetaregionalna.com\/index.php?rest_route=\/wp\/v2\/posts\/67224\/revisions"}],"predecessor-version":[{"id":67231,"href":"https:\/\/gazetaregionalna.com\/index.php?rest_route=\/wp\/v2\/posts\/67224\/revisions\/67231"}],"wp:featuredmedia":[{"embeddable":true,"href":"https:\/\/gazetaregionalna.com\/index.php?rest_route=\/wp\/v2\/media\/67227"}],"wp:attachment":[{"href":"https:\/\/gazetaregionalna.com\/index.php?rest_route=%2Fwp%2Fv2%2Fmedia&parent=67224"}],"wp:term":[{"taxonomy":"category","embeddable":true,"href":"https:\/\/gazetaregionalna.com\/index.php?rest_route=%2Fwp%2Fv2%2Fcategories&post=67224"},{"taxonomy":"post_tag","embeddable":true,"href":"https:\/\/gazetaregionalna.com\/index.php?rest_route=%2Fwp%2Fv2%2Ftags&post=67224"}],"curies":[{"name":"wp","href":"https:\/\/api.w.org\/{rel}","templated":true}]}}