{"id":6718,"date":"2019-09-28T13:09:50","date_gmt":"2019-09-28T13:09:50","guid":{"rendered":"https:\/\/gazetaregionalna.com\/?p=6718"},"modified":"2019-09-28T13:11:41","modified_gmt":"2019-09-28T13:11:41","slug":"dni-otwarte-skody","status":"publish","type":"post","link":"https:\/\/gazetaregionalna.com\/?p=6718","title":{"rendered":"Dni Otwarte Skody"},"content":{"rendered":"\n<p>W Salonie Skody &#8222;Krotoski&#8221; mieszcz\u0105cym si\u0119 w Cz\u0119stochowie przy ul. Makuszy\u0144skiego 74\/76 od wczoraj trwaj\u0105 Dni Otwarte Skody. Po\u0142\u0105czono je z premier\u0105 najm\u0142odszego &#8222;dziecka&#8221; Skody &#8211; suva Kamiq.<\/p>\n\n\n\n<figure class=\"wp-block-image\"><img decoding=\"async\" width=\"1024\" height=\"576\" data-src=\"https:\/\/gazetaregionalna.com\/wp-content\/uploads\/2019\/09\/skoda1-1024x576.jpg\" alt=\"\" class=\"wp-image-6719 lazyload\" data-srcset=\"https:\/\/gazetaregionalna.com\/wp-content\/uploads\/2019\/09\/skoda1-1024x576.jpg 1024w, https:\/\/gazetaregionalna.com\/wp-content\/uploads\/2019\/09\/skoda1-300x169.jpg 300w, https:\/\/gazetaregionalna.com\/wp-content\/uploads\/2019\/09\/skoda1-768x432.jpg 768w, https:\/\/gazetaregionalna.com\/wp-content\/uploads\/2019\/09\/skoda1-696x392.jpg 696w, https:\/\/gazetaregionalna.com\/wp-content\/uploads\/2019\/09\/skoda1-1068x601.jpg 1068w, https:\/\/gazetaregionalna.com\/wp-content\/uploads\/2019\/09\/skoda1-747x420.jpg 747w, https:\/\/gazetaregionalna.com\/wp-content\/uploads\/2019\/09\/skoda1.jpg 1200w\" data-sizes=\"(max-width: 1024px) 100vw, 1024px\" src=\"data:image\/svg+xml;base64,PHN2ZyB3aWR0aD0iMSIgaGVpZ2h0PSIxIiB4bWxucz0iaHR0cDovL3d3dy53My5vcmcvMjAwMC9zdmciPjwvc3ZnPg==\" style=\"--smush-placeholder-width: 1024px; --smush-placeholder-aspect-ratio: 1024\/576;\" \/><\/figure>\n\n\n\n<p><br> Od 2016 roku suvy stanowi\u0105 wa\u017cny i dobrze sprzedaj\u0105cy si\u0119 segment samochod\u00f3w marki Skoda. Po modelach Kodiaq i Karoq teraz przysz\u0142a pora na Kamiqa. To supermini suv, kt\u00f3ry wspaniale sprawdzi si\u0119 w dynamicznej je\u017adzie po mie\u015bcie, jak i dalszych podr\u00f3\u017cach. Jak wygl\u0105da to auto mo\u017cna si\u0119 przekona\u0107 na miejscu w salonie. Salon zaprasza na jazdy pr\u00f3bne dzisiaj do godziny 18. Jutro pracownicy firmy &#8222;Krotoski&#8221; czeka\u0107 b\u0119d\u0105 na klient\u00f3w od godziny 10 do 16.<\/p>\n\n\n\n<figure class=\"wp-block-image\"><img decoding=\"async\" width=\"1024\" height=\"576\" data-src=\"https:\/\/gazetaregionalna.com\/wp-content\/uploads\/2019\/09\/skoda8-1024x576.jpg\" alt=\"\" class=\"wp-image-6725 lazyload\" data-srcset=\"https:\/\/gazetaregionalna.com\/wp-content\/uploads\/2019\/09\/skoda8-1024x576.jpg 1024w, https:\/\/gazetaregionalna.com\/wp-content\/uploads\/2019\/09\/skoda8-300x169.jpg 300w, https:\/\/gazetaregionalna.com\/wp-content\/uploads\/2019\/09\/skoda8-768x432.jpg 768w, https:\/\/gazetaregionalna.com\/wp-content\/uploads\/2019\/09\/skoda8-696x392.jpg 696w, https:\/\/gazetaregionalna.com\/wp-content\/uploads\/2019\/09\/skoda8-1068x601.jpg 1068w, https:\/\/gazetaregionalna.com\/wp-content\/uploads\/2019\/09\/skoda8-747x420.jpg 747w, https:\/\/gazetaregionalna.com\/wp-content\/uploads\/2019\/09\/skoda8.jpg 1200w\" data-sizes=\"(max-width: 1024px) 100vw, 1024px\" src=\"data:image\/svg+xml;base64,PHN2ZyB3aWR0aD0iMSIgaGVpZ2h0PSIxIiB4bWxucz0iaHR0cDovL3d3dy53My5vcmcvMjAwMC9zdmciPjwvc3ZnPg==\" style=\"--smush-placeholder-width: 1024px; --smush-placeholder-aspect-ratio: 1024\/576;\" \/><\/figure>\n\n\n\n<p><br> Premiera nowej marki Skody &#8211; modelu Kamiq, to jednak niejedyna atrakcja, jak\u0105 na swoje \u015bwi\u0119to przygotowa\u0142 cz\u0119stochowski salon. W programie znalaz\u0142y si\u0119 ciekawe konkursy z nagrodami, a tak\u017ce jazdy pr\u00f3bne wybranymi modelami. Do dyspozycji klient\u00f3w s\u0105 oczywi\u015bcie handlowcy. Odpowiedz\u0105 wyczerpuj\u0105co na wszelkie pytania dotycz\u0105ce wszystkich modeli Skody dost\u0119pnych w salonie.<\/p>\n\n\n\n<figure class=\"wp-block-image\"><img decoding=\"async\" width=\"1024\" height=\"576\" data-src=\"https:\/\/gazetaregionalna.com\/wp-content\/uploads\/2019\/09\/skoda11-1024x576.jpg\" alt=\"\" class=\"wp-image-6728 lazyload\" data-srcset=\"https:\/\/gazetaregionalna.com\/wp-content\/uploads\/2019\/09\/skoda11-1024x576.jpg 1024w, https:\/\/gazetaregionalna.com\/wp-content\/uploads\/2019\/09\/skoda11-300x169.jpg 300w, https:\/\/gazetaregionalna.com\/wp-content\/uploads\/2019\/09\/skoda11-768x432.jpg 768w, https:\/\/gazetaregionalna.com\/wp-content\/uploads\/2019\/09\/skoda11-696x392.jpg 696w, https:\/\/gazetaregionalna.com\/wp-content\/uploads\/2019\/09\/skoda11-1068x601.jpg 1068w, https:\/\/gazetaregionalna.com\/wp-content\/uploads\/2019\/09\/skoda11-747x420.jpg 747w, https:\/\/gazetaregionalna.com\/wp-content\/uploads\/2019\/09\/skoda11.jpg 1200w\" data-sizes=\"(max-width: 1024px) 100vw, 1024px\" src=\"data:image\/svg+xml;base64,PHN2ZyB3aWR0aD0iMSIgaGVpZ2h0PSIxIiB4bWxucz0iaHR0cDovL3d3dy53My5vcmcvMjAwMC9zdmciPjwvc3ZnPg==\" style=\"--smush-placeholder-width: 1024px; --smush-placeholder-aspect-ratio: 1024\/576;\" \/><\/figure>\n\n\n\n<p><\/p>\n","protected":false},"excerpt":{"rendered":"<p>W Salonie Skody &#8222;Krotoski&#8221; mieszcz\u0105cym si\u0119 w Cz\u0119stochowie przy ul. Makuszy\u0144skiego 74\/76 od wczoraj trwaj\u0105 Dni Otwarte Skody. Po\u0142\u0105czono je z premier\u0105 najm\u0142odszego &#8222;dziecka&#8221;<\/p>\n","protected":false},"author":7,"featured_media":6721,"comment_status":"open","ping_status":"open","sticky":false,"template":"","format":"standard","meta":{"_monsterinsights_skip_tracking":false,"_monsterinsights_sitenote_active":false,"_monsterinsights_sitenote_note":"","_monsterinsights_sitenote_category":0,"_uf_show_specific_survey":0,"_uf_disable_surveys":false,"footnotes":""},"categories":[43,3,18,94,2],"tags":[],"class_list":["post-6718","post","type-post","status-publish","format-standard","has-post-thumbnail","hentry","category-biznes","category-czestochowa-informacje","category-motoryzacja","category-polecane","category-wiadomosci"],"_links":{"self":[{"href":"https:\/\/gazetaregionalna.com\/index.php?rest_route=\/wp\/v2\/posts\/6718","targetHints":{"allow":["GET"]}}],"collection":[{"href":"https:\/\/gazetaregionalna.com\/index.php?rest_route=\/wp\/v2\/posts"}],"about":[{"href":"https:\/\/gazetaregionalna.com\/index.php?rest_route=\/wp\/v2\/types\/post"}],"author":[{"embeddable":true,"href":"https:\/\/gazetaregionalna.com\/index.php?rest_route=\/wp\/v2\/users\/7"}],"replies":[{"embeddable":true,"href":"https:\/\/gazetaregionalna.com\/index.php?rest_route=%2Fwp%2Fv2%2Fcomments&post=6718"}],"version-history":[{"count":2,"href":"https:\/\/gazetaregionalna.com\/index.php?rest_route=\/wp\/v2\/posts\/6718\/revisions"}],"predecessor-version":[{"id":6731,"href":"https:\/\/gazetaregionalna.com\/index.php?rest_route=\/wp\/v2\/posts\/6718\/revisions\/6731"}],"wp:featuredmedia":[{"embeddable":true,"href":"https:\/\/gazetaregionalna.com\/index.php?rest_route=\/wp\/v2\/media\/6721"}],"wp:attachment":[{"href":"https:\/\/gazetaregionalna.com\/index.php?rest_route=%2Fwp%2Fv2%2Fmedia&parent=6718"}],"wp:term":[{"taxonomy":"category","embeddable":true,"href":"https:\/\/gazetaregionalna.com\/index.php?rest_route=%2Fwp%2Fv2%2Fcategories&post=6718"},{"taxonomy":"post_tag","embeddable":true,"href":"https:\/\/gazetaregionalna.com\/index.php?rest_route=%2Fwp%2Fv2%2Ftags&post=6718"}],"curies":[{"name":"wp","href":"https:\/\/api.w.org\/{rel}","templated":true}]}}