{"id":6686,"date":"2019-09-27T06:23:22","date_gmt":"2019-09-27T06:23:22","guid":{"rendered":"https:\/\/gazetaregionalna.com\/?p=6686"},"modified":"2019-09-27T06:23:25","modified_gmt":"2019-09-27T06:23:25","slug":"stary-rynek-bedzie-jak-nowy","status":"publish","type":"post","link":"https:\/\/gazetaregionalna.com\/?p=6686","title":{"rendered":"Stary Rynek b\u0119dzie jak nowy"},"content":{"rendered":"\n<p>Przeszklony pawilon, dzi\u0119ki kt\u00f3remu wzorem Krakowa b\u0119dzie mo\u017cna zobaczy\u0107 odkopane przez archeolog\u00f3w historyczne fundamenty ratusza, fontanna, \u0142awki, ziele\u0144 i balansuj\u0105ce rze\u017aby, to tylko cz\u0119\u015b\u0107 tego, co pojawi si\u0119 w przysz\u0142ym roku na Starym Rynku w Cz\u0119stochowie. Jest wi\u0119c  szansa, \u017ce Stary Rynek w Cz\u0119stochowie stanie si\u0119 w ko\u0144cu wa\u017cnym miejscem w mie\u015bcie nie tylko dla turyst\u00f3w, ale te\u017c cz\u0119stochowian. <br> Od wiosny prowadzone s\u0105 tam prace budowlane, kt\u00f3re maj\u0105 zmieni\u0107 nie tylko obliczenie tego placu, ale tak\u017ce przyleg\u0142ych ulic. W ramach zadania o nazwie ,,Przebudowa i rozbudowa budynku Ratusza Starej Cz\u0119stochowy wraz z zagospodarowaniem terenu\u201d na Starym Rynku stanie nowoczesny, przeszklony pawilon. Tej budowie towarzyszy\u0107 b\u0119dzie gruntowna modernizacja p\u0142yty placu, wmontowanie fontanny w postaci pasa wodnego, a tak\u017ce budowa schod\u00f3w do podziemnej cz\u0119\u015bci budynku. B\u0119dzie tam mo\u017cna obejrze\u0107 odkryte przez archeolog\u00f3w pozosta\u0142o\u015bci Starego Ratusza. Nowy  budynek ma pomie\u015bci\u0107 te\u017c cz\u0119\u015b\u0107 us\u0142ugowo-gastronomiczn\u0105. Interesuj\u0105cym dope\u0142nieniem nowego wygl\u0105du Starego Rynku b\u0119dzie 14 balansuj\u0105cych rze\u017ab, podwieszonych na specjalnych masztach. Plac za &#8222;Puchatkiem&#8221; zyska r\u00f3wnie\u017c  ziele\u0144, nowe o\u015bwietlenie oraz elementy ma\u0142ej architektury. Inwestycja warta prawie 24 mln z\u0142otych jest wspierana funduszami unijnymi, kt\u00f3re pozyska\u0142 samorz\u0105d oraz dotacj\u0105 z bud\u017cetu pa\u0144stwa. Z Unii Europejskiej gmina otrzyma na to zadanie oko\u0142o 16 mln, dotacja rz\u0105dowa, to ponad 1,8 mln z\u0142otych. R\u00f3wnolegle z remontem Starego Rynku prowadzona b\u0119dzie, tym razem ju\u017c wy\u0142\u0105cznie za pieni\u0105dze gminne, przebudowa ulic przyleg\u0142ych do g\u0142\u00f3wnej cz\u0119\u015bci placu \u2013 w tym ul. Mirowskiej i ul.Senatorskiej.<\/p>\n\n\n\n<figure class=\"wp-block-image\"><img decoding=\"async\" width=\"1024\" height=\"576\" data-src=\"https:\/\/gazetaregionalna.com\/wp-content\/uploads\/2019\/09\/rynek1-1024x576.jpg\" alt=\"\" class=\"wp-image-6687 lazyload\" data-srcset=\"https:\/\/gazetaregionalna.com\/wp-content\/uploads\/2019\/09\/rynek1-1024x576.jpg 1024w, https:\/\/gazetaregionalna.com\/wp-content\/uploads\/2019\/09\/rynek1-300x169.jpg 300w, https:\/\/gazetaregionalna.com\/wp-content\/uploads\/2019\/09\/rynek1-768x432.jpg 768w, https:\/\/gazetaregionalna.com\/wp-content\/uploads\/2019\/09\/rynek1-696x392.jpg 696w, https:\/\/gazetaregionalna.com\/wp-content\/uploads\/2019\/09\/rynek1-1068x601.jpg 1068w, https:\/\/gazetaregionalna.com\/wp-content\/uploads\/2019\/09\/rynek1-747x420.jpg 747w, https:\/\/gazetaregionalna.com\/wp-content\/uploads\/2019\/09\/rynek1.jpg 1200w\" data-sizes=\"(max-width: 1024px) 100vw, 1024px\" src=\"data:image\/svg+xml;base64,PHN2ZyB3aWR0aD0iMSIgaGVpZ2h0PSIxIiB4bWxucz0iaHR0cDovL3d3dy53My5vcmcvMjAwMC9zdmciPjwvc3ZnPg==\" style=\"--smush-placeholder-width: 1024px; --smush-placeholder-aspect-ratio: 1024\/576;\" \/><\/figure>\n\n\n\n<p><br> \u2013 <em>Dzi\u0119ki temu, \u017ce uda\u0142o si\u0119 pozyska\u0107 znacz\u0105ce dofinansowanie, b\u0119dziemy mieli kompleksowo odnowiony Stary Rynek<\/em>. \u2013 informuje prezydent Cz\u0119stochowy Krzysztof Matyjaszczyk. \u2013  <em>Wok\u00f3\u0142 szklanego pawilonu powstanie przestrze\u0144 dla ciekawych inicjatyw, a rodzaj amfiteatru, kt\u00f3ry tam powstanie, wykorzystaj\u0105 z pewno\u015bci\u0105 nasi lokalni animatorzy kultury. Kiedy roboty si\u0119 zako\u0144cz\u0105 b\u0119dzie to na pewno niepowtarzalne miejsce. Licz\u0119 na to, ze Stary Rynek stanie si\u0119 wa\u017cn\u0105 i pi\u0119kn\u0105 wizyt\u00f3wk\u0105 naszego miasta, kt\u00f3ra b\u0119dzie atrakcyjnym punktem na szlaku wszystkich tych, kt\u00f3rzy do Cz\u0119stochowy przyje\u017cd\u017caj\u0105. Pami\u0119tajmy, \u017ce Stary Rynek to pocz\u0105tek wielu tras turystycznych<\/em> &#8211; dodaje prezydent.<br> Stary Rynek jest historycznym centrum dawnej, Starej Cz\u0119stochowy \u2013 miasta nad Wart\u0105, kt\u00f3re istnia\u0142o zanim Aleje po\u0142\u0105czy\u0142y je z Now\u0105 Cz\u0119stochow\u0105, kt\u00f3ra powsta\u0142a wok\u00f3\u0142 Jasnej G\u00f3ry. Stary Ratusz \u2013 kiedy\u015b centralny obiekt Starego Rynku \u2013 by\u0142 jednym z symboli miasta do pocz\u0105tku XIX wieku. Jak przekonuje miasto, inwestycja na Starym Rynku jest wi\u0119c bardzo wa\u017cna dla zachowania historii miasta. Po zako\u0144czenii modernizacji Stary Rynek ma si\u0119 sta\u0107 miejscem, w kt\u00f3rym historia ma si\u0119 spotkac z nowoczesn\u0105 funkcjonalno\u015bci\u0105. Autorzy projektu zak\u0142adaj\u0105, \u017ce po zako\u0144czeniu rewitalizacji, Stary Rynek stanie si\u0119 miejscem spotka\u0144 nie tylko cz\u0119stochowian, ale tak\u017ce turyst\u00f3w.<br> Pracami zajmuje si\u0119 wy\u0142onione w przetargu konsorcjum \u2013 Zak\u0142ad Remontowo Budowlano Instalatorski Budo-Max z Cz\u0119stochowy, FUH Maciej Dobosz z Ku\u017aniczki k. Krzepic oraz \u017belbet-Montex z siedzib\u0105 w Cz\u0119stochowie. Zgodnie z umow\u0105 podpisan\u0105 z miastem, wykonawca ma na zako\u0144czenie wszystkich rob\u00f3t czas do czerwca 2020 roku.<br> Projekt realizowany jest w ramach Regionalnego Programu Operacyjnego Wojew\u00f3dztwa \u015al\u0105skiego na lata 2014-2020., o\u015b priorytetowa X Rewitalizacja oraz infrastruktura spo\u0142eczna i zdrowotna, dzia\u0142anie 10.3. Rewitalizacja obszar\u00f3w zdegradowanych, poddzia\u0142anie 10.3.2 Rewitalizacja obszar\u00f3w zdegradowanych \u2013 RIT Subregionu  P\u00f3\u0142nocnego.<\/p>\n","protected":false},"excerpt":{"rendered":"<p>Przeszklony pawilon, dzi\u0119ki kt\u00f3remu wzorem Krakowa b\u0119dzie mo\u017cna zobaczy\u0107 odkopane przez archeolog\u00f3w historyczne fundamenty ratusza, fontanna, \u0142awki, ziele\u0144 i balansuj\u0105ce rze\u017aby, to tylko cz\u0119\u015b\u0107<\/p>\n","protected":false},"author":7,"featured_media":6688,"comment_status":"open","ping_status":"open","sticky":false,"template":"","format":"standard","meta":{"_monsterinsights_skip_tracking":false,"_monsterinsights_sitenote_active":false,"_monsterinsights_sitenote_note":"","_monsterinsights_sitenote_category":0,"_uf_show_specific_survey":0,"_uf_disable_surveys":false,"footnotes":""},"categories":[3,33,94,2],"tags":[],"class_list":["post-6686","post","type-post","status-publish","format-standard","has-post-thumbnail","hentry","category-czestochowa-informacje","category-inwestycje","category-polecane","category-wiadomosci"],"_links":{"self":[{"href":"https:\/\/gazetaregionalna.com\/index.php?rest_route=\/wp\/v2\/posts\/6686","targetHints":{"allow":["GET"]}}],"collection":[{"href":"https:\/\/gazetaregionalna.com\/index.php?rest_route=\/wp\/v2\/posts"}],"about":[{"href":"https:\/\/gazetaregionalna.com\/index.php?rest_route=\/wp\/v2\/types\/post"}],"author":[{"embeddable":true,"href":"https:\/\/gazetaregionalna.com\/index.php?rest_route=\/wp\/v2\/users\/7"}],"replies":[{"embeddable":true,"href":"https:\/\/gazetaregionalna.com\/index.php?rest_route=%2Fwp%2Fv2%2Fcomments&post=6686"}],"version-history":[{"count":1,"href":"https:\/\/gazetaregionalna.com\/index.php?rest_route=\/wp\/v2\/posts\/6686\/revisions"}],"predecessor-version":[{"id":6689,"href":"https:\/\/gazetaregionalna.com\/index.php?rest_route=\/wp\/v2\/posts\/6686\/revisions\/6689"}],"wp:featuredmedia":[{"embeddable":true,"href":"https:\/\/gazetaregionalna.com\/index.php?rest_route=\/wp\/v2\/media\/6688"}],"wp:attachment":[{"href":"https:\/\/gazetaregionalna.com\/index.php?rest_route=%2Fwp%2Fv2%2Fmedia&parent=6686"}],"wp:term":[{"taxonomy":"category","embeddable":true,"href":"https:\/\/gazetaregionalna.com\/index.php?rest_route=%2Fwp%2Fv2%2Fcategories&post=6686"},{"taxonomy":"post_tag","embeddable":true,"href":"https:\/\/gazetaregionalna.com\/index.php?rest_route=%2Fwp%2Fv2%2Ftags&post=6686"}],"curies":[{"name":"wp","href":"https:\/\/api.w.org\/{rel}","templated":true}]}}