{"id":6680,"date":"2019-09-27T06:16:55","date_gmt":"2019-09-27T06:16:55","guid":{"rendered":"https:\/\/gazetaregionalna.com\/?p=6680"},"modified":"2019-09-27T06:16:57","modified_gmt":"2019-09-27T06:16:57","slug":"patriotyzm-w-roli-glownej","status":"publish","type":"post","link":"https:\/\/gazetaregionalna.com\/?p=6680","title":{"rendered":"Patriotyzm w roli g\u0142\u00f3wnej"},"content":{"rendered":"\n<p>Po raz trzeci lublinieccy policjanci wraz z harcerzami Hufca ZHP Lubliniec, JW. Komandos\u00f3w, Komend\u0105 Powiatow\u0105 PSP, OSP Lubliniec, Zak\u0142adem Karnym w Herbach Oddzia\u0142em Zewn\u0119trznym w Lubli\u0144cu i Fundacj\u0105 \u201eWspieram cicho i skutecznie\u201d zorganizowali przedsi\u0119wzi\u0119cie pod nazw\u0105: \u201ePatriotyczny Lubliniec\u201d. Tematem przewodnim by\u0142y cztery wa\u017cne historyczne rocznice: 100-lecie polskiej policji, 100-lecie I powstania \u015bl\u0105skiego, 80-lecie wybuchu II wojny \u015awiatowej oraz 75 rocznicy wybuchu powstania warszawskiego.<br> Organizatorzy przygotowali wiele atrakcji, m.in. pokaz sprz\u0119tu policyjnego i wojskowego, strzelnic\u0119 ASG, smaczn\u0105 groch\u00f3wk\u0119 wojskow\u0105, wystawy tematyczne, turniej gier planszowych, turniej wiedzy o powstaniach \u015bl\u0105skich, koncert M\u0142odzie\u017cowej Orkiestry D\u0119tej MDK z Lubli\u0144ca. Ponadto w tym dniu na lublinieckim rynku odby\u0142a si\u0119 akcja honorowego krwiodawstwa \u201eNiepodleg\u0142\u0105 Mamy we Krwi\u201d.<\/p>\n\n\n\n<figure class=\"wp-block-image\"><img decoding=\"async\" width=\"900\" height=\"675\" data-src=\"https:\/\/gazetaregionalna.com\/wp-content\/uploads\/2019\/09\/patriotyzm1.jpg\" alt=\"\" class=\"wp-image-6681 lazyload\" data-srcset=\"https:\/\/gazetaregionalna.com\/wp-content\/uploads\/2019\/09\/patriotyzm1.jpg 900w, https:\/\/gazetaregionalna.com\/wp-content\/uploads\/2019\/09\/patriotyzm1-300x225.jpg 300w, https:\/\/gazetaregionalna.com\/wp-content\/uploads\/2019\/09\/patriotyzm1-768x576.jpg 768w, https:\/\/gazetaregionalna.com\/wp-content\/uploads\/2019\/09\/patriotyzm1-80x60.jpg 80w, https:\/\/gazetaregionalna.com\/wp-content\/uploads\/2019\/09\/patriotyzm1-265x198.jpg 265w, https:\/\/gazetaregionalna.com\/wp-content\/uploads\/2019\/09\/patriotyzm1-696x522.jpg 696w, https:\/\/gazetaregionalna.com\/wp-content\/uploads\/2019\/09\/patriotyzm1-560x420.jpg 560w\" data-sizes=\"(max-width: 900px) 100vw, 900px\" src=\"data:image\/svg+xml;base64,PHN2ZyB3aWR0aD0iMSIgaGVpZ2h0PSIxIiB4bWxucz0iaHR0cDovL3d3dy53My5vcmcvMjAwMC9zdmciPjwvc3ZnPg==\" style=\"--smush-placeholder-width: 900px; --smush-placeholder-aspect-ratio: 900\/675;\" \/><\/figure>\n\n\n\n<p><br> W trakcie imprezy, zwyci\u0119zcy \u201eGry miejskiej\u201d odebrali z r\u0105k Komendanta Powiatowego Policji podinsp. Dariusza Kiedrzyna gratulacje oraz atrakcyjne nagrody, natomiast wszyscy uczestnicy mogli zobaczy\u0107 sprz\u0119t transportowy, kt\u00f3ry jest wykorzystywany w codziennej, policyjnej s\u0142u\u017cbie.<br> W programie nie zabrak\u0142o r\u00f3wnie\u017c pokazu specjalistycznego wyposa\u017cenia wykorzystywanego przez funkcjonariuszy podczas wykonywania obowi\u0105zk\u00f3w, w tym zwi\u0105zanych z zabezpieczaniem imprez masowych. Uczestnicy imprezy mogli tak\u017ce obejrze\u0107 z bliska, jak wygl\u0105da policyjny motocykl i pojazdy s\u0142u\u017cbowe.<br> (\u0179r\u00f3d\u0142o: KPP Lubliniec)<\/p>\n","protected":false},"excerpt":{"rendered":"<p>Po raz trzeci lublinieccy policjanci wraz z harcerzami Hufca ZHP Lubliniec, JW. Komandos\u00f3w, Komend\u0105 Powiatow\u0105 PSP, OSP Lubliniec, Zak\u0142adem Karnym w Herbach Oddzia\u0142em Zewn\u0119trznym<\/p>\n","protected":false},"author":7,"featured_media":6682,"comment_status":"open","ping_status":"open","sticky":false,"template":"","format":"standard","meta":{"_monsterinsights_skip_tracking":false,"_monsterinsights_sitenote_active":false,"_monsterinsights_sitenote_note":"","_monsterinsights_sitenote_category":0,"_uf_show_specific_survey":0,"_uf_disable_surveys":false,"footnotes":""},"categories":[44,25,94,2],"tags":[],"class_list":["post-6680","post","type-post","status-publish","format-standard","has-post-thumbnail","hentry","category-bezpieczenstwo","category-lubliniec","category-polecane","category-wiadomosci"],"_links":{"self":[{"href":"https:\/\/gazetaregionalna.com\/index.php?rest_route=\/wp\/v2\/posts\/6680","targetHints":{"allow":["GET"]}}],"collection":[{"href":"https:\/\/gazetaregionalna.com\/index.php?rest_route=\/wp\/v2\/posts"}],"about":[{"href":"https:\/\/gazetaregionalna.com\/index.php?rest_route=\/wp\/v2\/types\/post"}],"author":[{"embeddable":true,"href":"https:\/\/gazetaregionalna.com\/index.php?rest_route=\/wp\/v2\/users\/7"}],"replies":[{"embeddable":true,"href":"https:\/\/gazetaregionalna.com\/index.php?rest_route=%2Fwp%2Fv2%2Fcomments&post=6680"}],"version-history":[{"count":1,"href":"https:\/\/gazetaregionalna.com\/index.php?rest_route=\/wp\/v2\/posts\/6680\/revisions"}],"predecessor-version":[{"id":6683,"href":"https:\/\/gazetaregionalna.com\/index.php?rest_route=\/wp\/v2\/posts\/6680\/revisions\/6683"}],"wp:featuredmedia":[{"embeddable":true,"href":"https:\/\/gazetaregionalna.com\/index.php?rest_route=\/wp\/v2\/media\/6682"}],"wp:attachment":[{"href":"https:\/\/gazetaregionalna.com\/index.php?rest_route=%2Fwp%2Fv2%2Fmedia&parent=6680"}],"wp:term":[{"taxonomy":"category","embeddable":true,"href":"https:\/\/gazetaregionalna.com\/index.php?rest_route=%2Fwp%2Fv2%2Fcategories&post=6680"},{"taxonomy":"post_tag","embeddable":true,"href":"https:\/\/gazetaregionalna.com\/index.php?rest_route=%2Fwp%2Fv2%2Ftags&post=6680"}],"curies":[{"name":"wp","href":"https:\/\/api.w.org\/{rel}","templated":true}]}}