{"id":6653,"date":"2019-09-26T06:39:14","date_gmt":"2019-09-26T06:39:14","guid":{"rendered":"https:\/\/gazetaregionalna.com\/?p=6653"},"modified":"2019-09-26T06:39:17","modified_gmt":"2019-09-26T06:39:17","slug":"edward-na-drogach","status":"publish","type":"post","link":"https:\/\/gazetaregionalna.com\/?p=6653","title":{"rendered":"Edward na drogach"},"content":{"rendered":"\n<p>Dzisiaj na drogach w ca\u0142ej Polsce, podobnie jak w innych krajach europejskich prowadzone s\u0105 wzmo\u017cone kontrole policji w ramach akcji Edward. Projekt Edward (European Day Without Road Death) Europejski Dzie\u0144 Bez Ofiar \u015amiertelnych na Drogach \u2013 to dzia\u0142ania organizowane pod patronatem Europejskiej Organizacji Policji Ruchu Drogowego TISPOL od 2016 roku. Ide\u0105 przewodni\u0105 projektu jest \u201ewizja zero\u201d \u2013 zero os\u00f3b ci\u0119\u017cko rannych i ofiar \u015bmiertelnych wypadk\u00f3w drogowych w tym dniu na drogach Europy.<br> Dzia\u0142ania w ramach projektu EDWARD 2019 prowadzone s\u0105 przez policjant\u00f3w z kraj\u00f3w europejskich w trakcie trwania Europejskiego Tygodnia Mobilno\u015bci (European Mobility Week).<\/p>\n\n\n\n<figure class=\"wp-block-image\"><img decoding=\"async\" width=\"286\" height=\"320\" data-src=\"https:\/\/gazetaregionalna.com\/wp-content\/uploads\/2019\/09\/edward1.jpg\" alt=\"\" class=\"wp-image-6511 lazyload\" data-srcset=\"https:\/\/gazetaregionalna.com\/wp-content\/uploads\/2019\/09\/edward1.jpg 286w, https:\/\/gazetaregionalna.com\/wp-content\/uploads\/2019\/09\/edward1-268x300.jpg 268w\" data-sizes=\"(max-width: 286px) 100vw, 286px\" src=\"data:image\/svg+xml;base64,PHN2ZyB3aWR0aD0iMSIgaGVpZ2h0PSIxIiB4bWxucz0iaHR0cDovL3d3dy53My5vcmcvMjAwMC9zdmciPjwvc3ZnPg==\" style=\"--smush-placeholder-width: 286px; --smush-placeholder-aspect-ratio: 286\/320;\" \/><\/figure>\n\n\n\n<p><br> Pomys\u0142odawcy projektu EDWARD s\u0105 przekonani, \u017ce kluczem do osi\u0105gni\u0119cia poprawy bezpiecze\u0144stwa na drogach jest, w du\u017cej mierze, zmiana zachowa\u0144 ich u\u017cytkownik\u00f3w. Na witrynie internetowej https:\/\/projectedward.eu, dost\u0119pnej w wielu wersjach j\u0119zykowych oraz za pomoc\u0105 medi\u00f3w spo\u0142eczno\u015bciowych (facebook, twitter) zach\u0119caj\u0105 do z\u0142o\u017cenia deklaracji \u201ebezpiecznego kierowcy\u201d.<br> \u201eMoje zobowi\u0105zanie\u2026 by w spos\u00f3b szczeg\u00f3lny dba\u0107 o bezpiecze\u0144stwo na drogach\u2026<br> Obiecuj\u0119, \u017ce:.<br> B\u0119d\u0119 przypomina\u0142 cz\u0142onkom mojej rodziny, przyjacio\u0142om i znajomym, by szczeg\u00f3lnie dbali o bezpiecze\u0144stwo na drogach.<br> By poprawi\u0107 bezpiecze\u0144stwo, zadbam o o\u015bwietlenie swoje i pojazdu.<br> B\u0119d\u0119 je\u017adzi\u0107 tak bezpiecznie, jak to mo\u017cliwe, niezale\u017cnie od rodzaju pojazdu, kt\u00f3rym b\u0119d\u0119 si\u0119 porusza\u0142 (samoch\u00f3d, motocykl, rower).<br> B\u0119d\u0119 zwraca\u0142 szczeg\u00f3ln\u0105 uwag\u0119 na pieszych, rowerzyst\u00f3w, dzieci, starszych oraz je\u017cd\u017c\u0105cych konno.<br> B\u0119d\u0119 porusza\u0142 si\u0119 z pr\u0119dko\u015bciami dozwolonymi i bezpiecznymi.<br> B\u0119d\u0119 zwraca\u0142 uwag\u0119 na stan ogumienia mojego pojazdu.<br> B\u0119d\u0119 zachowywa\u0107 szczeg\u00f3ln\u0105 ostro\u017cno\u015b\u0107 jad\u0105c w pobli\u017cu szk\u00f3\u0142 i w miejscach, gdzie znajduj\u0105 si\u0119 grupy dzieci.<br> Nigdy nie wsi\u0105d\u0119 za kierownic\u0119 po spo\u017cyciu alkoholu, narkotyk\u00f3w\/niedozwolonych lek\u00f3w, kt\u00f3re to mog\u0105 spowolni\u0107 moje reakcje.<br> B\u0119d\u0119 przewiduj\u0105cym kierowc\u0105 i b\u0119d\u0119 zachowywa\u0107\/utrzymywa\u0107 bezpieczne odst\u0119py mi\u0119dzy pojazdami.<br> Zawsze b\u0119d\u0119 zapina\u0142 pasy bezpiecze\u0144stwa i upewni\u0119 si\u0119, \u017ce wszyscy wsp\u00f3\u0142pasa\u017cerowie maj\u0105 je zapi\u0119te.<br> Nie b\u0119d\u0119 korzysta\u0142 z telefonu kom\u00f3rkowego podczas kierowania pojazdem.<br> Upewni\u0119 si\u0119, \u017ce nic w poje\u017adzie, poza nim, jak r\u00f3wnie\u017c w mojej g\u0142owie mnie nie rozprasza.<br> B\u0119d\u0119 dawa\u0142 swoim pasa\u017cerom dobry przyk\u0142ad, prowadz\u0105c pojazd bezpiecznie i spokojnie.<br> Je\u015bli jestem pasa\u017cerem, upewni\u0119 si\u0119, \u017ce kieruj\u0105cy jest w pe\u0142ni sprawny i mo\u017ce w zgodzie z prawem usi\u0105\u015b\u0107 za kierownic\u0105 pojazdu.<br> Ubieg\u0142oroczna kampania #ProjectEDWARD wywar\u0142a ogromny wp\u0142yw na media spo\u0142eczno\u015bciowe, osi\u0105gaj\u0105c zasi\u0119g 25 milion\u00f3w na Twitterze w dniu akcji \u2013 19 wrze\u015bnia oraz ca\u0142kowity zasi\u0119g 37,2 miliona, od 11 czerwca do 21 wrze\u015bnia.<br> D\u0142ugofalowym celem TISPOL jest wykorzystanie projektu EDWARD do promowania bezpiecze\u0144stwa w ruchu drogowym oraz znacz\u0105cy spadek liczby ofiar \u015bmiertelnych i ci\u0119\u017cko rannych na drogach Europy, a w dalszej perspektywie \u2013 na ca\u0142ym \u015bwiecie. EDWARD ma zach\u0119ca\u0107 wszystkich u\u017cytkownik\u00f3w dr\u00f3g do zastanowienia si\u0119 nad ich zachowaniem i postaw\u0105 podczas korzystania z dr\u00f3g.<br> Najwi\u0119kszy wp\u0142yw na bezpiecze\u0144stwo maj\u0105 kierowcy, kt\u00f3rzy w mniej lub bardziej \u015bwiadomy spos\u00f3b, dopuszczaj\u0105 si\u0119 zachowa\u0144 zagra\u017caj\u0105cych \u017cyciu innych u\u017cytkownik\u00f3w dr\u00f3g, np. poprzez przekraczanie limit\u00f3w pr\u0119dko\u015bci, jazd\u0119 pod wp\u0142ywem alkoholu\/narkotyk\u00f3w, niekorzystanie z pas\u00f3w bezpiecze\u0144stwa, korzystanie z telefonu bez zestawu g\u0142o\u015bnom\u00f3wiacego, blokowanie przej\u015b\u0107 dla pieszych, parkowanie na drogach dla rower\u00f3w czy te\u017c podejmowanie ryzykownych manewr\u00f3w. Jednak\u017ce nie tylko kierowcy stwarzaj\u0105 niebezpieczne sytuacje. Wielu rowerzyst\u00f3w, czy pieszych r\u00f3wnie\u017c ignoruje zasady bezpiecznego poruszania si\u0119 po drogach i przyczynia si\u0119 do powstawania kolizji, czy wypadk\u00f3w.<br> Dlatego te\u017c TISPOL chcia\u0142by, by ka\u017cdy uczestnik ruchu drogowego poczu\u0142 si\u0119 cz\u0119\u015bci\u0105 projektu EDWARD i swoim zachowaniem oraz post\u0119powaniem, cho\u0107 w minimalnym stopniu, przyczyni\u0142 si\u0119 do poprawy bezpiecze\u0144stwa na drogach.<br> (BRD KGP)<\/p>\n","protected":false},"excerpt":{"rendered":"<p>Dzisiaj na drogach w ca\u0142ej Polsce, podobnie jak w innych krajach europejskich prowadzone s\u0105 wzmo\u017cone kontrole policji w ramach akcji Edward. Projekt Edward (European<\/p>\n","protected":false},"author":7,"featured_media":0,"comment_status":"open","ping_status":"open","sticky":false,"template":"","format":"standard","meta":{"_monsterinsights_skip_tracking":false,"_monsterinsights_sitenote_active":false,"_monsterinsights_sitenote_note":"","_monsterinsights_sitenote_category":0,"_uf_show_specific_survey":0,"_uf_disable_surveys":false,"footnotes":""},"categories":[44,3,94,2],"tags":[],"class_list":["post-6653","post","type-post","status-publish","format-standard","hentry","category-bezpieczenstwo","category-czestochowa-informacje","category-polecane","category-wiadomosci"],"_links":{"self":[{"href":"https:\/\/gazetaregionalna.com\/index.php?rest_route=\/wp\/v2\/posts\/6653","targetHints":{"allow":["GET"]}}],"collection":[{"href":"https:\/\/gazetaregionalna.com\/index.php?rest_route=\/wp\/v2\/posts"}],"about":[{"href":"https:\/\/gazetaregionalna.com\/index.php?rest_route=\/wp\/v2\/types\/post"}],"author":[{"embeddable":true,"href":"https:\/\/gazetaregionalna.com\/index.php?rest_route=\/wp\/v2\/users\/7"}],"replies":[{"embeddable":true,"href":"https:\/\/gazetaregionalna.com\/index.php?rest_route=%2Fwp%2Fv2%2Fcomments&post=6653"}],"version-history":[{"count":1,"href":"https:\/\/gazetaregionalna.com\/index.php?rest_route=\/wp\/v2\/posts\/6653\/revisions"}],"predecessor-version":[{"id":6655,"href":"https:\/\/gazetaregionalna.com\/index.php?rest_route=\/wp\/v2\/posts\/6653\/revisions\/6655"}],"wp:attachment":[{"href":"https:\/\/gazetaregionalna.com\/index.php?rest_route=%2Fwp%2Fv2%2Fmedia&parent=6653"}],"wp:term":[{"taxonomy":"category","embeddable":true,"href":"https:\/\/gazetaregionalna.com\/index.php?rest_route=%2Fwp%2Fv2%2Fcategories&post=6653"},{"taxonomy":"post_tag","embeddable":true,"href":"https:\/\/gazetaregionalna.com\/index.php?rest_route=%2Fwp%2Fv2%2Ftags&post=6653"}],"curies":[{"name":"wp","href":"https:\/\/api.w.org\/{rel}","templated":true}]}}