{"id":66351,"date":"2021-12-08T16:03:55","date_gmt":"2021-12-08T16:03:55","guid":{"rendered":"https:\/\/gazetaregionalna.com\/?p=66351"},"modified":"2021-12-08T16:03:56","modified_gmt":"2021-12-08T16:03:56","slug":"kibice-eltrox-wlokniarza-poznali-terminarz-w-pge-ekstralidze-na-poczatek-fogo-unia-leszno","status":"publish","type":"post","link":"https:\/\/gazetaregionalna.com\/?p=66351","title":{"rendered":"Kibice Eltrox W\u0142\u00f3kniarza poznali terminarz w PGE Ekstralidze. Na pocz\u0105tek Fogo Unia Leszno"},"content":{"rendered":"\n<p>PGE Ekstraliga og\u0142osi\u0142a terminarz na sezon 2022. \u017bu\u017clowcy Eltrox W\u0142\u00f3kniarz nowy sezon rozpoczn\u0105 8 kwietnia w Cz\u0119stochowie, gdy ugoszcz\u0105 gro\u017an\u0105 Fogo Uni\u0119 Leszno. Na pierwszy wyjazd w II kolejce cz\u0119stochowianie pojad\u0105 17 kwietnia do Lublina.<\/p>\n\n\n\n<p>W\u0142adze PGE Ekstraligi og\u0142osi\u0142y terminarz na rok 2022. Sezon rozpocznie si\u0119 8 kwietnia. Eltrox W\u0142\u00f3kniarz ugo\u015bci Fogo Uni\u0119 Leszno. W II kolejce cz\u0119stochowianie zmierz\u0105 si\u0119 w Lublinie z Motorem, a w III kolejce (24 kwietnia) pojad\u0105 do Ostrowa Wielkopolsksiego na mecz z beniaminkiem Arged Malesa.<\/p>\n\n\n\n<p>Ciekawe spotkanie zaplanowane jest 1 maja w Cz\u0119stochowie, gdy \u201eLwy\u201d podejmowa\u0107 b\u0119d\u0105 mistrz\u00f3w Polski Betard Spart\u0119 Wroc\u0142aw. W V kolejce Eltrox W\u0142\u00f3kniarz zaprezentuje si\u0119 w Gorzowie Wielopolskim w meczu z Moje Bermudy Stal\u0105, a w VI kolejce (20 maja) podejmowa\u0107 b\u0119dzie GKM Grudzi\u0105dz. Na zako\u0144czenie pierwszej cz\u0119\u015bci rozgrywek Eltrox W\u0142okniarz pojedzie do Torunia na mecz z Apatorem (3 czerwca). 12 czerwca cz\u0119stochowianie rozpoczn\u0105 rund\u0119 rewan\u017cow\u0105 i ugoszcz\u0105 zesp\u00f3\u0142 z Torunia.<\/p>\n\n\n\n<p>W sezonie 2022 po rundzie zasadniczej 6 czo\u0142owych zespo\u0142\u00f3w zmierzy si\u0119 w play-off, a dwie ostatnie b\u0119d\u0105 walczy\u0107 o utrzymanie.<\/p>\n\n\n\n<p>Ostatni mecz rundy zasadniczej Eltrox W\u0142\u00f3kniarz ma zaplanowany na 5 sierpnia. 21 sierpnia rozpoczn\u0105 si\u0119 \u0107wier\u0107fina\u0142y, w kt\u00f3rych 1. zesp\u00f3\u0142 pojedzie z 6. 2. z 5. i 3. z 4. Zwyci\u0119zcy oraz najlepszy zesp\u00f3\u0142 z pokonanych utworz\u0105 pary p\u00f3\u0142fina\u0142owe.<\/p>\n\n\n\n<p>AK, foto: AK<\/p>\n\n\n\n<figure class=\"wp-block-image size-large\"><img decoding=\"async\" width=\"1024\" height=\"553\" data-src=\"https:\/\/gazetaregionalna.com\/wp-content\/uploads\/2021\/05\/CKM-Sparta-6-1024x553.jpg\" alt=\"\" class=\"wp-image-41014 lazyload\" data-srcset=\"https:\/\/gazetaregionalna.com\/wp-content\/uploads\/2021\/05\/CKM-Sparta-6-1024x553.jpg 1024w, https:\/\/gazetaregionalna.com\/wp-content\/uploads\/2021\/05\/CKM-Sparta-6-300x162.jpg 300w, https:\/\/gazetaregionalna.com\/wp-content\/uploads\/2021\/05\/CKM-Sparta-6-768x415.jpg 768w, https:\/\/gazetaregionalna.com\/wp-content\/uploads\/2021\/05\/CKM-Sparta-6-1536x830.jpg 1536w, https:\/\/gazetaregionalna.com\/wp-content\/uploads\/2021\/05\/CKM-Sparta-6-2048x1107.jpg 2048w, https:\/\/gazetaregionalna.com\/wp-content\/uploads\/2021\/05\/CKM-Sparta-6-696x376.jpg 696w, https:\/\/gazetaregionalna.com\/wp-content\/uploads\/2021\/05\/CKM-Sparta-6-1068x577.jpg 1068w, https:\/\/gazetaregionalna.com\/wp-content\/uploads\/2021\/05\/CKM-Sparta-6-1920x1037.jpg 1920w, https:\/\/gazetaregionalna.com\/wp-content\/uploads\/2021\/05\/CKM-Sparta-6-777x420.jpg 777w, https:\/\/gazetaregionalna.com\/wp-content\/uploads\/2021\/05\/CKM-Sparta-6-scaled.jpg 1200w\" data-sizes=\"(max-width: 1024px) 100vw, 1024px\" src=\"data:image\/svg+xml;base64,PHN2ZyB3aWR0aD0iMSIgaGVpZ2h0PSIxIiB4bWxucz0iaHR0cDovL3d3dy53My5vcmcvMjAwMC9zdmciPjwvc3ZnPg==\" style=\"--smush-placeholder-width: 1024px; --smush-placeholder-aspect-ratio: 1024\/553;\" \/><\/figure>\n\n\n\n<figure class=\"wp-block-image size-large\"><img decoding=\"async\" width=\"1024\" height=\"416\" data-src=\"https:\/\/gazetaregionalna.com\/wp-content\/uploads\/2021\/05\/CKM-Sparta-9-1024x416.jpg\" alt=\"\" class=\"wp-image-41016 lazyload\" data-srcset=\"https:\/\/gazetaregionalna.com\/wp-content\/uploads\/2021\/05\/CKM-Sparta-9-1024x416.jpg 1024w, https:\/\/gazetaregionalna.com\/wp-content\/uploads\/2021\/05\/CKM-Sparta-9-300x122.jpg 300w, https:\/\/gazetaregionalna.com\/wp-content\/uploads\/2021\/05\/CKM-Sparta-9-768x312.jpg 768w, https:\/\/gazetaregionalna.com\/wp-content\/uploads\/2021\/05\/CKM-Sparta-9-1536x625.jpg 1536w, https:\/\/gazetaregionalna.com\/wp-content\/uploads\/2021\/05\/CKM-Sparta-9-2048x833.jpg 2048w, https:\/\/gazetaregionalna.com\/wp-content\/uploads\/2021\/05\/CKM-Sparta-9-696x283.jpg 696w, https:\/\/gazetaregionalna.com\/wp-content\/uploads\/2021\/05\/CKM-Sparta-9-1068x434.jpg 1068w, https:\/\/gazetaregionalna.com\/wp-content\/uploads\/2021\/05\/CKM-Sparta-9-1920x781.jpg 1920w, https:\/\/gazetaregionalna.com\/wp-content\/uploads\/2021\/05\/CKM-Sparta-9-1033x420.jpg 1033w, https:\/\/gazetaregionalna.com\/wp-content\/uploads\/2021\/05\/CKM-Sparta-9-scaled.jpg 1200w\" data-sizes=\"(max-width: 1024px) 100vw, 1024px\" src=\"data:image\/svg+xml;base64,PHN2ZyB3aWR0aD0iMSIgaGVpZ2h0PSIxIiB4bWxucz0iaHR0cDovL3d3dy53My5vcmcvMjAwMC9zdmciPjwvc3ZnPg==\" style=\"--smush-placeholder-width: 1024px; --smush-placeholder-aspect-ratio: 1024\/416;\" \/><\/figure>\n\n\n\n<figure class=\"wp-block-image size-large\"><img decoding=\"async\" width=\"1024\" height=\"450\" data-src=\"https:\/\/gazetaregionalna.com\/wp-content\/uploads\/2021\/05\/CKM-Sparta-62-1024x450.jpg\" alt=\"\" class=\"wp-image-41029 lazyload\" data-srcset=\"https:\/\/gazetaregionalna.com\/wp-content\/uploads\/2021\/05\/CKM-Sparta-62-1024x450.jpg 1024w, https:\/\/gazetaregionalna.com\/wp-content\/uploads\/2021\/05\/CKM-Sparta-62-300x132.jpg 300w, https:\/\/gazetaregionalna.com\/wp-content\/uploads\/2021\/05\/CKM-Sparta-62-768x337.jpg 768w, https:\/\/gazetaregionalna.com\/wp-content\/uploads\/2021\/05\/CKM-Sparta-62-1536x675.jpg 1536w, https:\/\/gazetaregionalna.com\/wp-content\/uploads\/2021\/05\/CKM-Sparta-62-2048x899.jpg 2048w, https:\/\/gazetaregionalna.com\/wp-content\/uploads\/2021\/05\/CKM-Sparta-62-696x306.jpg 696w, https:\/\/gazetaregionalna.com\/wp-content\/uploads\/2021\/05\/CKM-Sparta-62-1068x469.jpg 1068w, https:\/\/gazetaregionalna.com\/wp-content\/uploads\/2021\/05\/CKM-Sparta-62-1920x843.jpg 1920w, https:\/\/gazetaregionalna.com\/wp-content\/uploads\/2021\/05\/CKM-Sparta-62-956x420.jpg 956w, https:\/\/gazetaregionalna.com\/wp-content\/uploads\/2021\/05\/CKM-Sparta-62-scaled.jpg 1200w\" data-sizes=\"(max-width: 1024px) 100vw, 1024px\" src=\"data:image\/svg+xml;base64,PHN2ZyB3aWR0aD0iMSIgaGVpZ2h0PSIxIiB4bWxucz0iaHR0cDovL3d3dy53My5vcmcvMjAwMC9zdmciPjwvc3ZnPg==\" style=\"--smush-placeholder-width: 1024px; --smush-placeholder-aspect-ratio: 1024\/450;\" \/><\/figure>\n\n\n\n<figure class=\"wp-block-image size-large\"><img decoding=\"async\" width=\"300\" height=\"250\" data-src=\"https:\/\/gazetaregionalna.com\/wp-content\/uploads\/2021\/10\/DMKInvest2.jpg\" alt=\"\" class=\"wp-image-58380 lazyload\" src=\"data:image\/svg+xml;base64,PHN2ZyB3aWR0aD0iMSIgaGVpZ2h0PSIxIiB4bWxucz0iaHR0cDovL3d3dy53My5vcmcvMjAwMC9zdmciPjwvc3ZnPg==\" style=\"--smush-placeholder-width: 300px; --smush-placeholder-aspect-ratio: 300\/250;\"><\/figure>\n\n\n\n<figure class=\"wp-block-image size-large\"><img decoding=\"async\" width=\"1024\" height=\"683\" data-src=\"https:\/\/gazetaregionalna.com\/wp-content\/uploads\/2021\/05\/CKM-Sparta-35-1024x683.jpg\" alt=\"\" class=\"wp-image-41025 lazyload\" data-srcset=\"https:\/\/gazetaregionalna.com\/wp-content\/uploads\/2021\/05\/CKM-Sparta-35-1024x683.jpg 1024w, https:\/\/gazetaregionalna.com\/wp-content\/uploads\/2021\/05\/CKM-Sparta-35-300x200.jpg 300w, https:\/\/gazetaregionalna.com\/wp-content\/uploads\/2021\/05\/CKM-Sparta-35-768x512.jpg 768w, https:\/\/gazetaregionalna.com\/wp-content\/uploads\/2021\/05\/CKM-Sparta-35-1536x1024.jpg 1536w, https:\/\/gazetaregionalna.com\/wp-content\/uploads\/2021\/05\/CKM-Sparta-35-2048x1365.jpg 2048w, https:\/\/gazetaregionalna.com\/wp-content\/uploads\/2021\/05\/CKM-Sparta-35-696x464.jpg 696w, https:\/\/gazetaregionalna.com\/wp-content\/uploads\/2021\/05\/CKM-Sparta-35-1068x712.jpg 1068w, https:\/\/gazetaregionalna.com\/wp-content\/uploads\/2021\/05\/CKM-Sparta-35-1920x1280.jpg 1920w, https:\/\/gazetaregionalna.com\/wp-content\/uploads\/2021\/05\/CKM-Sparta-35-630x420.jpg 630w, https:\/\/gazetaregionalna.com\/wp-content\/uploads\/2021\/05\/CKM-Sparta-35-scaled.jpg 1200w\" data-sizes=\"(max-width: 1024px) 100vw, 1024px\" src=\"data:image\/svg+xml;base64,PHN2ZyB3aWR0aD0iMSIgaGVpZ2h0PSIxIiB4bWxucz0iaHR0cDovL3d3dy53My5vcmcvMjAwMC9zdmciPjwvc3ZnPg==\" style=\"--smush-placeholder-width: 1024px; --smush-placeholder-aspect-ratio: 1024\/683;\" \/><\/figure>\n\n\n\n<figure class=\"wp-block-image size-large\"><img decoding=\"async\" width=\"1024\" height=\"683\" data-src=\"https:\/\/gazetaregionalna.com\/wp-content\/uploads\/2021\/05\/CKM-Sparta-32-1024x683.jpg\" alt=\"\" class=\"wp-image-41023 lazyload\" data-srcset=\"https:\/\/gazetaregionalna.com\/wp-content\/uploads\/2021\/05\/CKM-Sparta-32-1024x683.jpg 1024w, https:\/\/gazetaregionalna.com\/wp-content\/uploads\/2021\/05\/CKM-Sparta-32-300x200.jpg 300w, https:\/\/gazetaregionalna.com\/wp-content\/uploads\/2021\/05\/CKM-Sparta-32-768x512.jpg 768w, https:\/\/gazetaregionalna.com\/wp-content\/uploads\/2021\/05\/CKM-Sparta-32-1536x1024.jpg 1536w, https:\/\/gazetaregionalna.com\/wp-content\/uploads\/2021\/05\/CKM-Sparta-32-2048x1365.jpg 2048w, https:\/\/gazetaregionalna.com\/wp-content\/uploads\/2021\/05\/CKM-Sparta-32-696x464.jpg 696w, https:\/\/gazetaregionalna.com\/wp-content\/uploads\/2021\/05\/CKM-Sparta-32-1068x712.jpg 1068w, https:\/\/gazetaregionalna.com\/wp-content\/uploads\/2021\/05\/CKM-Sparta-32-1920x1280.jpg 1920w, https:\/\/gazetaregionalna.com\/wp-content\/uploads\/2021\/05\/CKM-Sparta-32-630x420.jpg 630w, https:\/\/gazetaregionalna.com\/wp-content\/uploads\/2021\/05\/CKM-Sparta-32-scaled.jpg 1200w\" data-sizes=\"(max-width: 1024px) 100vw, 1024px\" src=\"data:image\/svg+xml;base64,PHN2ZyB3aWR0aD0iMSIgaGVpZ2h0PSIxIiB4bWxucz0iaHR0cDovL3d3dy53My5vcmcvMjAwMC9zdmciPjwvc3ZnPg==\" style=\"--smush-placeholder-width: 1024px; --smush-placeholder-aspect-ratio: 1024\/683;\" \/><\/figure>\n","protected":false},"excerpt":{"rendered":"<p>PGE Ekstraliga og\u0142osi\u0142a terminarz na sezon 2022. \u017bu\u017clowcy Eltrox W\u0142\u00f3kniarz nowy sezon rozpoczn\u0105 8 kwietnia w Cz\u0119stochowie, gdy ugoszcz\u0105 gro\u017an\u0105 Fogo Uni\u0119 Leszno. Na<\/p>\n","protected":false},"author":15,"featured_media":41014,"comment_status":"open","ping_status":"open","sticky":false,"template":"","format":"standard","meta":{"_monsterinsights_skip_tracking":false,"_monsterinsights_sitenote_active":false,"_monsterinsights_sitenote_note":"","_monsterinsights_sitenote_category":0,"_uf_show_specific_survey":0,"_uf_disable_surveys":false,"footnotes":""},"categories":[5,7],"tags":[],"class_list":["post-66351","post","type-post","status-publish","format-standard","has-post-thumbnail","hentry","category-sport","category-zuzel"],"_links":{"self":[{"href":"https:\/\/gazetaregionalna.com\/index.php?rest_route=\/wp\/v2\/posts\/66351","targetHints":{"allow":["GET"]}}],"collection":[{"href":"https:\/\/gazetaregionalna.com\/index.php?rest_route=\/wp\/v2\/posts"}],"about":[{"href":"https:\/\/gazetaregionalna.com\/index.php?rest_route=\/wp\/v2\/types\/post"}],"author":[{"embeddable":true,"href":"https:\/\/gazetaregionalna.com\/index.php?rest_route=\/wp\/v2\/users\/15"}],"replies":[{"embeddable":true,"href":"https:\/\/gazetaregionalna.com\/index.php?rest_route=%2Fwp%2Fv2%2Fcomments&post=66351"}],"version-history":[{"count":1,"href":"https:\/\/gazetaregionalna.com\/index.php?rest_route=\/wp\/v2\/posts\/66351\/revisions"}],"predecessor-version":[{"id":66352,"href":"https:\/\/gazetaregionalna.com\/index.php?rest_route=\/wp\/v2\/posts\/66351\/revisions\/66352"}],"wp:featuredmedia":[{"embeddable":true,"href":"https:\/\/gazetaregionalna.com\/index.php?rest_route=\/wp\/v2\/media\/41014"}],"wp:attachment":[{"href":"https:\/\/gazetaregionalna.com\/index.php?rest_route=%2Fwp%2Fv2%2Fmedia&parent=66351"}],"wp:term":[{"taxonomy":"category","embeddable":true,"href":"https:\/\/gazetaregionalna.com\/index.php?rest_route=%2Fwp%2Fv2%2Fcategories&post=66351"},{"taxonomy":"post_tag","embeddable":true,"href":"https:\/\/gazetaregionalna.com\/index.php?rest_route=%2Fwp%2Fv2%2Ftags&post=66351"}],"curies":[{"name":"wp","href":"https:\/\/api.w.org\/{rel}","templated":true}]}}