{"id":6630,"date":"2019-09-26T08:02:48","date_gmt":"2019-09-26T08:02:48","guid":{"rendered":"https:\/\/gazetaregionalna.com\/?p=6630"},"modified":"2019-09-26T08:02:51","modified_gmt":"2019-09-26T08:02:51","slug":"dawid-piestrzynski-mistrz-z-czestochowy","status":"publish","type":"post","link":"https:\/\/gazetaregionalna.com\/?p=6630","title":{"rendered":"Dawid Piestrzy\u0144ski Mistrz z Cz\u0119stochowy"},"content":{"rendered":"\n<h1 class=\"wp-block-heading\">W zwi\u0105zku z odwo\u0142aniem  12. rundy Indywidualnych Mistrzostw Polski w mini\u017cu\u017clu  85-125cc   G\u0142\u00f3wna Komisja Sportu \u017bu\u017clowego postanowi\u0142a zweryfikowa\u0107 zawody i tym samym Mistrzem Polski zosta\u0142 <strong>Dawid Piestrzy\u0144ski<\/strong>.<\/h1>\n\n\n\n<div class=\"wp-block-image\"><figure class=\"alignleft is-resized\"><img decoding=\"async\" data-src=\"https:\/\/gazetaregionalna.com\/wp-content\/uploads\/2019\/09\/d7-1024x683.jpg\" alt=\"\" class=\"wp-image-6637 lazyload\" width=\"543\" height=\"361\" data-srcset=\"https:\/\/gazetaregionalna.com\/wp-content\/uploads\/2019\/09\/d7-1024x683.jpg 1024w, https:\/\/gazetaregionalna.com\/wp-content\/uploads\/2019\/09\/d7-300x200.jpg 300w, https:\/\/gazetaregionalna.com\/wp-content\/uploads\/2019\/09\/d7-768x512.jpg 768w, https:\/\/gazetaregionalna.com\/wp-content\/uploads\/2019\/09\/d7-696x464.jpg 696w, https:\/\/gazetaregionalna.com\/wp-content\/uploads\/2019\/09\/d7-1068x712.jpg 1068w, https:\/\/gazetaregionalna.com\/wp-content\/uploads\/2019\/09\/d7-630x420.jpg 630w, https:\/\/gazetaregionalna.com\/wp-content\/uploads\/2019\/09\/d7.jpg 1200w\" data-sizes=\"(max-width: 543px) 100vw, 543px\" src=\"data:image\/svg+xml;base64,PHN2ZyB3aWR0aD0iMSIgaGVpZ2h0PSIxIiB4bWxucz0iaHR0cDovL3d3dy53My5vcmcvMjAwMC9zdmciPjwvc3ZnPg==\" style=\"--smush-placeholder-width: 543px; --smush-placeholder-aspect-ratio: 543\/361;\" \/><\/figure><\/div>\n\n\n\n<p>Trzeba przyzna\u0107, \u017ce przed ostatnimi, odwo\u0142anymi zawodami Dawid by\u0142 niemal w 100% pewny zdobycia tytu\u0142u mistrzowskiego maj\u0105c do zdobycia brakuj\u0105cy mu 1 pkt. M\u0142ody zawodnik reprezentuj\u0105cy MKM\u017b Rybki Rybnik mia\u0142 bowiem 15 pkt przewagi nad kolejnym w klasyfikacji Mateuszem \u0141opuskim z Wybrze\u017ca Gda\u0144sk. Dawid wygra\u0142 8 z 10 rozegranych zawod\u00f3w!<\/p>\n\n\n\n<p>W przysz\u0142ym sezonie <strong>Dawid Piestrzy\u0144ski<\/strong> ma zamiar przesi\u0105\u015b\u0107 si\u0119 na mocniejszy motocykl 250 centymetr\u00f3w sze\u015bciennych i tu te\u017c powalczy\u0107 o jak najlepsze miejsce w turniejach mistrzowskich.<\/p>\n\n\n\n<div class=\"wp-block-image\"><figure class=\"alignleft\"><img decoding=\"async\" width=\"1024\" height=\"683\" data-src=\"https:\/\/gazetaregionalna.com\/wp-content\/uploads\/2019\/09\/d4-1024x683.jpg\" alt=\"\" class=\"wp-image-6634 lazyload\" data-srcset=\"https:\/\/gazetaregionalna.com\/wp-content\/uploads\/2019\/09\/d4-1024x683.jpg 1024w, https:\/\/gazetaregionalna.com\/wp-content\/uploads\/2019\/09\/d4-300x200.jpg 300w, https:\/\/gazetaregionalna.com\/wp-content\/uploads\/2019\/09\/d4-768x512.jpg 768w, https:\/\/gazetaregionalna.com\/wp-content\/uploads\/2019\/09\/d4-696x464.jpg 696w, https:\/\/gazetaregionalna.com\/wp-content\/uploads\/2019\/09\/d4-1068x712.jpg 1068w, https:\/\/gazetaregionalna.com\/wp-content\/uploads\/2019\/09\/d4-630x420.jpg 630w, https:\/\/gazetaregionalna.com\/wp-content\/uploads\/2019\/09\/d4.jpg 1200w\" data-sizes=\"(max-width: 1024px) 100vw, 1024px\" src=\"data:image\/svg+xml;base64,PHN2ZyB3aWR0aD0iMSIgaGVpZ2h0PSIxIiB4bWxucz0iaHR0cDovL3d3dy53My5vcmcvMjAwMC9zdmciPjwvc3ZnPg==\" style=\"--smush-placeholder-width: 1024px; --smush-placeholder-aspect-ratio: 1024\/683;\" \/><\/figure><\/div>\n\n\n\n<div class=\"wp-block-image\"><figure class=\"alignleft\"><img decoding=\"async\" width=\"1024\" height=\"718\" data-src=\"https:\/\/gazetaregionalna.com\/wp-content\/uploads\/2019\/09\/d3-1024x718.jpg\" alt=\"\" class=\"wp-image-6633 lazyload\" data-srcset=\"https:\/\/gazetaregionalna.com\/wp-content\/uploads\/2019\/09\/d3-1024x718.jpg 1024w, https:\/\/gazetaregionalna.com\/wp-content\/uploads\/2019\/09\/d3-300x210.jpg 300w, https:\/\/gazetaregionalna.com\/wp-content\/uploads\/2019\/09\/d3-768x538.jpg 768w, https:\/\/gazetaregionalna.com\/wp-content\/uploads\/2019\/09\/d3-100x70.jpg 100w, https:\/\/gazetaregionalna.com\/wp-content\/uploads\/2019\/09\/d3-696x488.jpg 696w, https:\/\/gazetaregionalna.com\/wp-content\/uploads\/2019\/09\/d3-1068x748.jpg 1068w, https:\/\/gazetaregionalna.com\/wp-content\/uploads\/2019\/09\/d3-599x420.jpg 599w, https:\/\/gazetaregionalna.com\/wp-content\/uploads\/2019\/09\/d3.jpg 1200w\" data-sizes=\"(max-width: 1024px) 100vw, 1024px\" src=\"data:image\/svg+xml;base64,PHN2ZyB3aWR0aD0iMSIgaGVpZ2h0PSIxIiB4bWxucz0iaHR0cDovL3d3dy53My5vcmcvMjAwMC9zdmciPjwvc3ZnPg==\" style=\"--smush-placeholder-width: 1024px; --smush-placeholder-aspect-ratio: 1024\/718;\" \/><\/figure><\/div>\n\n\n\n<div class=\"wp-block-image\"><figure class=\"alignleft\"><img decoding=\"async\" width=\"1024\" height=\"709\" data-src=\"https:\/\/gazetaregionalna.com\/wp-content\/uploads\/2019\/09\/d2-1024x709.jpg\" alt=\"\" class=\"wp-image-6632 lazyload\" data-srcset=\"https:\/\/gazetaregionalna.com\/wp-content\/uploads\/2019\/09\/d2-1024x709.jpg 1024w, https:\/\/gazetaregionalna.com\/wp-content\/uploads\/2019\/09\/d2-300x208.jpg 300w, https:\/\/gazetaregionalna.com\/wp-content\/uploads\/2019\/09\/d2-768x531.jpg 768w, https:\/\/gazetaregionalna.com\/wp-content\/uploads\/2019\/09\/d2-100x70.jpg 100w, https:\/\/gazetaregionalna.com\/wp-content\/uploads\/2019\/09\/d2-218x150.jpg 218w, https:\/\/gazetaregionalna.com\/wp-content\/uploads\/2019\/09\/d2-696x482.jpg 696w, https:\/\/gazetaregionalna.com\/wp-content\/uploads\/2019\/09\/d2-1068x739.jpg 1068w, https:\/\/gazetaregionalna.com\/wp-content\/uploads\/2019\/09\/d2-607x420.jpg 607w, https:\/\/gazetaregionalna.com\/wp-content\/uploads\/2019\/09\/d2.jpg 1493w\" data-sizes=\"(max-width: 1024px) 100vw, 1024px\" src=\"data:image\/svg+xml;base64,PHN2ZyB3aWR0aD0iMSIgaGVpZ2h0PSIxIiB4bWxucz0iaHR0cDovL3d3dy53My5vcmcvMjAwMC9zdmciPjwvc3ZnPg==\" style=\"--smush-placeholder-width: 1024px; --smush-placeholder-aspect-ratio: 1024\/709;\" \/><\/figure><\/div>\n\n\n\n<div class=\"wp-block-image\"><figure class=\"alignleft\"><img decoding=\"async\" width=\"1024\" height=\"684\" data-src=\"https:\/\/gazetaregionalna.com\/wp-content\/uploads\/2019\/09\/d1-1024x684.jpg\" alt=\"\" class=\"wp-image-6631 lazyload\" data-srcset=\"https:\/\/gazetaregionalna.com\/wp-content\/uploads\/2019\/09\/d1-1024x684.jpg 1024w, https:\/\/gazetaregionalna.com\/wp-content\/uploads\/2019\/09\/d1-300x200.jpg 300w, https:\/\/gazetaregionalna.com\/wp-content\/uploads\/2019\/09\/d1-768x513.jpg 768w, https:\/\/gazetaregionalna.com\/wp-content\/uploads\/2019\/09\/d1-696x465.jpg 696w, https:\/\/gazetaregionalna.com\/wp-content\/uploads\/2019\/09\/d1-1068x713.jpg 1068w, https:\/\/gazetaregionalna.com\/wp-content\/uploads\/2019\/09\/d1-629x420.jpg 629w, https:\/\/gazetaregionalna.com\/wp-content\/uploads\/2019\/09\/d1.jpg 1200w\" data-sizes=\"(max-width: 1024px) 100vw, 1024px\" src=\"data:image\/svg+xml;base64,PHN2ZyB3aWR0aD0iMSIgaGVpZ2h0PSIxIiB4bWxucz0iaHR0cDovL3d3dy53My5vcmcvMjAwMC9zdmciPjwvc3ZnPg==\" style=\"--smush-placeholder-width: 1024px; --smush-placeholder-aspect-ratio: 1024\/684;\" \/><\/figure><\/div>\n\n\n\n<p><\/p>\n\n\n\n<h2 class=\"wp-block-heading\" style=\"text-align:left\">Mistrz <strong>Dawid Piestrzy\u0144ski<\/strong> !!!<\/h2>\n\n\n\n<p><\/p>\n","protected":false},"excerpt":{"rendered":"<p>W zwi\u0105zku z odwo\u0142aniem 12. rundy Indywidualnych Mistrzostw Polski w mini\u017cu\u017clu 85-125cc G\u0142\u00f3wna Komisja Sportu \u017bu\u017clowego postanowi\u0142a zweryfikowa\u0107 zawody i tym samym Mistrzem Polski<\/p>\n","protected":false},"author":4,"featured_media":6635,"comment_status":"open","ping_status":"open","sticky":false,"template":"","format":"standard","meta":{"_monsterinsights_skip_tracking":false,"_monsterinsights_sitenote_active":false,"_monsterinsights_sitenote_note":"","_monsterinsights_sitenote_category":0,"_uf_show_specific_survey":0,"_uf_disable_surveys":false,"footnotes":""},"categories":[1,7],"tags":[150,102],"class_list":["post-6630","post","type-post","status-publish","format-standard","has-post-thumbnail","hentry","category-uncategorized","category-zuzel","tag-dawid-piestrzynski","tag-zuzel"],"_links":{"self":[{"href":"https:\/\/gazetaregionalna.com\/index.php?rest_route=\/wp\/v2\/posts\/6630","targetHints":{"allow":["GET"]}}],"collection":[{"href":"https:\/\/gazetaregionalna.com\/index.php?rest_route=\/wp\/v2\/posts"}],"about":[{"href":"https:\/\/gazetaregionalna.com\/index.php?rest_route=\/wp\/v2\/types\/post"}],"author":[{"embeddable":true,"href":"https:\/\/gazetaregionalna.com\/index.php?rest_route=\/wp\/v2\/users\/4"}],"replies":[{"embeddable":true,"href":"https:\/\/gazetaregionalna.com\/index.php?rest_route=%2Fwp%2Fv2%2Fcomments&post=6630"}],"version-history":[{"count":15,"href":"https:\/\/gazetaregionalna.com\/index.php?rest_route=\/wp\/v2\/posts\/6630\/revisions"}],"predecessor-version":[{"id":6657,"href":"https:\/\/gazetaregionalna.com\/index.php?rest_route=\/wp\/v2\/posts\/6630\/revisions\/6657"}],"wp:featuredmedia":[{"embeddable":true,"href":"https:\/\/gazetaregionalna.com\/index.php?rest_route=\/wp\/v2\/media\/6635"}],"wp:attachment":[{"href":"https:\/\/gazetaregionalna.com\/index.php?rest_route=%2Fwp%2Fv2%2Fmedia&parent=6630"}],"wp:term":[{"taxonomy":"category","embeddable":true,"href":"https:\/\/gazetaregionalna.com\/index.php?rest_route=%2Fwp%2Fv2%2Fcategories&post=6630"},{"taxonomy":"post_tag","embeddable":true,"href":"https:\/\/gazetaregionalna.com\/index.php?rest_route=%2Fwp%2Fv2%2Ftags&post=6630"}],"curies":[{"name":"wp","href":"https:\/\/api.w.org\/{rel}","templated":true}]}}