{"id":6610,"date":"2019-09-25T06:29:56","date_gmt":"2019-09-25T06:29:56","guid":{"rendered":"https:\/\/gazetaregionalna.com\/?p=6610"},"modified":"2019-09-25T06:29:58","modified_gmt":"2019-09-25T06:29:58","slug":"samorzad-wypuscil-obligacje","status":"publish","type":"post","link":"https:\/\/gazetaregionalna.com\/?p=6610","title":{"rendered":"Samorz\u0105d wypu\u015bci\u0142 obligacje"},"content":{"rendered":"\n<p>Radomsko do\u0142\u0105czy\u0142o do miast, kt\u00f3re na pokrycie wydatk\u00f3w inwestycyjnych wyemitowa\u0142o obligacje komunalne. Debiut miasta na Gie\u0142dzie Papier\u00f3w Warto\u015bciowych w Warszawie mia\u0142 miejsce w miniony poniedzia\u0142ek.<br>\nCelem emisji obligacji by\u0142o pozyskanie przez gmin\u0119 dodatkowych \u015brodk\u00f3w finansowych i przeznaczenie ichpokrycie wydatk\u00f3w zwi\u0105zanych z realizowanymi w tym roku zadaniami inwestycyjnymi. Z pozyskanych w ten spos\u00f3b funduszy, miasto chce sfinansowa\u0107 budow\u0119 kompleksowych obiekt\u00f3w sportowo-rekreacyjnych, wymian\u0119 taboru autobus\u00f3w miejskich na pojazdy niskoemisyjne, a tak\u017ce przeprowadzi\u0107 rewitalizacj\u0119 centrum Radomska, przebudow\u0119 ul. Reymonta oraz termomodernizacj\u0119 magistratu i przedszkola nr 2.<br>\nRadomszcza\u0144skie obligacje komunalne notowane s\u0105 w alternatywnym systemie obrotu Catalyst. Radomsko jest 140. emitentem obligacji na rynku Catalyst oraz czwartym debiutantem na tym rynku w 2019 r.<br>\nWyemitowane papiery warto\u015bciowe, to obligacje na okaziciela, w sumie 30 000 obligacji, w tym:<br>\n\u2013 10 000 obligacji serii D19, o warto\u015bci nominalnej 1000 z\u0142 ka\u017cda, oznaczonych przez Krajowy Depozyt Papier\u00f3w Warto\u015bciowych S.A. kodem \u201ePL0035200019\u201d, kt\u00f3rych wyp\u0142ata odsetek odbywa\u0107 si\u0119 b\u0119dzie co p\u00f3\u0142 roku, a ko\u0144cowy termin wykupu przewidzany jest na 25.11.2026 r.;<\/p>\n\n\n\n<p>\u2013 10 000 obligacji serii E19, o warto\u015bci nominalnej 1000 z\u0142 ka\u017cda, oznaczonych przez Krajowy Depozyt Papier\u00f3w Warto\u015bciowych S.A. kodem \u201ePL0035200027\u201d, kt\u00f3rych wyp\u0142ata odsetek odbywa\u0107 si\u0119 b\u0119dzie co p\u00f3\u0142 roku, a ko\u0144cowy termin wykupu przewidziany jest na 25.11.2029 r.;<\/p>\n\n\n\n<p>\u2013 10 000 obligacji serii F19, o warto\u015bci nominalnej 1000 z\u0142 ka\u017cda, oznaczonych przez Krajowy Depozyt Papier\u00f3w Warto\u015bciowych S.A. kodem \u201ePL0035200035\u201d; kt\u00f3rych wyp\u0142ata odsetek odbywa\u0107 si\u0119 b\u0119dzie co p\u00f3\u0142 roku, a ko\u0144cowy termin wykupu przewidziany jest na 25.11.2032 r.<\/p>\n\n\n\n<figure class=\"wp-block-image\"><img decoding=\"async\" width=\"788\" height=\"390\" data-src=\"https:\/\/gazetaregionalna.com\/wp-content\/uploads\/2019\/09\/obligacje3.jpg\" alt=\"\" class=\"wp-image-6611 lazyload\" data-srcset=\"https:\/\/gazetaregionalna.com\/wp-content\/uploads\/2019\/09\/obligacje3.jpg 788w, https:\/\/gazetaregionalna.com\/wp-content\/uploads\/2019\/09\/obligacje3-300x148.jpg 300w, https:\/\/gazetaregionalna.com\/wp-content\/uploads\/2019\/09\/obligacje3-768x380.jpg 768w, https:\/\/gazetaregionalna.com\/wp-content\/uploads\/2019\/09\/obligacje3-324x160.jpg 324w, https:\/\/gazetaregionalna.com\/wp-content\/uploads\/2019\/09\/obligacje3-696x344.jpg 696w\" data-sizes=\"(max-width: 788px) 100vw, 788px\" src=\"data:image\/svg+xml;base64,PHN2ZyB3aWR0aD0iMSIgaGVpZ2h0PSIxIiB4bWxucz0iaHR0cDovL3d3dy53My5vcmcvMjAwMC9zdmciPjwvc3ZnPg==\" style=\"--smush-placeholder-width: 788px; --smush-placeholder-aspect-ratio: 788\/390;\" \/><\/figure>\n\n\n\n<p>Oprocentowanie obligacji b\u0119dzie zmienne, r\u00f3wne stawce WIBOR 6 M, powi\u0119kszone o mar\u017c\u0119 dla inwestor\u00f3w \u2013 1,03%.<br>\nW uroczystej sesji otwieraj\u0105cej notowania radomszcza\u0144skich uczestniczyli: prezydent Jaros\u0142aw Ferenc oraz skarbnik Mariola Wypych, a tak\u017ce cz\u0142onek Zarz\u0105du Gie\u0142dy Papier\u00f3w Warto\u015bciowych w Warszawie Piotr Borowski i przedstawiciele Departamentu Finansowego Projekt\u00f3w Inwestycyjnych Banku PKO Bank Polski S.A., banku, kt\u00f3ry obs\u0142uguje dla miasta ewidencj\u0119 obligacji \u2014 kierownik zespo\u0142u Marcin \u015awi\u0119cicki oraz Mariusz Noch i Anna W\u0119grzanowska.<br>\n(\u0179r\u00f3\u0142o: UM Radomsko)<\/p>\n","protected":false},"excerpt":{"rendered":"<p>Radomsko do\u0142\u0105czy\u0142o do miast, kt\u00f3re na pokrycie wydatk\u00f3w inwestycyjnych wyemitowa\u0142o obligacje komunalne. Debiut miasta na Gie\u0142dzie Papier\u00f3w Warto\u015bciowych w Warszawie mia\u0142 miejsce w miniony<\/p>\n","protected":false},"author":7,"featured_media":6612,"comment_status":"open","ping_status":"open","sticky":false,"template":"","format":"standard","meta":{"_monsterinsights_skip_tracking":false,"_monsterinsights_sitenote_active":false,"_monsterinsights_sitenote_note":"","_monsterinsights_sitenote_category":0,"_uf_show_specific_survey":0,"_uf_disable_surveys":false,"footnotes":""},"categories":[43,33,94,28,2],"tags":[],"class_list":["post-6610","post","type-post","status-publish","format-standard","has-post-thumbnail","hentry","category-biznes","category-inwestycje","category-polecane","category-radomsko","category-wiadomosci"],"_links":{"self":[{"href":"https:\/\/gazetaregionalna.com\/index.php?rest_route=\/wp\/v2\/posts\/6610","targetHints":{"allow":["GET"]}}],"collection":[{"href":"https:\/\/gazetaregionalna.com\/index.php?rest_route=\/wp\/v2\/posts"}],"about":[{"href":"https:\/\/gazetaregionalna.com\/index.php?rest_route=\/wp\/v2\/types\/post"}],"author":[{"embeddable":true,"href":"https:\/\/gazetaregionalna.com\/index.php?rest_route=\/wp\/v2\/users\/7"}],"replies":[{"embeddable":true,"href":"https:\/\/gazetaregionalna.com\/index.php?rest_route=%2Fwp%2Fv2%2Fcomments&post=6610"}],"version-history":[{"count":1,"href":"https:\/\/gazetaregionalna.com\/index.php?rest_route=\/wp\/v2\/posts\/6610\/revisions"}],"predecessor-version":[{"id":6613,"href":"https:\/\/gazetaregionalna.com\/index.php?rest_route=\/wp\/v2\/posts\/6610\/revisions\/6613"}],"wp:featuredmedia":[{"embeddable":true,"href":"https:\/\/gazetaregionalna.com\/index.php?rest_route=\/wp\/v2\/media\/6612"}],"wp:attachment":[{"href":"https:\/\/gazetaregionalna.com\/index.php?rest_route=%2Fwp%2Fv2%2Fmedia&parent=6610"}],"wp:term":[{"taxonomy":"category","embeddable":true,"href":"https:\/\/gazetaregionalna.com\/index.php?rest_route=%2Fwp%2Fv2%2Fcategories&post=6610"},{"taxonomy":"post_tag","embeddable":true,"href":"https:\/\/gazetaregionalna.com\/index.php?rest_route=%2Fwp%2Fv2%2Ftags&post=6610"}],"curies":[{"name":"wp","href":"https:\/\/api.w.org\/{rel}","templated":true}]}}