{"id":66065,"date":"2021-12-06T17:53:49","date_gmt":"2021-12-06T17:53:49","guid":{"rendered":"https:\/\/gazetaregionalna.com\/?p=66065"},"modified":"2021-12-06T17:53:50","modified_gmt":"2021-12-06T17:53:50","slug":"sfingowali-napad-by-promowac-budowe-domu-oczami-brata","status":"publish","type":"post","link":"https:\/\/gazetaregionalna.com\/?p=66065","title":{"rendered":"Sfingowali napad na Muzeum Cz\u0119stochowskie. Wszystko po to, by promowa\u0107 budow\u0119 Domu Oczami Brata"},"content":{"rendered":"\n<h2 class=\"wp-block-heading\">2,5 miliona z\u0142otych to brakuj\u0105ca kwota, kt\u00f3ra umo\u017cliwi w Cz\u0119stochowie budow\u0119 Domu Oczami Brata. By promowa\u0107 zbi\u00f3rk\u0119 na ten cel, Fundacja Oczami Brata, si\u0119gn\u0119\u0142a po bardzo niekonwencjonalne metody.<\/h2>\n\n\n\n<p>O nietypowym komunikacie prasowym, kt\u00f3ry dotar\u0142 do naszej redakcji 1 grudnia, pisali\u015bmy ju\u017c na \u0142amach &#8222;Gazety Regionalnej&#8221;. Przypomnijmy, \u017ce wynika\u0142o z niego, \u017ce uczestnicy zaj\u0119\u0107 Warsztatu Terapii Zaj\u0119ciowej Fundacji Oczami Brata podejrzani s\u0105 o kradzie\u017c artefakt\u00f3w ze Starego Ratusza w Cz\u0119stochowie. Napad na oddzia\u0142 Muzeum Cz\u0119stochowskiego inspirowany mia\u0142 by\u0107 serialem &#8222;Dom z papieru&#8221; (wi\u0119cej na ten temat <a href=\"https:\/\/gazetaregionalna.com\/dom-z-papieru-w-czestochowie-napad\/\">TUTAJ<\/a>).<\/p>\n\n\n\n<figure class=\"wp-block-image size-large\"><img decoding=\"async\" width=\"1024\" height=\"683\" data-src=\"https:\/\/gazetaregionalna.com\/wp-content\/uploads\/2021\/12\/Konferencja-prasowa.-3.12-3-1024x683.jpg\" alt=\"\" class=\"wp-image-66078 lazyload\" data-srcset=\"https:\/\/gazetaregionalna.com\/wp-content\/uploads\/2021\/12\/Konferencja-prasowa.-3.12-3-1024x683.jpg 1024w, https:\/\/gazetaregionalna.com\/wp-content\/uploads\/2021\/12\/Konferencja-prasowa.-3.12-3-300x200.jpg 300w, https:\/\/gazetaregionalna.com\/wp-content\/uploads\/2021\/12\/Konferencja-prasowa.-3.12-3-768x512.jpg 768w, https:\/\/gazetaregionalna.com\/wp-content\/uploads\/2021\/12\/Konferencja-prasowa.-3.12-3-1536x1024.jpg 1536w, https:\/\/gazetaregionalna.com\/wp-content\/uploads\/2021\/12\/Konferencja-prasowa.-3.12-3-2048x1365.jpg 2048w, https:\/\/gazetaregionalna.com\/wp-content\/uploads\/2021\/12\/Konferencja-prasowa.-3.12-3-696x464.jpg 696w, https:\/\/gazetaregionalna.com\/wp-content\/uploads\/2021\/12\/Konferencja-prasowa.-3.12-3-1068x712.jpg 1068w, https:\/\/gazetaregionalna.com\/wp-content\/uploads\/2021\/12\/Konferencja-prasowa.-3.12-3-1920x1280.jpg 1920w, https:\/\/gazetaregionalna.com\/wp-content\/uploads\/2021\/12\/Konferencja-prasowa.-3.12-3-630x420.jpg 630w, https:\/\/gazetaregionalna.com\/wp-content\/uploads\/2021\/12\/Konferencja-prasowa.-3.12-3-scaled.jpg 1600w\" data-sizes=\"(max-width: 1024px) 100vw, 1024px\" src=\"data:image\/svg+xml;base64,PHN2ZyB3aWR0aD0iMSIgaGVpZ2h0PSIxIiB4bWxucz0iaHR0cDovL3d3dy53My5vcmcvMjAwMC9zdmciPjwvc3ZnPg==\" style=\"--smush-placeholder-width: 1024px; --smush-placeholder-aspect-ratio: 1024\/683;\" \/><figcaption>Konferencja prasowa w Kawiarni Alternatywa 21 (fot. Fundacji Oczami Brata)<\/figcaption><\/figure>\n\n\n\n<p>Sprawa wy\u015bni\u0142a si\u0119 3 grudnia, tj. w \u015awiatowy Dzie\u0144 Os\u00f3b z Niepe\u0142nosprawno\u015bci\u0105. Konferencja prasowa odby\u0142a si\u0119 w Kawiarni Alternatywa 21, kt\u00f3ra mie\u015bci si\u0119 na p\u0142ycie Starego Rynku, czyli lokalizacji domniemywanego napadu. Sceneria przypomina\u0142a zbieranie dowod\u00f3w z miejsca zbrodni. Nie brakowa\u0142o teczek z materia\u0142em dowodowym, ta\u015bm, oznacze\u0144, odcisk\u00f3w palc\u00f3w&#8230;<\/p>\n\n\n\n<p>Okaza\u0142o si\u0119, \u017ce chodzi o najnowsz\u0105 kampani\u0119 Fundacji Oczami Brata promuj\u0105c\u0105 budow\u0119 Domu Oczami Brata. Przypomnijmy, \u017ce dom ten powstaje przy ul. Brzezi\u0144skiej 57\/59. Budowa rozpocz\u0119\u0142a si\u0119 w maju 2020 r. Uda\u0142o si\u0119 osi\u0105gn\u0105\u0107 etap stanu surowego. W przysz\u0142o\u015bci zamieszka tu 16 doros\u0142ych os\u00f3b z niepe\u0142nosprawno\u015bci\u0105 intelektualn\u0105 i zaburzeniami psychicznymi, kt\u00f3rzy ze wzgl\u0119du na swoj\u0105 niesamodzielno\u015b\u0107 oraz wiek rodzic\u00f3w i opiekun\u00f3w, nie s\u0105 w stanie samodzielnie zamieszka\u0107 we w\u0142asnym mieszkaniu. Oczywi\u015bcie obiekt zostanie w pe\u0142ni przystosowany do ich potrzeb \u2013 zar\u00f3wno pod wzgl\u0119dem braku barier architektonicznych, jaki i wymog\u00f3w bezpiecze\u0144stwa (pisali\u015bmy o tym <a href=\"https:\/\/gazetaregionalna.com\/budowa-domu-oczami-brata\/\">TUTAJ<\/a>). Do zako\u0144czenia inwestycji brakuje jeszcze 2\u00a0500\u00a0000 z\u0142. <\/p>\n\n\n\n<figure class=\"wp-block-image size-large\"><img decoding=\"async\" width=\"1024\" height=\"683\" data-src=\"https:\/\/gazetaregionalna.com\/wp-content\/uploads\/2021\/12\/Konferencja-prasowa.-3.12-6-1024x683.jpg\" alt=\"\" class=\"wp-image-66075 lazyload\" data-srcset=\"https:\/\/gazetaregionalna.com\/wp-content\/uploads\/2021\/12\/Konferencja-prasowa.-3.12-6-1024x683.jpg 1024w, https:\/\/gazetaregionalna.com\/wp-content\/uploads\/2021\/12\/Konferencja-prasowa.-3.12-6-300x200.jpg 300w, https:\/\/gazetaregionalna.com\/wp-content\/uploads\/2021\/12\/Konferencja-prasowa.-3.12-6-768x512.jpg 768w, https:\/\/gazetaregionalna.com\/wp-content\/uploads\/2021\/12\/Konferencja-prasowa.-3.12-6-1536x1024.jpg 1536w, https:\/\/gazetaregionalna.com\/wp-content\/uploads\/2021\/12\/Konferencja-prasowa.-3.12-6-2048x1365.jpg 2048w, https:\/\/gazetaregionalna.com\/wp-content\/uploads\/2021\/12\/Konferencja-prasowa.-3.12-6-696x464.jpg 696w, https:\/\/gazetaregionalna.com\/wp-content\/uploads\/2021\/12\/Konferencja-prasowa.-3.12-6-1068x712.jpg 1068w, https:\/\/gazetaregionalna.com\/wp-content\/uploads\/2021\/12\/Konferencja-prasowa.-3.12-6-1920x1280.jpg 1920w, https:\/\/gazetaregionalna.com\/wp-content\/uploads\/2021\/12\/Konferencja-prasowa.-3.12-6-630x420.jpg 630w, https:\/\/gazetaregionalna.com\/wp-content\/uploads\/2021\/12\/Konferencja-prasowa.-3.12-6-scaled.jpg 1600w\" data-sizes=\"(max-width: 1024px) 100vw, 1024px\" src=\"data:image\/svg+xml;base64,PHN2ZyB3aWR0aD0iMSIgaGVpZ2h0PSIxIiB4bWxucz0iaHR0cDovL3d3dy53My5vcmcvMjAwMC9zdmciPjwvc3ZnPg==\" style=\"--smush-placeholder-width: 1024px; --smush-placeholder-aspect-ratio: 1024\/683;\" \/><figcaption>Konferencja prasowa w Kawiarni Alternatywa 21 (fot. Fundacji Oczami Brata)<\/figcaption><\/figure>\n\n\n\n<h4 class=\"wp-block-heading\">Bez wsparcia finansowego nie uda si\u0119 zwie\u0144czy\u0107 budowy<\/h4>\n\n\n\n<p>Kwota to ogromna, wi\u0119c pomys\u0142em na jej zdobycie by\u0142 film &#8222;Dom nie z papieru&#8221;, w kt\u00f3rym zagrali podopieczni Fundacji Oczami Brata. Wyst\u0105pili w czerwonych strojach i charakterystycznych maskach (a&#8217; la Salvador Dali), u\u0142o\u017cyli plan napadu i z broni\u0105 w r\u0119ku ruszyli na skarbiec Muzeum Cz\u0119stochowskiego. Historia ich napadu jest mocno przewrotna, jednak przekaz jasny: bez wsparcia finansowego nie uda si\u0119 zwie\u0144czy\u0107 budowy.<\/p>\n\n\n\n<figure class=\"wp-block-embed is-type-video is-provider-youtube wp-block-embed-youtube wp-embed-aspect-16-9 wp-has-aspect-ratio\"><div class=\"wp-block-embed__wrapper\">\n<div class=\"fitvids-video\"><iframe title=\"Dom nie z papieru | Dom Oczami Brata | siepomaga.pl\/oczamibrata | Parodia\" width=\"715\" height=\"402\" data-src=\"https:\/\/www.youtube.com\/embed\/DHWfvvYBD_Q?start=121&#038;feature=oembed\" frameborder=\"0\" allow=\"accelerometer; autoplay; clipboard-write; encrypted-media; gyroscope; picture-in-picture; web-share\" allowfullscreen src=\"data:image\/svg+xml;base64,PHN2ZyB3aWR0aD0iMSIgaGVpZ2h0PSIxIiB4bWxucz0iaHR0cDovL3d3dy53My5vcmcvMjAwMC9zdmciPjwvc3ZnPg==\" class=\"lazyload\" data-load-mode=\"1\"><\/iframe><\/div>\n<\/div><\/figure>\n\n\n\n<p>&#8211; Nie pochwalam decyzji uczestnik\u00f3w zaj\u0119\u0107, ale ich determinacja \u015bwiadczy o tym,<br>jak Dom Oczami Brata jest dla nich wa\u017cny i&#8230;, \u017ce nie jest on z papieru <em>\u2013 <\/em>zaznaczy\u0142<br>Pawe\u0142 Bilski, prezes Zarz\u0105du Fundacji Oczami Brata.<\/p>\n\n\n\n<p>Warto doda\u0107, \u017ce nie jest to pierwsze tego typu dzia\u0142anie fundacji. Wcze\u015bniej Oczami Brata promowa\u0142o ciastko \u201eDownie&#8221; (zamiast brownie), jako \u0142amanie stereotyp\u00f3w dotycz\u0105cych niepe\u0142nosprawno\u015bci.<\/p>\n\n\n\n<p>Budow\u0119 Oczami Brata mo\u017cna wspiera\u0107 za po\u015brednictwem internetowej zbi\u00f3rki organizowanej na portalu <a href=\"http:\/\/siepomaga.pl\" target=\"_blank\" rel=\"noreferrer noopener\">siepomaga.pl<\/a> &#8211; <a href=\"https:\/\/dpoczta.pl\/#NOP\" target=\"_blank\" rel=\"noopener\">www.siepomaga.pl\/oczamibrata.\u00a0<\/a>Wi\u0119cej informacji: <a href=\"https:\/\/dpoczta.pl\/#NOP\" target=\"_blank\" rel=\"noopener\">www.domoczamibrata.pl<\/a>.<\/p>\n\n\n\n<figure class=\"wp-block-image size-large\"><img decoding=\"async\" width=\"1024\" height=\"683\" data-src=\"https:\/\/gazetaregionalna.com\/wp-content\/uploads\/2021\/12\/Konferencja-prasowa.-3.12-1-1024x683.jpg\" alt=\"\" class=\"wp-image-66076 lazyload\" data-srcset=\"https:\/\/gazetaregionalna.com\/wp-content\/uploads\/2021\/12\/Konferencja-prasowa.-3.12-1-1024x683.jpg 1024w, https:\/\/gazetaregionalna.com\/wp-content\/uploads\/2021\/12\/Konferencja-prasowa.-3.12-1-300x200.jpg 300w, https:\/\/gazetaregionalna.com\/wp-content\/uploads\/2021\/12\/Konferencja-prasowa.-3.12-1-768x512.jpg 768w, https:\/\/gazetaregionalna.com\/wp-content\/uploads\/2021\/12\/Konferencja-prasowa.-3.12-1-1536x1024.jpg 1536w, https:\/\/gazetaregionalna.com\/wp-content\/uploads\/2021\/12\/Konferencja-prasowa.-3.12-1-2048x1365.jpg 2048w, https:\/\/gazetaregionalna.com\/wp-content\/uploads\/2021\/12\/Konferencja-prasowa.-3.12-1-696x464.jpg 696w, https:\/\/gazetaregionalna.com\/wp-content\/uploads\/2021\/12\/Konferencja-prasowa.-3.12-1-1068x712.jpg 1068w, https:\/\/gazetaregionalna.com\/wp-content\/uploads\/2021\/12\/Konferencja-prasowa.-3.12-1-1920x1280.jpg 1920w, https:\/\/gazetaregionalna.com\/wp-content\/uploads\/2021\/12\/Konferencja-prasowa.-3.12-1-630x420.jpg 630w, https:\/\/gazetaregionalna.com\/wp-content\/uploads\/2021\/12\/Konferencja-prasowa.-3.12-1-scaled.jpg 1600w\" data-sizes=\"(max-width: 1024px) 100vw, 1024px\" src=\"data:image\/svg+xml;base64,PHN2ZyB3aWR0aD0iMSIgaGVpZ2h0PSIxIiB4bWxucz0iaHR0cDovL3d3dy53My5vcmcvMjAwMC9zdmciPjwvc3ZnPg==\" style=\"--smush-placeholder-width: 1024px; --smush-placeholder-aspect-ratio: 1024\/683;\" \/><figcaption>Konferencja prasowa w Kawiarni Alternatywa 21 (fot. Fundacji Oczami Brata)<\/figcaption><\/figure>\n\n\n\n<p><strong><em>Do tematu filmu i budowy Domu Oczami Brata niebawem powr\u00f3cimy. Doceniaj\u0105c zapa\u0142 i niekonwencjonalne metody, jako redakcja &#8222;Gazety Regionalnej&#8221; tak\u017ce chcemy wesprze\u0107 budow\u0119 tego niezwyk\u0142ego miejsca. O szczeg\u00f3\u0142ach poinformujemy ju\u017c wkr\u00f3tce. <\/em><\/strong><\/p>\n\n\n\n<p><strong>Zuzanna Suliga<\/strong><\/p>\n","protected":false},"excerpt":{"rendered":"<p>2,5 miliona z\u0142otych to brakuj\u0105ca kwota, kt\u00f3ra umo\u017cliwi w Cz\u0119stochowie budow\u0119 Domu Oczami Brata. By promowa\u0107 zbi\u00f3rk\u0119 na ten cel, Fundacja Oczami Brata, si\u0119gn\u0119\u0142a<\/p>\n","protected":false},"author":18,"featured_media":66079,"comment_status":"open","ping_status":"open","sticky":false,"template":"","format":"standard","meta":{"_monsterinsights_skip_tracking":false,"_monsterinsights_sitenote_active":false,"_monsterinsights_sitenote_note":"","_monsterinsights_sitenote_category":0,"_uf_show_specific_survey":0,"_uf_disable_surveys":false,"footnotes":""},"categories":[94,3,2],"tags":[1606,2091],"class_list":["post-66065","post","type-post","status-publish","format-standard","has-post-thumbnail","hentry","category-polecane","category-czestochowa-informacje","category-wiadomosci","tag-fundacja-oczami-brata","tag-pawel-bilski"],"_links":{"self":[{"href":"https:\/\/gazetaregionalna.com\/index.php?rest_route=\/wp\/v2\/posts\/66065","targetHints":{"allow":["GET"]}}],"collection":[{"href":"https:\/\/gazetaregionalna.com\/index.php?rest_route=\/wp\/v2\/posts"}],"about":[{"href":"https:\/\/gazetaregionalna.com\/index.php?rest_route=\/wp\/v2\/types\/post"}],"author":[{"embeddable":true,"href":"https:\/\/gazetaregionalna.com\/index.php?rest_route=\/wp\/v2\/users\/18"}],"replies":[{"embeddable":true,"href":"https:\/\/gazetaregionalna.com\/index.php?rest_route=%2Fwp%2Fv2%2Fcomments&post=66065"}],"version-history":[{"count":3,"href":"https:\/\/gazetaregionalna.com\/index.php?rest_route=\/wp\/v2\/posts\/66065\/revisions"}],"predecessor-version":[{"id":66080,"href":"https:\/\/gazetaregionalna.com\/index.php?rest_route=\/wp\/v2\/posts\/66065\/revisions\/66080"}],"wp:featuredmedia":[{"embeddable":true,"href":"https:\/\/gazetaregionalna.com\/index.php?rest_route=\/wp\/v2\/media\/66079"}],"wp:attachment":[{"href":"https:\/\/gazetaregionalna.com\/index.php?rest_route=%2Fwp%2Fv2%2Fmedia&parent=66065"}],"wp:term":[{"taxonomy":"category","embeddable":true,"href":"https:\/\/gazetaregionalna.com\/index.php?rest_route=%2Fwp%2Fv2%2Fcategories&post=66065"},{"taxonomy":"post_tag","embeddable":true,"href":"https:\/\/gazetaregionalna.com\/index.php?rest_route=%2Fwp%2Fv2%2Ftags&post=66065"}],"curies":[{"name":"wp","href":"https:\/\/api.w.org\/{rel}","templated":true}]}}