{"id":66027,"date":"2021-12-06T09:34:47","date_gmt":"2021-12-06T09:34:47","guid":{"rendered":"https:\/\/gazetaregionalna.com\/?p=66027"},"modified":"2021-12-06T14:19:06","modified_gmt":"2021-12-06T14:19:06","slug":"dzien-integracji-na-uniwersytecie-w-czestochowie","status":"publish","type":"post","link":"https:\/\/gazetaregionalna.com\/?p=66027","title":{"rendered":"Dzie\u0144 Integracji na Uniwersytecie w Cz\u0119stochowie"},"content":{"rendered":"\n<h2 class=\"wp-block-heading\">Jutro na Uniwersytecie Humanistyczno -Przyrodniczym im. Jana D\u0142ugosza w Cz\u0119stochowie odb\u0119dzie si\u0119 Dzie\u0144 Integracji. Organizuje go Pe\u0142nomocnik Rektora ds. Os\u00f3b z Niepe\u0142nosprawno\u015bciami wraz z zespo\u0142em Biura ds. Os\u00f3b z Niepe\u0142nosprawno\u015bciami.<\/h2>\n\n\n\n<figure class=\"wp-block-image size-large\"><img decoding=\"async\" width=\"724\" height=\"1024\" data-src=\"https:\/\/gazetaregionalna.com\/wp-content\/uploads\/2021\/12\/plakat-OK-kopia-724x1024-1.jpg\" alt=\"\" class=\"wp-image-66030 lazyload\" data-srcset=\"https:\/\/gazetaregionalna.com\/wp-content\/uploads\/2021\/12\/plakat-OK-kopia-724x1024-1.jpg 724w, https:\/\/gazetaregionalna.com\/wp-content\/uploads\/2021\/12\/plakat-OK-kopia-724x1024-1-212x300.jpg 212w, https:\/\/gazetaregionalna.com\/wp-content\/uploads\/2021\/12\/plakat-OK-kopia-724x1024-1-696x984.jpg 696w, https:\/\/gazetaregionalna.com\/wp-content\/uploads\/2021\/12\/plakat-OK-kopia-724x1024-1-297x420.jpg 297w\" data-sizes=\"(max-width: 724px) 100vw, 724px\" src=\"data:image\/svg+xml;base64,PHN2ZyB3aWR0aD0iMSIgaGVpZ2h0PSIxIiB4bWxucz0iaHR0cDovL3d3dy53My5vcmcvMjAwMC9zdmciPjwvc3ZnPg==\" style=\"--smush-placeholder-width: 724px; --smush-placeholder-aspect-ratio: 724\/1024;\" \/><\/figure>\n\n\n\n<p>Odb\u0119dzie si\u0119 on 7 grudnia w Uniwersytecie Humanistyczno-Przyrodniczym im. Jana D\u0142ugosza w Cz\u0119stochowie w&nbsp;godzinach 9 \u2013 13, w sal: Auditorium Maximum, ul. Waszyngtona 4\/8 (I pi\u0119tro).<\/p>\n\n\n\n<p>Program Dnia Integracji wygl\u0105da to nast\u0119puj\u0105co:<\/p>\n\n\n\n<p>godz. 9.00<br>Powitanie uczestnik\u00f3w<\/p>\n\n\n\n<p>godz. 9.30 \u2013 10.30<\/p>\n\n\n\n<p>&#8211; Oferta Biura ds. Os\u00f3b z Niepe\u0142nosprawno\u015bciami,<br>&#8211; Zasady adaptacji procesu dydaktycznego i ich podstawy prawne,<br>&#8211; Przyk\u0142ady dobrych praktyk,<br>&#8211; Quiz dotycz\u0105cy dost\u0119pno\u015bci,<\/p>\n\n\n\n<p>godz. 10.30 \u2013 12.30<\/p>\n\n\n\n<p>Indywidualne spotkania z doradcami i asystentami edukacyjnymi oraz specjalist\u0105 ds. technologii wspieraj\u0105cych<\/p>\n\n\n\n<p>&#8211; Prezentacja dzia\u0142ania specjalistycznych sprz\u0119t\u00f3w wspomagaj\u0105cych proces kszta\u0142cenia<br>&#8211; Rozwi\u0105zanie quizu<br>&#8211; Pocz\u0119stunek<\/p>\n\n\n\n<p>Wi\u0119cej informacji na stronie Uniwersytetu pod linkiem:&nbsp;<a href=\"https:\/\/www.ujd.edu.pl\/news\/view\/7-grudnia-dzien-integracji-w-biurze-ds-osob-z-niepenosprawnosciami\" target=\"_blank\" rel=\"noreferrer noopener\">https:\/\/www.ujd.edu.pl\/news\/view\/7-grudnia-dzien-integracji-w-biurze-ds-osob-z-niepenosprawnosciami<\/a><br><br><br><\/p>\n","protected":false},"excerpt":{"rendered":"<p>Jutro na Uniwersytecie Humanistyczno -Przyrodniczym im. Jana D\u0142ugosza w Cz\u0119stochowie odb\u0119dzie si\u0119 Dzie\u0144 Integracji. Organizuje go Pe\u0142nomocnik Rektora ds. Os\u00f3b z Niepe\u0142nosprawno\u015bciami wraz z<\/p>\n","protected":false},"author":7,"featured_media":66033,"comment_status":"open","ping_status":"open","sticky":false,"template":"","format":"standard","meta":{"_monsterinsights_skip_tracking":false,"_monsterinsights_sitenote_active":false,"_monsterinsights_sitenote_note":"","_monsterinsights_sitenote_category":0,"_uf_show_specific_survey":0,"_uf_disable_surveys":false,"footnotes":""},"categories":[94,3,41,2],"tags":[],"class_list":["post-66027","post","type-post","status-publish","format-standard","has-post-thumbnail","hentry","category-polecane","category-czestochowa-informacje","category-edukacja","category-wiadomosci"],"_links":{"self":[{"href":"https:\/\/gazetaregionalna.com\/index.php?rest_route=\/wp\/v2\/posts\/66027","targetHints":{"allow":["GET"]}}],"collection":[{"href":"https:\/\/gazetaregionalna.com\/index.php?rest_route=\/wp\/v2\/posts"}],"about":[{"href":"https:\/\/gazetaregionalna.com\/index.php?rest_route=\/wp\/v2\/types\/post"}],"author":[{"embeddable":true,"href":"https:\/\/gazetaregionalna.com\/index.php?rest_route=\/wp\/v2\/users\/7"}],"replies":[{"embeddable":true,"href":"https:\/\/gazetaregionalna.com\/index.php?rest_route=%2Fwp%2Fv2%2Fcomments&post=66027"}],"version-history":[{"count":5,"href":"https:\/\/gazetaregionalna.com\/index.php?rest_route=\/wp\/v2\/posts\/66027\/revisions"}],"predecessor-version":[{"id":66063,"href":"https:\/\/gazetaregionalna.com\/index.php?rest_route=\/wp\/v2\/posts\/66027\/revisions\/66063"}],"wp:featuredmedia":[{"embeddable":true,"href":"https:\/\/gazetaregionalna.com\/index.php?rest_route=\/wp\/v2\/media\/66033"}],"wp:attachment":[{"href":"https:\/\/gazetaregionalna.com\/index.php?rest_route=%2Fwp%2Fv2%2Fmedia&parent=66027"}],"wp:term":[{"taxonomy":"category","embeddable":true,"href":"https:\/\/gazetaregionalna.com\/index.php?rest_route=%2Fwp%2Fv2%2Fcategories&post=66027"},{"taxonomy":"post_tag","embeddable":true,"href":"https:\/\/gazetaregionalna.com\/index.php?rest_route=%2Fwp%2Fv2%2Ftags&post=66027"}],"curies":[{"name":"wp","href":"https:\/\/api.w.org\/{rel}","templated":true}]}}