{"id":6599,"date":"2019-09-24T09:25:41","date_gmt":"2019-09-24T09:25:41","guid":{"rendered":"https:\/\/gazetaregionalna.com\/?p=6599"},"modified":"2019-09-24T09:25:47","modified_gmt":"2019-09-24T09:25:47","slug":"na-dwoch-kolkach-po-wiedze-historyczna","status":"publish","type":"post","link":"https:\/\/gazetaregionalna.com\/?p=6599","title":{"rendered":"Na dw\u00f3ch k\u00f3\u0142kach po wiedz\u0119 historyczn\u0105"},"content":{"rendered":"\n<p>Blisko p\u00f3\u0142 tysi\u0105ca uczestnik\u00f3w wzi\u0119\u0142o udzia\u0142 w Powiatowym Szkolnym Rajdzie Rowerowym zorganizowanym wsp\u00f3lnie przez Starostwo Powiatowe w K\u0142obucku, Komend\u0119 Powiatow\u0105 Policji w K\u0142obucku i gmin\u0119 Lipie we wsp\u00f3\u0142pracy z Muzeum 303 im. pp\u0142k Jana Zumbacha w Napoleonie oraz Wojew\u00f3dzkim O\u015brodkiem Ruchu Drogowego.<\/p>\n\n\n\n<figure class=\"wp-block-image\"><img decoding=\"async\" width=\"1024\" height=\"683\" data-src=\"https:\/\/gazetaregionalna.com\/wp-content\/uploads\/2019\/09\/rajd3-1024x683.jpg\" alt=\"\" class=\"wp-image-6600 lazyload\" data-srcset=\"https:\/\/gazetaregionalna.com\/wp-content\/uploads\/2019\/09\/rajd3.jpg 1024w, https:\/\/gazetaregionalna.com\/wp-content\/uploads\/2019\/09\/rajd3-300x200.jpg 300w, https:\/\/gazetaregionalna.com\/wp-content\/uploads\/2019\/09\/rajd3-768x512.jpg 768w, https:\/\/gazetaregionalna.com\/wp-content\/uploads\/2019\/09\/rajd3-696x464.jpg 696w, https:\/\/gazetaregionalna.com\/wp-content\/uploads\/2019\/09\/rajd3-630x420.jpg 630w\" data-sizes=\"(max-width: 1024px) 100vw, 1024px\" src=\"data:image\/svg+xml;base64,PHN2ZyB3aWR0aD0iMSIgaGVpZ2h0PSIxIiB4bWxucz0iaHR0cDovL3d3dy53My5vcmcvMjAwMC9zdmciPjwvc3ZnPg==\" style=\"--smush-placeholder-width: 1024px; --smush-placeholder-aspect-ratio: 1024\/683;\" \/><\/figure>\n\n\n\n<p><br> W ramach akcji popularyzuj\u0105cej bezpiecze\u0144stwo w ruchu drogowym, realizowanej przez policj\u0119 wsp\u00f3lnie z samorz\u0105dem powiatowym, m\u0142odzi rowerzy\u015bci otrzymali od organizator\u00f3w, kamizelki odblaskowe ufundowane przez powiat.<br> Uczennice i uczniowie z klas od V do VIII ze szk\u00f3\u0142 podstawowych powiatu k\u0142obuckiego wyruszyli na rowerach, w grupach wraz z opiekunami, ze wszystkich stron powiatu do miejsca docelowego, kt\u00f3rym by\u0142 teren Muzeum 303 w Napoleonie.<br> Rajd mia\u0142 na celu nie tylko propagowa\u0107 turystyk\u0119 rowerow\u0105, ale tak\u017ce zorganizowa\u0107 spotkanie tak licznej grupy uczni\u00f3w, aby wsp\u00f3lnie uczcili 80. rocznic\u0119 wybuchu II wojny \u015bwiatowej, w tym Bitwy pod Mokr\u0105 oraz 100-lecie Polskiej Policji.<br> Na zako\u0144czenie rajdu m\u0142odzie\u017c zwiedzi\u0142a muzeum w Napoleonie. Uczniowie mogli z bliska zapozna\u0107 z eksponatami muzealnymi, w tym z samolotami i ze \u015bmig\u0142owcem, kt\u00f3re, zanim trafi\u0142y na wystaw\u0119 do muzeum w Napoleonie, s\u0142u\u017cy\u0142y w polskiej armii. Ch\u0119tni mogli nawet zasi\u0105\u015b\u0107 za sterami stoj\u0105cych samolot\u00f3w oraz podj\u0105\u0107 pr\u00f3b\u0119 zapoznania si\u0119 z si\u0142ami i przeci\u0105\u017ceniami dzia\u0142aj\u0105cymi na pilot\u00f3w, w udost\u0119pnionym symulatorze lot\u00f3w. Wszystkim uczestnikom zapewniono tak\u017ce gor\u0105cy posi\u0142ek.<br> Podczas uroczystego zako\u0144czenia rajdu z m\u0142odzie\u017c\u0105 spotkali si\u0119 m.in. starosta Henryk Kiepura, wicestarosta Zdzis\u0142awa Kall, cz\u0142onek Zarz\u0105du Powiatu Krzysztof Nowak, Komendant Powiatowy Policji w K\u0142obucku podinsp. Tomasz G\u00f3rka, dyrektor Muzeum 303 Jan Nagiel oraz sekretarz gminy Lipie Ewa Brz\u00f3zka.<br> (Fot.: Starostwo Powiatowe w K\u0142obucku)<\/p>\n","protected":false},"excerpt":{"rendered":"<p>Blisko p\u00f3\u0142 tysi\u0105ca uczestnik\u00f3w wzi\u0119\u0142o udzia\u0142 w Powiatowym Szkolnym Rajdzie Rowerowym zorganizowanym wsp\u00f3lnie przez Starostwo Powiatowe w K\u0142obucku, Komend\u0119 Powiatow\u0105 Policji w K\u0142obucku i<\/p>\n","protected":false},"author":7,"featured_media":6601,"comment_status":"open","ping_status":"open","sticky":false,"template":"","format":"standard","meta":{"_monsterinsights_skip_tracking":false,"_monsterinsights_sitenote_active":false,"_monsterinsights_sitenote_note":"","_monsterinsights_sitenote_category":0,"_uf_show_specific_survey":0,"_uf_disable_surveys":false,"footnotes":""},"categories":[44,41,27,94,2],"tags":[],"class_list":["post-6599","post","type-post","status-publish","format-standard","has-post-thumbnail","hentry","category-bezpieczenstwo","category-edukacja","category-klobuck-informacje","category-polecane","category-wiadomosci"],"_links":{"self":[{"href":"https:\/\/gazetaregionalna.com\/index.php?rest_route=\/wp\/v2\/posts\/6599","targetHints":{"allow":["GET"]}}],"collection":[{"href":"https:\/\/gazetaregionalna.com\/index.php?rest_route=\/wp\/v2\/posts"}],"about":[{"href":"https:\/\/gazetaregionalna.com\/index.php?rest_route=\/wp\/v2\/types\/post"}],"author":[{"embeddable":true,"href":"https:\/\/gazetaregionalna.com\/index.php?rest_route=\/wp\/v2\/users\/7"}],"replies":[{"embeddable":true,"href":"https:\/\/gazetaregionalna.com\/index.php?rest_route=%2Fwp%2Fv2%2Fcomments&post=6599"}],"version-history":[{"count":1,"href":"https:\/\/gazetaregionalna.com\/index.php?rest_route=\/wp\/v2\/posts\/6599\/revisions"}],"predecessor-version":[{"id":6602,"href":"https:\/\/gazetaregionalna.com\/index.php?rest_route=\/wp\/v2\/posts\/6599\/revisions\/6602"}],"wp:featuredmedia":[{"embeddable":true,"href":"https:\/\/gazetaregionalna.com\/index.php?rest_route=\/wp\/v2\/media\/6601"}],"wp:attachment":[{"href":"https:\/\/gazetaregionalna.com\/index.php?rest_route=%2Fwp%2Fv2%2Fmedia&parent=6599"}],"wp:term":[{"taxonomy":"category","embeddable":true,"href":"https:\/\/gazetaregionalna.com\/index.php?rest_route=%2Fwp%2Fv2%2Fcategories&post=6599"},{"taxonomy":"post_tag","embeddable":true,"href":"https:\/\/gazetaregionalna.com\/index.php?rest_route=%2Fwp%2Fv2%2Ftags&post=6599"}],"curies":[{"name":"wp","href":"https:\/\/api.w.org\/{rel}","templated":true}]}}