{"id":65874,"date":"2021-12-04T09:32:01","date_gmt":"2021-12-04T09:32:01","guid":{"rendered":"https:\/\/gazetaregionalna.com\/?p=65874"},"modified":"2021-12-04T09:32:03","modified_gmt":"2021-12-04T09:32:03","slug":"na-skrzyzowaniu-w-pankach-zderzyly-sie-osobowki","status":"publish","type":"post","link":"https:\/\/gazetaregionalna.com\/?p=65874","title":{"rendered":"Na skrzy\u017cowaniu w Pankach zderzy\u0142y si\u0119 osob\u00f3wki. Dwie kobiety trafi\u0142y do szpitala"},"content":{"rendered":"\n<h2 class=\"wp-block-heading\"><strong>Policjanci z K\u0142obucka wyja\u015bniaj\u0105 przyczyny zderzenia dw\u00f3ch samochod\u00f3w osobowych, do kt\u00f3rego dosz\u0142o w Pankach. <\/strong><\/h2>\n\n\n\n<p>Do zdarzenia dosz\u0142o 2 grudnia. Dy\u017curny k\u0142obuckiej komendy policji oko\u0142o godz. 8.30 otrzyma\u0142 zg\u0142oszenie dotycz\u0105ce zderzenia dw\u00f3ch samochod\u00f3w, do kt\u00f3rego dosz\u0142o na skrzy\u017cowaniu ulic Wsp\u00f3lnej i Zielonej w Pankach. Na miejsce skierowano mundurowych z k\u0142obuckiej drog\u00f3wki. Z ich ustale\u0144 wynika, \u017ce wyje\u017cd\u017caj\u0105cy z ul. Wsp\u00f3lnej, 80-letni kierowca fiata nie udzieli\u0142 pierwsze\u0144stwa przejazdu, jad\u0105cej ul. Zielon\u0105 50-letniej kieruj\u0105cej volkswagenem. Kierowca fiata jest mieszka\u0144cem gminy Przystaj\u0144, natomiast kieruj\u0105ca volkswagenem mieszka w gminie Panki. Oboje kieruj\u0105cych by\u0142o trze\u017awych. <\/p>\n\n\n\n<p>Na skutek zdarzenia obra\u017ce\u0144 cia\u0142a dozna\u0142a kobieta kieruj\u0105ca volkswagenem oraz 15-letnia pasa\u017cerka tego pojazdu. Obie poszkodowane zosta\u0142y zabrane do cz\u0119stochowskiego szpitala. <\/p>\n\n\n\n<p>Dok\u0142adne przyczyny i okoliczno\u015bci zdarzenia b\u0119d\u0105 wyja\u015bnione w tocz\u0105cym si\u0119 post\u0119powaniu. W zale\u017cno\u015bci od kwalifikacji medycznej obra\u017ce\u0144 cia\u0142a jakich dozna\u0142y kobiety podr\u00f3\u017cuj\u0105ce volkswagenem, zdarzenia b\u0119dzie potraktowane jako kolizja drogowa lub jako wypadek.<\/p>\n\n\n\n<p><strong>ZS<\/strong><\/p>\n","protected":false},"excerpt":{"rendered":"<p>Policjanci z K\u0142obucka wyja\u015bniaj\u0105 przyczyny zderzenia dw\u00f3ch samochod\u00f3w osobowych, do kt\u00f3rego dosz\u0142o w Pankach. Do zdarzenia dosz\u0142o 2 grudnia. Dy\u017curny k\u0142obuckiej komendy policji oko\u0142o<\/p>\n","protected":false},"author":18,"featured_media":65876,"comment_status":"open","ping_status":"open","sticky":false,"template":"","format":"standard","meta":{"_monsterinsights_skip_tracking":false,"_monsterinsights_sitenote_active":false,"_monsterinsights_sitenote_note":"","_monsterinsights_sitenote_category":0,"_uf_show_specific_survey":0,"_uf_disable_surveys":false,"footnotes":""},"categories":[44,27,2],"tags":[1552,3701],"class_list":["post-65874","post","type-post","status-publish","format-standard","has-post-thumbnail","hentry","category-bezpieczenstwo","category-klobuck-informacje","category-wiadomosci","tag-klobucka-drogowka","tag-panki"],"_links":{"self":[{"href":"https:\/\/gazetaregionalna.com\/index.php?rest_route=\/wp\/v2\/posts\/65874","targetHints":{"allow":["GET"]}}],"collection":[{"href":"https:\/\/gazetaregionalna.com\/index.php?rest_route=\/wp\/v2\/posts"}],"about":[{"href":"https:\/\/gazetaregionalna.com\/index.php?rest_route=\/wp\/v2\/types\/post"}],"author":[{"embeddable":true,"href":"https:\/\/gazetaregionalna.com\/index.php?rest_route=\/wp\/v2\/users\/18"}],"replies":[{"embeddable":true,"href":"https:\/\/gazetaregionalna.com\/index.php?rest_route=%2Fwp%2Fv2%2Fcomments&post=65874"}],"version-history":[{"count":2,"href":"https:\/\/gazetaregionalna.com\/index.php?rest_route=\/wp\/v2\/posts\/65874\/revisions"}],"predecessor-version":[{"id":65877,"href":"https:\/\/gazetaregionalna.com\/index.php?rest_route=\/wp\/v2\/posts\/65874\/revisions\/65877"}],"wp:featuredmedia":[{"embeddable":true,"href":"https:\/\/gazetaregionalna.com\/index.php?rest_route=\/wp\/v2\/media\/65876"}],"wp:attachment":[{"href":"https:\/\/gazetaregionalna.com\/index.php?rest_route=%2Fwp%2Fv2%2Fmedia&parent=65874"}],"wp:term":[{"taxonomy":"category","embeddable":true,"href":"https:\/\/gazetaregionalna.com\/index.php?rest_route=%2Fwp%2Fv2%2Fcategories&post=65874"},{"taxonomy":"post_tag","embeddable":true,"href":"https:\/\/gazetaregionalna.com\/index.php?rest_route=%2Fwp%2Fv2%2Ftags&post=65874"}],"curies":[{"name":"wp","href":"https:\/\/api.w.org\/{rel}","templated":true}]}}