{"id":65861,"date":"2021-12-03T21:09:28","date_gmt":"2021-12-03T21:09:28","guid":{"rendered":"https:\/\/gazetaregionalna.com\/?p=65861"},"modified":"2021-12-03T21:09:29","modified_gmt":"2021-12-03T21:09:29","slug":"wypadek-na-dk-11-w-lublincu","status":"publish","type":"post","link":"https:\/\/gazetaregionalna.com\/?p=65861","title":{"rendered":"Wypadek na DK 11 w Lubli\u0144cu. Dosz\u0142o do czo\u0142owego zderzenia osob\u00f3wki z tirem"},"content":{"rendered":"\n<h2 class=\"wp-block-heading\">Kilka godzin trwa\u0142y utrudnienia na DK11 w Lubli\u0144cu. Spowodowa\u0142 je powa\u017cny wypadek z udzia\u0142em samochodu osobowego i tira.<\/h2>\n\n\n\n<p>Zdarzenie mia\u0142o miejsce 2 grudnia oko\u0142o godz. 21 na drodze krajowej nr 11 Lubliniec &#8211; Twor\u00f3g. Dosz\u0142o do czo\u0142owego zderzenia samochodu osobowego i ci\u0119\u017carowego. <\/p>\n\n\n\n<p>Skutki by\u0142y powa\u017cne, wi\u0119c pracuj\u0105cy na miejscu wypadku stra\u017cacy musieli u\u017cy\u0107 narz\u0119dzi hydraulicznych do uwolnienia osoby poszkodowanej. Z obra\u017ceniami zosta\u0142a ona przewieziona do szpitala przez zesp\u00f3\u0142 ratownictwa medycznego.<\/p>\n\n\n\n<p>Na miejscu obecna by\u0142a r\u00f3wnie\u017c grupa operacyjna KP PSP.<\/p>\n\n\n\n<p>Z utrudnieniami musieli liczy\u0107 si\u0119 r\u00f3wnie\u017c kierowcy. Przez d\u0142u\u017cszy czas droga by\u0142a zablokowana w obu kierunkach. Policja wyznaczy\u0142a w\u00f3wczas objazdy od strony od strony Tarnowskich G\u00f3r w Tworogu na DW907, a od strony Lubli\u0144ca na Krupski M\u0142yn. <\/p>\n\n\n\n<p>Wydarzenie na swojej facebookowej stronie opisywa\u0142a <a href=\"https:\/\/www.facebook.com\/KPPSPLubliniec\" target=\"_blank\" rel=\"noopener\">Komenda Powiatowej Pa\u0144stwowej Stra\u017cy Po\u017carnej w Lubli\u0144cu<\/a>. <\/p>\n\n\n\n<p><strong>ZS<\/strong><\/p>\n","protected":false},"excerpt":{"rendered":"<p>Kilka godzin trwa\u0142y utrudnienia na DK11 w Lubli\u0144cu. Spowodowa\u0142 je powa\u017cny wypadek z udzia\u0142em samochodu osobowego i tira. Zdarzenie mia\u0142o miejsce 2 grudnia oko\u0142o<\/p>\n","protected":false},"author":18,"featured_media":65863,"comment_status":"open","ping_status":"open","sticky":false,"template":"","format":"standard","meta":{"_monsterinsights_skip_tracking":false,"_monsterinsights_sitenote_active":false,"_monsterinsights_sitenote_note":"","_monsterinsights_sitenote_category":0,"_uf_show_specific_survey":0,"_uf_disable_surveys":false,"footnotes":""},"categories":[44,25,2],"tags":[104,1702,704],"class_list":["post-65861","post","type-post","status-publish","format-standard","has-post-thumbnail","hentry","category-bezpieczenstwo","category-lubliniec","category-wiadomosci","tag-lubliniec","tag-straz-pozarna-lubliniec","tag-wypadek"],"_links":{"self":[{"href":"https:\/\/gazetaregionalna.com\/index.php?rest_route=\/wp\/v2\/posts\/65861","targetHints":{"allow":["GET"]}}],"collection":[{"href":"https:\/\/gazetaregionalna.com\/index.php?rest_route=\/wp\/v2\/posts"}],"about":[{"href":"https:\/\/gazetaregionalna.com\/index.php?rest_route=\/wp\/v2\/types\/post"}],"author":[{"embeddable":true,"href":"https:\/\/gazetaregionalna.com\/index.php?rest_route=\/wp\/v2\/users\/18"}],"replies":[{"embeddable":true,"href":"https:\/\/gazetaregionalna.com\/index.php?rest_route=%2Fwp%2Fv2%2Fcomments&post=65861"}],"version-history":[{"count":3,"href":"https:\/\/gazetaregionalna.com\/index.php?rest_route=\/wp\/v2\/posts\/65861\/revisions"}],"predecessor-version":[{"id":65865,"href":"https:\/\/gazetaregionalna.com\/index.php?rest_route=\/wp\/v2\/posts\/65861\/revisions\/65865"}],"wp:featuredmedia":[{"embeddable":true,"href":"https:\/\/gazetaregionalna.com\/index.php?rest_route=\/wp\/v2\/media\/65863"}],"wp:attachment":[{"href":"https:\/\/gazetaregionalna.com\/index.php?rest_route=%2Fwp%2Fv2%2Fmedia&parent=65861"}],"wp:term":[{"taxonomy":"category","embeddable":true,"href":"https:\/\/gazetaregionalna.com\/index.php?rest_route=%2Fwp%2Fv2%2Fcategories&post=65861"},{"taxonomy":"post_tag","embeddable":true,"href":"https:\/\/gazetaregionalna.com\/index.php?rest_route=%2Fwp%2Fv2%2Ftags&post=65861"}],"curies":[{"name":"wp","href":"https:\/\/api.w.org\/{rel}","templated":true}]}}