{"id":65408,"date":"2021-12-01T08:36:31","date_gmt":"2021-12-01T08:36:31","guid":{"rendered":"https:\/\/gazetaregionalna.com\/?p=65408"},"modified":"2021-12-01T08:36:32","modified_gmt":"2021-12-01T08:36:32","slug":"darmowe-porady-prawne","status":"publish","type":"post","link":"https:\/\/gazetaregionalna.com\/?p=65408","title":{"rendered":"Darmowe porady prawne"},"content":{"rendered":"\n<p>Potrzebujesz porady prawnika ? Ju\u017c od jutra do 4 grudnia b\u0119dziesz m\u00f3g\u0142 nieodp\u0142atnie skorzysta\u0107 z porad prawnych w ramach akcji &#8222;Z radc\u0105 prawnym wiesz wi\u0119cej!&#8221; <\/p>\n\n\n\n<p>W dniach od 2 do 4 grudnia 2021 roku radcy prawni przynale\u017c\u0105cy do Okr\u0119gowej Izby Radc\u00f3w Prawnych w Opolu &#8211; Delegatury w Cz\u0119stochowie i Fundacji Przyjazne Prawo wraz ze  studentami prawa kszta\u0142c\u0105cymi si\u0119 na Wydziale Prawa i Ekonomii Uniwersytetu Humanistyczno &#8211; Przyrodniczego im. Jana D\u0142ugosza w Cz\u0119stochowie wsp\u00f3lnie zorganizowali Dni Bezp\u0142atnych Porad Prawnych dla mieszka\u0144c\u00f3w Cz\u0119stochowy i okolic.<\/p>\n\n\n\n<p>Porady prawne b\u0119d\u0105 udzielane odpowiednio:<\/p>\n\n\n\n<p>2 i 3 grudnia w godzinach 16-18<\/p>\n\n\n\n<p>4 grudnia w godzinach 11-13 <\/p>\n\n\n\n<p>Porady odbywaj\u0105 si\u0119 on-line lub w formie spotka\u0144 w dw\u00f3ch miejscach.<\/p>\n\n\n\n<p>W budynku Wydzia\u0142u Prawa i Ekonomii Uniwersytetu w sali 3.28 przy ul. Zbierskiego 2\/4 w Cz\u0119stochowie oraz \u00a0siedzibie OIRP przy ul. Su\u0142kowskiego 13 w Cz\u0119stochowie.<\/p>\n\n\n\n<p>Wi\u0119cej o akcji na <a href=\"http:\/\/www.ppa.ujd.edu.pl\/n1331,Uzyskaj-pomoc-w-ramach-akcji--Z-radca-prawnym-wiesz-wiecej-\" target=\"_blank\" rel=\"noopener\">stronie<\/a> <\/p>\n\n\n\n<p><\/p>\n\n\n\n<figure class=\"wp-block-image size-large\"><img decoding=\"async\" width=\"724\" height=\"1024\" data-src=\"https:\/\/gazetaregionalna.com\/wp-content\/uploads\/2021\/12\/darmowe-porady-prawne-724x1024.jpg\" alt=\"\" class=\"wp-image-65411 lazyload\" data-srcset=\"https:\/\/gazetaregionalna.com\/wp-content\/uploads\/2021\/12\/darmowe-porady-prawne-724x1024.jpg 724w, https:\/\/gazetaregionalna.com\/wp-content\/uploads\/2021\/12\/darmowe-porady-prawne-212x300.jpg 212w, https:\/\/gazetaregionalna.com\/wp-content\/uploads\/2021\/12\/darmowe-porady-prawne-768x1086.jpg 768w, https:\/\/gazetaregionalna.com\/wp-content\/uploads\/2021\/12\/darmowe-porady-prawne-1086x1536.jpg 1086w, https:\/\/gazetaregionalna.com\/wp-content\/uploads\/2021\/12\/darmowe-porady-prawne-1448x2048.jpg 1448w, https:\/\/gazetaregionalna.com\/wp-content\/uploads\/2021\/12\/darmowe-porady-prawne-696x985.jpg 696w, https:\/\/gazetaregionalna.com\/wp-content\/uploads\/2021\/12\/darmowe-porady-prawne-1068x1511.jpg 1068w, https:\/\/gazetaregionalna.com\/wp-content\/uploads\/2021\/12\/darmowe-porady-prawne-297x420.jpg 297w, https:\/\/gazetaregionalna.com\/wp-content\/uploads\/2021\/12\/darmowe-porady-prawne.jpg 1131w\" data-sizes=\"(max-width: 724px) 100vw, 724px\" src=\"data:image\/svg+xml;base64,PHN2ZyB3aWR0aD0iMSIgaGVpZ2h0PSIxIiB4bWxucz0iaHR0cDovL3d3dy53My5vcmcvMjAwMC9zdmciPjwvc3ZnPg==\" style=\"--smush-placeholder-width: 724px; --smush-placeholder-aspect-ratio: 724\/1024;\" \/><\/figure>\n","protected":false},"excerpt":{"rendered":"<p>Potrzebujesz porady prawnika ? Ju\u017c od jutra do 4 grudnia b\u0119dziesz m\u00f3g\u0142 nieodp\u0142atnie skorzysta\u0107 z porad prawnych w ramach akcji &#8222;Z radc\u0105 prawnym wiesz<\/p>\n","protected":false},"author":2,"featured_media":65410,"comment_status":"open","ping_status":"open","sticky":false,"template":"","format":"standard","meta":{"_monsterinsights_skip_tracking":false,"_monsterinsights_sitenote_active":false,"_monsterinsights_sitenote_note":"","_monsterinsights_sitenote_category":0,"_uf_show_specific_survey":0,"_uf_disable_surveys":false,"footnotes":""},"categories":[3,41,1],"tags":[],"class_list":["post-65408","post","type-post","status-publish","format-standard","has-post-thumbnail","hentry","category-czestochowa-informacje","category-edukacja","category-uncategorized"],"_links":{"self":[{"href":"https:\/\/gazetaregionalna.com\/index.php?rest_route=\/wp\/v2\/posts\/65408","targetHints":{"allow":["GET"]}}],"collection":[{"href":"https:\/\/gazetaregionalna.com\/index.php?rest_route=\/wp\/v2\/posts"}],"about":[{"href":"https:\/\/gazetaregionalna.com\/index.php?rest_route=\/wp\/v2\/types\/post"}],"author":[{"embeddable":true,"href":"https:\/\/gazetaregionalna.com\/index.php?rest_route=\/wp\/v2\/users\/2"}],"replies":[{"embeddable":true,"href":"https:\/\/gazetaregionalna.com\/index.php?rest_route=%2Fwp%2Fv2%2Fcomments&post=65408"}],"version-history":[{"count":5,"href":"https:\/\/gazetaregionalna.com\/index.php?rest_route=\/wp\/v2\/posts\/65408\/revisions"}],"predecessor-version":[{"id":65415,"href":"https:\/\/gazetaregionalna.com\/index.php?rest_route=\/wp\/v2\/posts\/65408\/revisions\/65415"}],"wp:featuredmedia":[{"embeddable":true,"href":"https:\/\/gazetaregionalna.com\/index.php?rest_route=\/wp\/v2\/media\/65410"}],"wp:attachment":[{"href":"https:\/\/gazetaregionalna.com\/index.php?rest_route=%2Fwp%2Fv2%2Fmedia&parent=65408"}],"wp:term":[{"taxonomy":"category","embeddable":true,"href":"https:\/\/gazetaregionalna.com\/index.php?rest_route=%2Fwp%2Fv2%2Fcategories&post=65408"},{"taxonomy":"post_tag","embeddable":true,"href":"https:\/\/gazetaregionalna.com\/index.php?rest_route=%2Fwp%2Fv2%2Ftags&post=65408"}],"curies":[{"name":"wp","href":"https:\/\/api.w.org\/{rel}","templated":true}]}}