{"id":64765,"date":"2021-11-25T15:23:27","date_gmt":"2021-11-25T15:23:27","guid":{"rendered":"https:\/\/gazetaregionalna.com\/?p=64765"},"modified":"2021-11-25T15:23:27","modified_gmt":"2021-11-25T15:23:27","slug":"zmiana-organizacji-ruchu-przy-dawnej-estakadzie","status":"publish","type":"post","link":"https:\/\/gazetaregionalna.com\/?p=64765","title":{"rendered":"Zmiana organizacji ruchu przy dawnej estakadzie"},"content":{"rendered":"\n<h2 class=\"wp-block-heading\">W zwi\u0105zku z budow\u0105 prowadzon\u0105 w miejsce dawnej estakady, od jutra do niedzieli Miejski Zarz\u0105d Dr\u00f3g prowadza zmian\u0119 organizacji ruchu. Zmiany dotycz\u0105 pieszych i kierowc\u00f3w.<\/h2>\n\n\n\n<p>&#8211; Z uwagi na post\u0119puj\u0105ce prace przy konstrukcji nowego obiektu w miejscu starej estakady u zbiegu dawnej DK-1 z al. Pokoju i ul. Jagiello\u0144sk\u0105,&nbsp;<strong>od pi\u0105tku do niedzieli w\u0142\u0105cznie, <\/strong><strong>a wi\u0119c od 26 do 28 listopada <\/strong><strong>nieczynne b\u0119dzie przej\u015bcie dla pieszych przez al. Wojska Polskiego po po\u0142udniowej stronie skrzy\u017cowania<\/strong>&nbsp;od strony Katowic &#8211; przekaza\u0142 Maciej Hasik, rzecznik prasowy MZD. &#8211; Chodzi o przej\u015bcie na wysoko\u015bci Centrum Handlowego \u201eJagiello\u0144czycy\u201d. W tych dniach piesi proszeni s\u0105 o korzystanie z przej\u015bcia po p\u00f3\u0142nocnej stronie od strony Warszawy.<\/p>\n\n\n\n<p>To nie koniec zmian w tym rejonie modernizacji alei Wojska Polskiego. Z uwagi na zaawansowanie i charakter rob\u00f3t oraz konieczno\u015b\u0107 u\u017cycia ci\u0119\u017ckiego sprz\u0119tu po\u015brodku skrzy\u017cowania w miejscu starej estakady,&nbsp;<strong>w niedziel\u0119 w godzinach 6-22 niemo\u017cliwy b\u0119dzie przejazd samochod\u00f3w na wprost z ul. Jagiello\u0144skiej w al. Pokoju oraz skr\u0119t w lewo z ul. Jagiello\u0144skiej w al. Wojska Polskiego (kierunek Warszawa).<\/strong><\/p>\n\n\n\n<p><strong>&#8211; <\/strong>Kierowcy powinni kierowa\u0107 si\u0119 na objazd przez ul. 11 listopada do ul. Rakowskiej \u2013 informuje MZD. &#8211; Z pocz\u0105tkiem tygodnia organizacja ruchu wr\u00f3ci do formu\u0142y sta\u0142ej na czas trwaj\u0105cej budowy.<\/p>\n","protected":false},"excerpt":{"rendered":"<p>W zwi\u0105zku z budow\u0105 prowadzon\u0105 w miejsce dawnej estakady, od jutra do niedzieli Miejski Zarz\u0105d Dr\u00f3g prowadza zmian\u0119 organizacji ruchu. Zmiany dotycz\u0105 pieszych i<\/p>\n","protected":false},"author":7,"featured_media":9921,"comment_status":"open","ping_status":"open","sticky":false,"template":"","format":"standard","meta":{"_monsterinsights_skip_tracking":false,"_monsterinsights_sitenote_active":false,"_monsterinsights_sitenote_note":"","_monsterinsights_sitenote_category":0,"_uf_show_specific_survey":0,"_uf_disable_surveys":false,"footnotes":""},"categories":[94,3,2],"tags":[],"class_list":["post-64765","post","type-post","status-publish","format-standard","has-post-thumbnail","hentry","category-polecane","category-czestochowa-informacje","category-wiadomosci"],"_links":{"self":[{"href":"https:\/\/gazetaregionalna.com\/index.php?rest_route=\/wp\/v2\/posts\/64765","targetHints":{"allow":["GET"]}}],"collection":[{"href":"https:\/\/gazetaregionalna.com\/index.php?rest_route=\/wp\/v2\/posts"}],"about":[{"href":"https:\/\/gazetaregionalna.com\/index.php?rest_route=\/wp\/v2\/types\/post"}],"author":[{"embeddable":true,"href":"https:\/\/gazetaregionalna.com\/index.php?rest_route=\/wp\/v2\/users\/7"}],"replies":[{"embeddable":true,"href":"https:\/\/gazetaregionalna.com\/index.php?rest_route=%2Fwp%2Fv2%2Fcomments&post=64765"}],"version-history":[{"count":1,"href":"https:\/\/gazetaregionalna.com\/index.php?rest_route=\/wp\/v2\/posts\/64765\/revisions"}],"predecessor-version":[{"id":64766,"href":"https:\/\/gazetaregionalna.com\/index.php?rest_route=\/wp\/v2\/posts\/64765\/revisions\/64766"}],"wp:featuredmedia":[{"embeddable":true,"href":"https:\/\/gazetaregionalna.com\/index.php?rest_route=\/wp\/v2\/media\/9921"}],"wp:attachment":[{"href":"https:\/\/gazetaregionalna.com\/index.php?rest_route=%2Fwp%2Fv2%2Fmedia&parent=64765"}],"wp:term":[{"taxonomy":"category","embeddable":true,"href":"https:\/\/gazetaregionalna.com\/index.php?rest_route=%2Fwp%2Fv2%2Fcategories&post=64765"},{"taxonomy":"post_tag","embeddable":true,"href":"https:\/\/gazetaregionalna.com\/index.php?rest_route=%2Fwp%2Fv2%2Ftags&post=64765"}],"curies":[{"name":"wp","href":"https:\/\/api.w.org\/{rel}","templated":true}]}}