{"id":64751,"date":"2021-11-25T15:12:04","date_gmt":"2021-11-25T15:12:04","guid":{"rendered":"https:\/\/gazetaregionalna.com\/?p=64751"},"modified":"2021-11-25T15:12:05","modified_gmt":"2021-11-25T15:12:05","slug":"koszykarze-azs-czestochowa-graja-z-liderem-polonia-bytom","status":"publish","type":"post","link":"https:\/\/gazetaregionalna.com\/?p=64751","title":{"rendered":"Koszykarze AZS Cz\u0119stochowa graj\u0105 z liderem Poloni\u0105 Bytom"},"content":{"rendered":"\n<p>W sobot\u0119 w Hali Polonia koszykarze 2-ligowego AZS Cz\u0119stochowa zmierz\u0105 si\u0119 z liderem Poloni\u0105 Bytom. Zdecydowanym faworytem b\u0119d\u0105 go\u015bcie, ale dla cz\u0119stochowian mo\u017ce to by\u0107 okazja do zdobycia ligowego do\u015bwiadczenia.<\/p>\n\n\n\n<p>Koszykarze AZS Cz\u0119stochowa w obecnym sezonie walcz\u0105 o spokojne utrzymanie. Jak na razie w 11 rozegranych meczach odnie\u015bli 4 zwyci\u0119stwa, doznali 7 pora\u017cek i z 15 punktami zajmuj\u0105 9. miejsce. W sobot\u0119 raczej swojego bilansu zwyci\u0119stw nie poprawia, ale kibice licz\u0105 na walk\u0119 i zaanga\u017cowanie.<\/p>\n\n\n\n<p>Zdecydowanie lepiej w rozgrywkach radz\u0105 sobie koszykarze Polonii. W 11 meczach odnie\u015bli 9 wygranych i s\u0105 liderem. Maj\u0105 jednak tyle samo punkt\u00f3w co 2. w tabeli KKS Ragor Tarnowskie G\u00f3ry i 3. AZS AWF Mickiewicz Katowice.<\/p>\n\n\n\n<p>Sobotni mecz AZS Cz\u0119stochowa z Poloni\u0105 Bytom zaplanowano w sobot\u0119 w Hali Polonia o godz. 19. Wst\u0119p jest wolny.<\/p>\n\n\n\n<p>MR-K, foto: AK<\/p>\n\n\n\n<figure class=\"wp-block-image size-large\"><img decoding=\"async\" width=\"1024\" height=\"747\" data-src=\"https:\/\/gazetaregionalna.com\/wp-content\/uploads\/2021\/11\/AZS-Gliwice-23-1024x747.jpg\" alt=\"\" class=\"wp-image-64755 lazyload\" data-srcset=\"https:\/\/gazetaregionalna.com\/wp-content\/uploads\/2021\/11\/AZS-Gliwice-23-1024x747.jpg 1024w, https:\/\/gazetaregionalna.com\/wp-content\/uploads\/2021\/11\/AZS-Gliwice-23-300x219.jpg 300w, https:\/\/gazetaregionalna.com\/wp-content\/uploads\/2021\/11\/AZS-Gliwice-23-768x560.jpg 768w, https:\/\/gazetaregionalna.com\/wp-content\/uploads\/2021\/11\/AZS-Gliwice-23-1536x1120.jpg 1536w, https:\/\/gazetaregionalna.com\/wp-content\/uploads\/2021\/11\/AZS-Gliwice-23-2048x1493.jpg 2048w, https:\/\/gazetaregionalna.com\/wp-content\/uploads\/2021\/11\/AZS-Gliwice-23-696x507.jpg 696w, https:\/\/gazetaregionalna.com\/wp-content\/uploads\/2021\/11\/AZS-Gliwice-23-1068x779.jpg 1068w, https:\/\/gazetaregionalna.com\/wp-content\/uploads\/2021\/11\/AZS-Gliwice-23-1920x1400.jpg 1920w, https:\/\/gazetaregionalna.com\/wp-content\/uploads\/2021\/11\/AZS-Gliwice-23-576x420.jpg 576w, https:\/\/gazetaregionalna.com\/wp-content\/uploads\/2021\/11\/AZS-Gliwice-23-324x235.jpg 324w, https:\/\/gazetaregionalna.com\/wp-content\/uploads\/2021\/11\/AZS-Gliwice-23-scaled.jpg 1600w\" data-sizes=\"(max-width: 1024px) 100vw, 1024px\" src=\"data:image\/svg+xml;base64,PHN2ZyB3aWR0aD0iMSIgaGVpZ2h0PSIxIiB4bWxucz0iaHR0cDovL3d3dy53My5vcmcvMjAwMC9zdmciPjwvc3ZnPg==\" style=\"--smush-placeholder-width: 1024px; --smush-placeholder-aspect-ratio: 1024\/747;\" \/><\/figure>\n\n\n\n<figure class=\"wp-block-image size-large\"><img decoding=\"async\" width=\"1024\" height=\"564\" data-src=\"https:\/\/gazetaregionalna.com\/wp-content\/uploads\/2021\/11\/AZS-Gliwice-4-1-1024x564.jpg\" alt=\"\" class=\"wp-image-64756 lazyload\" data-srcset=\"https:\/\/gazetaregionalna.com\/wp-content\/uploads\/2021\/11\/AZS-Gliwice-4-1-1024x564.jpg 1024w, https:\/\/gazetaregionalna.com\/wp-content\/uploads\/2021\/11\/AZS-Gliwice-4-1-300x165.jpg 300w, https:\/\/gazetaregionalna.com\/wp-content\/uploads\/2021\/11\/AZS-Gliwice-4-1-768x423.jpg 768w, https:\/\/gazetaregionalna.com\/wp-content\/uploads\/2021\/11\/AZS-Gliwice-4-1-1536x846.jpg 1536w, https:\/\/gazetaregionalna.com\/wp-content\/uploads\/2021\/11\/AZS-Gliwice-4-1-2048x1128.jpg 2048w, https:\/\/gazetaregionalna.com\/wp-content\/uploads\/2021\/11\/AZS-Gliwice-4-1-696x383.jpg 696w, https:\/\/gazetaregionalna.com\/wp-content\/uploads\/2021\/11\/AZS-Gliwice-4-1-1068x588.jpg 1068w, https:\/\/gazetaregionalna.com\/wp-content\/uploads\/2021\/11\/AZS-Gliwice-4-1-1920x1058.jpg 1920w, https:\/\/gazetaregionalna.com\/wp-content\/uploads\/2021\/11\/AZS-Gliwice-4-1-762x420.jpg 762w, https:\/\/gazetaregionalna.com\/wp-content\/uploads\/2021\/11\/AZS-Gliwice-4-1-scaled.jpg 1600w\" data-sizes=\"(max-width: 1024px) 100vw, 1024px\" src=\"data:image\/svg+xml;base64,PHN2ZyB3aWR0aD0iMSIgaGVpZ2h0PSIxIiB4bWxucz0iaHR0cDovL3d3dy53My5vcmcvMjAwMC9zdmciPjwvc3ZnPg==\" style=\"--smush-placeholder-width: 1024px; --smush-placeholder-aspect-ratio: 1024\/564;\" \/><\/figure>\n\n\n\n<figure class=\"wp-block-image size-large\"><img decoding=\"async\" width=\"300\" height=\"250\" data-src=\"https:\/\/gazetaregionalna.com\/wp-content\/uploads\/2021\/10\/DMKInvest2.jpg\" alt=\"\" class=\"wp-image-58380 lazyload\" src=\"data:image\/svg+xml;base64,PHN2ZyB3aWR0aD0iMSIgaGVpZ2h0PSIxIiB4bWxucz0iaHR0cDovL3d3dy53My5vcmcvMjAwMC9zdmciPjwvc3ZnPg==\" style=\"--smush-placeholder-width: 300px; --smush-placeholder-aspect-ratio: 300\/250;\"><\/figure>\n\n\n\n<figure class=\"wp-block-image size-large\"><img decoding=\"async\" width=\"1024\" height=\"683\" data-src=\"https:\/\/gazetaregionalna.com\/wp-content\/uploads\/2021\/11\/AZS-Gliwice-22-1024x683.jpg\" alt=\"\" class=\"wp-image-64758 lazyload\" data-srcset=\"https:\/\/gazetaregionalna.com\/wp-content\/uploads\/2021\/11\/AZS-Gliwice-22-1024x683.jpg 1024w, https:\/\/gazetaregionalna.com\/wp-content\/uploads\/2021\/11\/AZS-Gliwice-22-300x200.jpg 300w, https:\/\/gazetaregionalna.com\/wp-content\/uploads\/2021\/11\/AZS-Gliwice-22-768x512.jpg 768w, https:\/\/gazetaregionalna.com\/wp-content\/uploads\/2021\/11\/AZS-Gliwice-22-1536x1024.jpg 1536w, https:\/\/gazetaregionalna.com\/wp-content\/uploads\/2021\/11\/AZS-Gliwice-22-2048x1365.jpg 2048w, https:\/\/gazetaregionalna.com\/wp-content\/uploads\/2021\/11\/AZS-Gliwice-22-696x464.jpg 696w, https:\/\/gazetaregionalna.com\/wp-content\/uploads\/2021\/11\/AZS-Gliwice-22-1068x712.jpg 1068w, https:\/\/gazetaregionalna.com\/wp-content\/uploads\/2021\/11\/AZS-Gliwice-22-1920x1280.jpg 1920w, https:\/\/gazetaregionalna.com\/wp-content\/uploads\/2021\/11\/AZS-Gliwice-22-630x420.jpg 630w, https:\/\/gazetaregionalna.com\/wp-content\/uploads\/2021\/11\/AZS-Gliwice-22-scaled.jpg 1600w\" data-sizes=\"(max-width: 1024px) 100vw, 1024px\" src=\"data:image\/svg+xml;base64,PHN2ZyB3aWR0aD0iMSIgaGVpZ2h0PSIxIiB4bWxucz0iaHR0cDovL3d3dy53My5vcmcvMjAwMC9zdmciPjwvc3ZnPg==\" style=\"--smush-placeholder-width: 1024px; --smush-placeholder-aspect-ratio: 1024\/683;\" \/><\/figure>\n\n\n\n<figure class=\"wp-block-image size-large\"><img decoding=\"async\" width=\"755\" height=\"1024\" data-src=\"https:\/\/gazetaregionalna.com\/wp-content\/uploads\/2021\/11\/ReklamaAZSCzestochowa-755x1024.png\" alt=\"\" class=\"wp-image-63486 lazyload\" data-srcset=\"https:\/\/gazetaregionalna.com\/wp-content\/uploads\/2021\/11\/ReklamaAZSCzestochowa-755x1024.png 755w, https:\/\/gazetaregionalna.com\/wp-content\/uploads\/2021\/11\/ReklamaAZSCzestochowa-221x300.png 221w, https:\/\/gazetaregionalna.com\/wp-content\/uploads\/2021\/11\/ReklamaAZSCzestochowa-768x1041.png 768w, https:\/\/gazetaregionalna.com\/wp-content\/uploads\/2021\/11\/ReklamaAZSCzestochowa-1133x1536.png 1133w, https:\/\/gazetaregionalna.com\/wp-content\/uploads\/2021\/11\/ReklamaAZSCzestochowa-696x944.png 696w, https:\/\/gazetaregionalna.com\/wp-content\/uploads\/2021\/11\/ReklamaAZSCzestochowa-1068x1448.png 1068w, https:\/\/gazetaregionalna.com\/wp-content\/uploads\/2021\/11\/ReklamaAZSCzestochowa-310x420.png 310w, https:\/\/gazetaregionalna.com\/wp-content\/uploads\/2021\/11\/ReklamaAZSCzestochowa.png 1180w\" data-sizes=\"(max-width: 755px) 100vw, 755px\" src=\"data:image\/svg+xml;base64,PHN2ZyB3aWR0aD0iMSIgaGVpZ2h0PSIxIiB4bWxucz0iaHR0cDovL3d3dy53My5vcmcvMjAwMC9zdmciPjwvc3ZnPg==\" style=\"--smush-placeholder-width: 755px; --smush-placeholder-aspect-ratio: 755\/1024;\" \/><figcaption>Reklama<\/figcaption><\/figure>\n","protected":false},"excerpt":{"rendered":"<p>W sobot\u0119 w Hali Polonia koszykarze 2-ligowego AZS Cz\u0119stochowa zmierz\u0105 si\u0119 z liderem Poloni\u0105 Bytom. Zdecydowanym faworytem b\u0119d\u0105 go\u015bcie, ale dla cz\u0119stochowian mo\u017ce to<\/p>\n","protected":false},"author":15,"featured_media":64755,"comment_status":"open","ping_status":"open","sticky":false,"template":"","format":"standard","meta":{"_monsterinsights_skip_tracking":false,"_monsterinsights_sitenote_active":false,"_monsterinsights_sitenote_note":"","_monsterinsights_sitenote_category":0,"_uf_show_specific_survey":0,"_uf_disable_surveys":false,"footnotes":""},"categories":[9,5],"tags":[],"class_list":["post-64751","post","type-post","status-publish","format-standard","has-post-thumbnail","hentry","category-koszykowka","category-sport"],"_links":{"self":[{"href":"https:\/\/gazetaregionalna.com\/index.php?rest_route=\/wp\/v2\/posts\/64751","targetHints":{"allow":["GET"]}}],"collection":[{"href":"https:\/\/gazetaregionalna.com\/index.php?rest_route=\/wp\/v2\/posts"}],"about":[{"href":"https:\/\/gazetaregionalna.com\/index.php?rest_route=\/wp\/v2\/types\/post"}],"author":[{"embeddable":true,"href":"https:\/\/gazetaregionalna.com\/index.php?rest_route=\/wp\/v2\/users\/15"}],"replies":[{"embeddable":true,"href":"https:\/\/gazetaregionalna.com\/index.php?rest_route=%2Fwp%2Fv2%2Fcomments&post=64751"}],"version-history":[{"count":1,"href":"https:\/\/gazetaregionalna.com\/index.php?rest_route=\/wp\/v2\/posts\/64751\/revisions"}],"predecessor-version":[{"id":64759,"href":"https:\/\/gazetaregionalna.com\/index.php?rest_route=\/wp\/v2\/posts\/64751\/revisions\/64759"}],"wp:featuredmedia":[{"embeddable":true,"href":"https:\/\/gazetaregionalna.com\/index.php?rest_route=\/wp\/v2\/media\/64755"}],"wp:attachment":[{"href":"https:\/\/gazetaregionalna.com\/index.php?rest_route=%2Fwp%2Fv2%2Fmedia&parent=64751"}],"wp:term":[{"taxonomy":"category","embeddable":true,"href":"https:\/\/gazetaregionalna.com\/index.php?rest_route=%2Fwp%2Fv2%2Fcategories&post=64751"},{"taxonomy":"post_tag","embeddable":true,"href":"https:\/\/gazetaregionalna.com\/index.php?rest_route=%2Fwp%2Fv2%2Ftags&post=64751"}],"curies":[{"name":"wp","href":"https:\/\/api.w.org\/{rel}","templated":true}]}}