{"id":64719,"date":"2021-11-25T14:05:23","date_gmt":"2021-11-25T14:05:23","guid":{"rendered":"https:\/\/gazetaregionalna.com\/?p=64719"},"modified":"2021-11-25T18:14:24","modified_gmt":"2021-11-25T18:14:24","slug":"byla-poszukiwana-od-lipca-teraz-znaleziono-jej-cialo","status":"publish","type":"post","link":"https:\/\/gazetaregionalna.com\/?p=64719","title":{"rendered":"By\u0142a poszukiwana od lipca. Teraz znaleziono jej cia\u0142o"},"content":{"rendered":"\n<h2 class=\"wp-block-heading\">Mieszkanka Jaworznika w powiecie myszkowski, Monika W.S. poszukiwana by\u0142a od 9 lipca tego roku. Wczoraj znaleziono jej cia\u0142o. Zw\u0142oki kobiety by\u0142y zakopane w Por\u0119bie ko\u0142o Zawiercia.<\/h2>\n\n\n\n<figure class=\"wp-block-gallery columns-3 is-cropped wp-block-gallery-1 is-layout-flex wp-block-gallery-is-layout-flex\"><ul class=\"blocks-gallery-grid\"><li class=\"blocks-gallery-item\"><figure><a href=\"https:\/\/gazetaregionalna.com\/wp-content\/uploads\/2021\/11\/pol1.jpg\"><img decoding=\"async\" width=\"1024\" height=\"683\" data-src=\"https:\/\/gazetaregionalna.com\/wp-content\/uploads\/2021\/11\/pol1-1024x683.jpg\" alt=\"\" data-id=\"64735\" data-full-url=\"https:\/\/gazetaregionalna.com\/wp-content\/uploads\/2021\/11\/pol1.jpg\" data-link=\"https:\/\/gazetaregionalna.com\/byla-poszukiwana-od-lipca-teraz-znaleziono-jej-cialo\/pol1-4\/\" class=\"wp-image-64735 lazyload\" data-srcset=\"https:\/\/gazetaregionalna.com\/wp-content\/uploads\/2021\/11\/pol1-1024x683.jpg 1024w, https:\/\/gazetaregionalna.com\/wp-content\/uploads\/2021\/11\/pol1-300x200.jpg 300w, https:\/\/gazetaregionalna.com\/wp-content\/uploads\/2021\/11\/pol1-768x512.jpg 768w, https:\/\/gazetaregionalna.com\/wp-content\/uploads\/2021\/11\/pol1-696x464.jpg 696w, https:\/\/gazetaregionalna.com\/wp-content\/uploads\/2021\/11\/pol1-1068x712.jpg 1068w, https:\/\/gazetaregionalna.com\/wp-content\/uploads\/2021\/11\/pol1-630x420.jpg 630w, https:\/\/gazetaregionalna.com\/wp-content\/uploads\/2021\/11\/pol1.jpg 1200w\" data-sizes=\"(max-width: 1024px) 100vw, 1024px\" src=\"data:image\/svg+xml;base64,PHN2ZyB3aWR0aD0iMSIgaGVpZ2h0PSIxIiB4bWxucz0iaHR0cDovL3d3dy53My5vcmcvMjAwMC9zdmciPjwvc3ZnPg==\" style=\"--smush-placeholder-width: 1024px; --smush-placeholder-aspect-ratio: 1024\/683;\" \/><\/a><\/figure><\/li><li class=\"blocks-gallery-item\"><figure><a href=\"https:\/\/gazetaregionalna.com\/wp-content\/uploads\/2021\/11\/pol2.jpg\"><img decoding=\"async\" width=\"1024\" height=\"683\" data-src=\"https:\/\/gazetaregionalna.com\/wp-content\/uploads\/2021\/11\/pol2-1024x683.jpg\" alt=\"\" data-id=\"64736\" data-full-url=\"https:\/\/gazetaregionalna.com\/wp-content\/uploads\/2021\/11\/pol2.jpg\" data-link=\"https:\/\/gazetaregionalna.com\/byla-poszukiwana-od-lipca-teraz-znaleziono-jej-cialo\/pol2-5\/\" class=\"wp-image-64736 lazyload\" data-srcset=\"https:\/\/gazetaregionalna.com\/wp-content\/uploads\/2021\/11\/pol2-1024x683.jpg 1024w, https:\/\/gazetaregionalna.com\/wp-content\/uploads\/2021\/11\/pol2-300x200.jpg 300w, https:\/\/gazetaregionalna.com\/wp-content\/uploads\/2021\/11\/pol2-768x512.jpg 768w, https:\/\/gazetaregionalna.com\/wp-content\/uploads\/2021\/11\/pol2-696x464.jpg 696w, https:\/\/gazetaregionalna.com\/wp-content\/uploads\/2021\/11\/pol2-1068x712.jpg 1068w, https:\/\/gazetaregionalna.com\/wp-content\/uploads\/2021\/11\/pol2-630x420.jpg 630w, https:\/\/gazetaregionalna.com\/wp-content\/uploads\/2021\/11\/pol2.jpg 1200w\" data-sizes=\"(max-width: 1024px) 100vw, 1024px\" src=\"data:image\/svg+xml;base64,PHN2ZyB3aWR0aD0iMSIgaGVpZ2h0PSIxIiB4bWxucz0iaHR0cDovL3d3dy53My5vcmcvMjAwMC9zdmciPjwvc3ZnPg==\" style=\"--smush-placeholder-width: 1024px; --smush-placeholder-aspect-ratio: 1024\/683;\" \/><\/a><\/figure><\/li><li class=\"blocks-gallery-item\"><figure><a href=\"https:\/\/gazetaregionalna.com\/wp-content\/uploads\/2021\/11\/pol3.jpg\"><img decoding=\"async\" width=\"1024\" height=\"683\" data-src=\"https:\/\/gazetaregionalna.com\/wp-content\/uploads\/2021\/11\/pol3-1024x683.jpg\" alt=\"\" data-id=\"64737\" data-full-url=\"https:\/\/gazetaregionalna.com\/wp-content\/uploads\/2021\/11\/pol3.jpg\" data-link=\"https:\/\/gazetaregionalna.com\/byla-poszukiwana-od-lipca-teraz-znaleziono-jej-cialo\/pol3-3\/\" class=\"wp-image-64737 lazyload\" data-srcset=\"https:\/\/gazetaregionalna.com\/wp-content\/uploads\/2021\/11\/pol3-1024x683.jpg 1024w, https:\/\/gazetaregionalna.com\/wp-content\/uploads\/2021\/11\/pol3-300x200.jpg 300w, https:\/\/gazetaregionalna.com\/wp-content\/uploads\/2021\/11\/pol3-768x512.jpg 768w, https:\/\/gazetaregionalna.com\/wp-content\/uploads\/2021\/11\/pol3-696x464.jpg 696w, https:\/\/gazetaregionalna.com\/wp-content\/uploads\/2021\/11\/pol3-1068x712.jpg 1068w, https:\/\/gazetaregionalna.com\/wp-content\/uploads\/2021\/11\/pol3-630x420.jpg 630w, https:\/\/gazetaregionalna.com\/wp-content\/uploads\/2021\/11\/pol3.jpg 1200w\" data-sizes=\"(max-width: 1024px) 100vw, 1024px\" src=\"data:image\/svg+xml;base64,PHN2ZyB3aWR0aD0iMSIgaGVpZ2h0PSIxIiB4bWxucz0iaHR0cDovL3d3dy53My5vcmcvMjAwMC9zdmciPjwvc3ZnPg==\" style=\"--smush-placeholder-width: 1024px; --smush-placeholder-aspect-ratio: 1024\/683;\" \/><\/a><\/figure><\/li><\/ul><\/figure>\n\n\n\n<p>42-letnia Monika W.S. poszukiwana by\u0142a od 9 lipca. Tego dnia 42-latka wyjecha\u0142a z domu swoim bia\u0142ym fiatem i \u015blad po niej zagin\u0105\u0142. Kilka dni p\u00f3\u017aniej jej auto wy\u0142owiono ze stawu w przy ulicy \u0141\u0105cznej w Zawierciu.<\/p>\n\n\n\n<p>&#8211; Mundurowi sprawdzili okolic\u0119, a p\u0142etwonurkowie skontrolowali akwen nie odnajduj\u0105c \u017cadnych zw\u0142ok \u2013 przekaza\u0142a w komunikacie \u015bl\u0105ska policja. &#8211; Na miejscu pracowali r\u00f3wnie\u017c policjanci z Laboratorium Kryminalistycznego&nbsp;Komendy Wojew\u00f3dzkiej Policji w Katowicach, kt\u00f3rzy dokonywali specjalistycznych bada\u0144, aby sprawdzi\u0107, czy w poje\u017adzie znajduj\u0105 istotne \u015blady, mi\u0119dzy innymi krwi. \u015aledczy zwr\u00f3cili tak\u017ce uwag\u0119 na usuni\u0119te znaki identyfikacyjne pojazdu&nbsp;m.in.&nbsp;rejestracje, naklejki kontrolne oraz przemalowane elementy karoserii, co mog\u0142o \u015bwiadczy\u0107 o zacieraniu dowod\u00f3w przest\u0119pstwa. Ju\u017c wtedy \u015bledczy podejrzewali, \u017ce fina\u0142 tej sprawy jest tragiczny i zamieszane s\u0105 w ni\u0105 osoby trzecie.<\/p>\n\n\n\n<p>Zebrane w tej sprawie dowody doprowadzi\u0142y do zatrzymania wczoraj 38-latka oraz 32-latka &#8211; mieszka\u0144ca powiatu zawiercia\u0144skiego.<br>Jak przekaza\u0142a Komenda Wojew\u00f3dztwa Policji w Katowicach, m\u0119\u017cczy\u017ani oraz aresztowany wcze\u015bniej do innej sprawy by\u0142 partner kobiety, zostali przes\u0142uchani w prokuraturze. Po tym przes\u0142uchaniu ustalono miejsce ukrycia zw\u0142ok kobiety. Cia\u0142o Moniki W.S. by\u0142o ukryte w lesie na pograniczu Zawiercia i Por\u0119by.<\/p>\n\n\n\n<p>&#8211; Jak si\u0119 okaza\u0142o, zosta\u0142a ona zamordowana i zakopana 5 metr\u00f3w pod ziemi\u0105 \u2013 napisano w komunikacie policji. &#8211; M\u0119\u017cczy\u017ani pr\u00f3bowali r\u00f3wnie\u017c zatrze\u0107 wszelkie mo\u017cliwe \u015blady swojego przest\u0119pczego dzia\u0142ania, dok\u0142adnie myj\u0105c samoch\u00f3d i wrzucaj\u0105c go do stawu. Policjanci nie dali jednak za wygran\u0105 i doprowadzili do fina\u0142u tej sprawy, kt\u00f3ry zako\u0144czy si\u0119 dla sprawc\u00f3w w s\u0105dzie.<\/p>\n","protected":false},"excerpt":{"rendered":"<p>Mieszkanka Jaworznika w powiecie myszkowski, Monika W.S. poszukiwana by\u0142a od 9 lipca tego roku. Wczoraj znaleziono jej cia\u0142o. Zw\u0142oki kobiety by\u0142y zakopane w Por\u0119bie<\/p>\n","protected":false},"author":7,"featured_media":64737,"comment_status":"open","ping_status":"open","sticky":false,"template":"","format":"standard","meta":{"_monsterinsights_skip_tracking":false,"_monsterinsights_sitenote_active":false,"_monsterinsights_sitenote_note":"","_monsterinsights_sitenote_category":0,"_uf_show_specific_survey":0,"_uf_disable_surveys":false,"footnotes":""},"categories":[94,3,2],"tags":[],"class_list":["post-64719","post","type-post","status-publish","format-standard","has-post-thumbnail","hentry","category-polecane","category-czestochowa-informacje","category-wiadomosci"],"_links":{"self":[{"href":"https:\/\/gazetaregionalna.com\/index.php?rest_route=\/wp\/v2\/posts\/64719","targetHints":{"allow":["GET"]}}],"collection":[{"href":"https:\/\/gazetaregionalna.com\/index.php?rest_route=\/wp\/v2\/posts"}],"about":[{"href":"https:\/\/gazetaregionalna.com\/index.php?rest_route=\/wp\/v2\/types\/post"}],"author":[{"embeddable":true,"href":"https:\/\/gazetaregionalna.com\/index.php?rest_route=\/wp\/v2\/users\/7"}],"replies":[{"embeddable":true,"href":"https:\/\/gazetaregionalna.com\/index.php?rest_route=%2Fwp%2Fv2%2Fcomments&post=64719"}],"version-history":[{"count":3,"href":"https:\/\/gazetaregionalna.com\/index.php?rest_route=\/wp\/v2\/posts\/64719\/revisions"}],"predecessor-version":[{"id":64783,"href":"https:\/\/gazetaregionalna.com\/index.php?rest_route=\/wp\/v2\/posts\/64719\/revisions\/64783"}],"wp:featuredmedia":[{"embeddable":true,"href":"https:\/\/gazetaregionalna.com\/index.php?rest_route=\/wp\/v2\/media\/64737"}],"wp:attachment":[{"href":"https:\/\/gazetaregionalna.com\/index.php?rest_route=%2Fwp%2Fv2%2Fmedia&parent=64719"}],"wp:term":[{"taxonomy":"category","embeddable":true,"href":"https:\/\/gazetaregionalna.com\/index.php?rest_route=%2Fwp%2Fv2%2Fcategories&post=64719"},{"taxonomy":"post_tag","embeddable":true,"href":"https:\/\/gazetaregionalna.com\/index.php?rest_route=%2Fwp%2Fv2%2Ftags&post=64719"}],"curies":[{"name":"wp","href":"https:\/\/api.w.org\/{rel}","templated":true}]}}