{"id":6469,"date":"2019-09-19T08:24:30","date_gmt":"2019-09-19T08:24:30","guid":{"rendered":"https:\/\/gazetaregionalna.com\/?p=6469"},"modified":"2019-09-19T08:32:15","modified_gmt":"2019-09-19T08:32:15","slug":"patriotyczna-sobota","status":"publish","type":"post","link":"https:\/\/gazetaregionalna.com\/?p=6469","title":{"rendered":"Patriotyczna sobota"},"content":{"rendered":"\n<p>W sobot\u0119 w Lubli\u0144cu przez ca\u0142y dzie\u0144 odbywa\u0107 si\u0119 b\u0119d\u0105 wydarzenia i koncerty zorganizowane pod wsp\u00f3lnym has\u0142em: &#8222;Patriotyczny Lubliniec&#8221;. Organizatorzy zapraszaj\u0105 od godziny 15 na plac Targowiska Miejskiego.<br> Wydarzenie otworzy prezentacja s\u0142u\u017cb mundurowych i grup zajmuj\u0105cych si\u0119 rekonstrukcjami historycznymi. Potem przed widzami wyst\u0105pi Miejska M\u0142odzie\u017cowa orkiestra D\u0119ta oraz soli\u015bci uczestnicz\u0105cy w zaj\u0119ciach przygotowywanych w Miejskim Domu Kultury.<\/p>\n\n\n\n<figure class=\"wp-block-image\"><img decoding=\"async\" width=\"666\" height=\"960\" data-src=\"https:\/\/gazetaregionalna.com\/wp-content\/uploads\/2019\/09\/71560067_2875579232503019_8226959587190767616_n.jpg\" alt=\"\" class=\"wp-image-6470 lazyload\" data-srcset=\"https:\/\/gazetaregionalna.com\/wp-content\/uploads\/2019\/09\/71560067_2875579232503019_8226959587190767616_n.jpg 666w, https:\/\/gazetaregionalna.com\/wp-content\/uploads\/2019\/09\/71560067_2875579232503019_8226959587190767616_n-208x300.jpg 208w, https:\/\/gazetaregionalna.com\/wp-content\/uploads\/2019\/09\/71560067_2875579232503019_8226959587190767616_n-291x420.jpg 291w\" data-sizes=\"(max-width: 666px) 100vw, 666px\" src=\"data:image\/svg+xml;base64,PHN2ZyB3aWR0aD0iMSIgaGVpZ2h0PSIxIiB4bWxucz0iaHR0cDovL3d3dy53My5vcmcvMjAwMC9zdmciPjwvc3ZnPg==\" style=\"--smush-placeholder-width: 666px; --smush-placeholder-aspect-ratio: 666\/960;\" \/><\/figure>\n\n\n\n<p><br> Patriotyczny dzie\u0144 zako\u0144czy ognisko harcerskie i &#8222;\u015apiewogranie&#8221;. Ponadto przygotowane b\u0119d\u0105 stoiska ze sprz\u0119tem s\u0142u\u017cb mundurowych, strzelnica i tor ma\u0142ego stra\u017caka. Wszystkich rozgrzeje wojskowa groch\u00f3wka. Piknikowi towarzyszy\u0107 ma akcja krwiodawstwa pod has\u0142em: &#8222;Niepodleg\u0142\u0105 mam we krwi&#8221; (godzina 9-15).<\/p>\n","protected":false},"excerpt":{"rendered":"<p>W sobot\u0119 w Lubli\u0144cu przez ca\u0142y dzie\u0144 odbywa\u0107 si\u0119 b\u0119d\u0105 wydarzenia i koncerty zorganizowane pod wsp\u00f3lnym has\u0142em: &#8222;Patriotyczny Lubliniec&#8221;. Organizatorzy zapraszaj\u0105 od godziny 15<\/p>\n","protected":false},"author":7,"featured_media":6471,"comment_status":"open","ping_status":"open","sticky":false,"template":"","format":"standard","meta":{"_monsterinsights_skip_tracking":false,"_monsterinsights_sitenote_active":false,"_monsterinsights_sitenote_note":"","_monsterinsights_sitenote_category":0,"_uf_show_specific_survey":0,"_uf_disable_surveys":false,"footnotes":""},"categories":[12,25,94,2,13],"tags":[],"class_list":["post-6469","post","type-post","status-publish","format-standard","has-post-thumbnail","hentry","category-kultura-i-rozrywka","category-lubliniec","category-polecane","category-wiadomosci","category-wydarzenia"],"_links":{"self":[{"href":"https:\/\/gazetaregionalna.com\/index.php?rest_route=\/wp\/v2\/posts\/6469","targetHints":{"allow":["GET"]}}],"collection":[{"href":"https:\/\/gazetaregionalna.com\/index.php?rest_route=\/wp\/v2\/posts"}],"about":[{"href":"https:\/\/gazetaregionalna.com\/index.php?rest_route=\/wp\/v2\/types\/post"}],"author":[{"embeddable":true,"href":"https:\/\/gazetaregionalna.com\/index.php?rest_route=\/wp\/v2\/users\/7"}],"replies":[{"embeddable":true,"href":"https:\/\/gazetaregionalna.com\/index.php?rest_route=%2Fwp%2Fv2%2Fcomments&post=6469"}],"version-history":[{"count":2,"href":"https:\/\/gazetaregionalna.com\/index.php?rest_route=\/wp\/v2\/posts\/6469\/revisions"}],"predecessor-version":[{"id":6473,"href":"https:\/\/gazetaregionalna.com\/index.php?rest_route=\/wp\/v2\/posts\/6469\/revisions\/6473"}],"wp:featuredmedia":[{"embeddable":true,"href":"https:\/\/gazetaregionalna.com\/index.php?rest_route=\/wp\/v2\/media\/6471"}],"wp:attachment":[{"href":"https:\/\/gazetaregionalna.com\/index.php?rest_route=%2Fwp%2Fv2%2Fmedia&parent=6469"}],"wp:term":[{"taxonomy":"category","embeddable":true,"href":"https:\/\/gazetaregionalna.com\/index.php?rest_route=%2Fwp%2Fv2%2Fcategories&post=6469"},{"taxonomy":"post_tag","embeddable":true,"href":"https:\/\/gazetaregionalna.com\/index.php?rest_route=%2Fwp%2Fv2%2Ftags&post=6469"}],"curies":[{"name":"wp","href":"https:\/\/api.w.org\/{rel}","templated":true}]}}