{"id":64628,"date":"2021-11-24T16:03:53","date_gmt":"2021-11-24T16:03:53","guid":{"rendered":"https:\/\/gazetaregionalna.com\/?p=64628"},"modified":"2021-11-24T16:03:54","modified_gmt":"2021-11-24T16:03:54","slug":"kulturysta-bartosz-sokolowski-wygral-prestizowe-zawody-mr-univesrsum-w-hamburgu","status":"publish","type":"post","link":"https:\/\/gazetaregionalna.com\/?p=64628","title":{"rendered":"Kulturysta Bartosz Soko\u0142owski wygra\u0142 presti\u017cowe zawody MR univesrsum w Hamburgu"},"content":{"rendered":"\n<p>Ostatnie dni by\u0142y udane dla cz\u0119stochowskiego kulturysty Bartosza Soko\u0142owskiego. Kilka dni temu wygra\u0142 presti\u017cowe zawody MR universum w Hamburgu.<\/p>\n\n\n\n<p>Bartosz Soko\u0142owski po kontuzji pod koniec 2020 roku w obecnym sezonie nie planowa\u0142 start\u00f3w. Zmieni\u0142 plany i okazuje si\u0119, \u017ce z efektami&#8230;<\/p>\n\n\n\n<p>&#8211; W tym roku w og\u00f3le nie planowa\u0142em start\u00f3w poniewa\u017c w grudniu 2020 roku mia\u0142em powa\u017cn\u0105 kontuzje i ca\u0142kowicie zerwany biceps \u2013 m\u00f3wi Bartosz Soko\u0142owski. &#8211; Na wielkie szcz\u0119\u015bcie operacji podj\u0105\u0142 si\u0119 chirurg z Piekar \u015al\u0105skich i pod koniec stycznia 2021 roku wznowi\u0142em treningi, ale bez plan\u00f3w startowych. Wracaj\u0105c do formy wygl\u0105da\u0142em jednak na tyle dobrze, \u017ce postanowi\u0142em si\u0119 spr\u0119\u017cy\u0107 i przygotowa\u0107 form\u0119 startow\u0105 na Puchar Polski w Siedlcach. Forma przysz\u0142a do\u015b\u0107 szybko. Na pocz\u0105tek wystartowa\u0142em na zawodach organizowanych przez Radka S\u0142odkiewicza na targach Fiwe (2. miejsce kat. weteran +100kg, 3. miejsce kat. masters +100kg). P\u00f3\u017aniej start docelowy czyli Siedlce (1. miejsce kat. Men bodybuilding +100kg, 1. miejsce overall Men) i kolejne ju\u017c z rozp\u0119du. Na zawodach w \u0141odzi (1. miejsce kat. weteran, 2. miejsce kat. Men clas 1) w pierwszej kategorii zaj\u0105\u0142em pierwsze miejsce. P\u00f3\u017aniej na tych samych zawodach w drugiej kategorii, gdzie po kontrowersyjnym werdykcie musia\u0142em zadowoli\u0107 si\u0119 drugim miejscem, zako\u0144czy\u0142em sezon. Ale po dw\u00f3ch tygodniach dosta\u0142em telefon od prezesa federacji NAC z propozycj\u0105 startu na presti\u017cowych zawodach MR universum w niemieckim Hamburgu. Po powrocie do domu \u017cona od razu zauwa\u017cy\u0142a, \u017ce co\u015b chodzi mi po g\u0142owie i powiedzia\u0142a, \u017ce nie wa\u017cne gdzie i za ile. Jed\u017a, wystartuj, wygraj i zako\u0144cz sezon z przytupem. I tak te\u017c zrobi\u0142em. Teraz ju\u017c na pewno go zako\u0144czy\u0142em, a co przyniesie kolejny rok to si\u0119 oka\u017ce.<\/p>\n\n\n\n<p>Bartosz Soko\u0142owski 20 listopada zaj\u0105\u0142 w Hamburgu 1.miejsce w kat. Men body 1.<\/p>\n\n\n\n<p>AK. <\/p>\n\n\n\n<p>Foto: Bartosza Soko\u0142owskiego <\/p>\n\n\n\n<figure class=\"wp-block-image size-large\"><img decoding=\"async\" width=\"678\" height=\"1024\" data-src=\"https:\/\/gazetaregionalna.com\/wp-content\/uploads\/2021\/11\/Sokolowski-2-678x1024.png\" alt=\"\" class=\"wp-image-64630 lazyload\" data-srcset=\"https:\/\/gazetaregionalna.com\/wp-content\/uploads\/2021\/11\/Sokolowski-2-678x1024.png 678w, https:\/\/gazetaregionalna.com\/wp-content\/uploads\/2021\/11\/Sokolowski-2-199x300.png 199w, https:\/\/gazetaregionalna.com\/wp-content\/uploads\/2021\/11\/Sokolowski-2-696x1051.png 696w, https:\/\/gazetaregionalna.com\/wp-content\/uploads\/2021\/11\/Sokolowski-2-278x420.png 278w, https:\/\/gazetaregionalna.com\/wp-content\/uploads\/2021\/11\/Sokolowski-2.png 750w\" data-sizes=\"(max-width: 678px) 100vw, 678px\" src=\"data:image\/svg+xml;base64,PHN2ZyB3aWR0aD0iMSIgaGVpZ2h0PSIxIiB4bWxucz0iaHR0cDovL3d3dy53My5vcmcvMjAwMC9zdmciPjwvc3ZnPg==\" style=\"--smush-placeholder-width: 678px; --smush-placeholder-aspect-ratio: 678\/1024;\" \/><\/figure>\n\n\n\n<figure class=\"wp-block-image size-large\"><img decoding=\"async\" width=\"1024\" height=\"576\" data-src=\"https:\/\/gazetaregionalna.com\/wp-content\/uploads\/2021\/11\/Sokolowski-1-1024x576.png\" alt=\"\" class=\"wp-image-64629 lazyload\" data-srcset=\"https:\/\/gazetaregionalna.com\/wp-content\/uploads\/2021\/11\/Sokolowski-1-1024x576.png 1024w, https:\/\/gazetaregionalna.com\/wp-content\/uploads\/2021\/11\/Sokolowski-1-300x169.png 300w, https:\/\/gazetaregionalna.com\/wp-content\/uploads\/2021\/11\/Sokolowski-1-768x432.png 768w, https:\/\/gazetaregionalna.com\/wp-content\/uploads\/2021\/11\/Sokolowski-1-696x391.png 696w, https:\/\/gazetaregionalna.com\/wp-content\/uploads\/2021\/11\/Sokolowski-1-1068x600.png 1068w, https:\/\/gazetaregionalna.com\/wp-content\/uploads\/2021\/11\/Sokolowski-1-747x420.png 747w, https:\/\/gazetaregionalna.com\/wp-content\/uploads\/2021\/11\/Sokolowski-1.png 1334w\" data-sizes=\"(max-width: 1024px) 100vw, 1024px\" src=\"data:image\/svg+xml;base64,PHN2ZyB3aWR0aD0iMSIgaGVpZ2h0PSIxIiB4bWxucz0iaHR0cDovL3d3dy53My5vcmcvMjAwMC9zdmciPjwvc3ZnPg==\" style=\"--smush-placeholder-width: 1024px; --smush-placeholder-aspect-ratio: 1024\/576;\" \/><\/figure>\n","protected":false},"excerpt":{"rendered":"<p>Ostatnie dni by\u0142y udane dla cz\u0119stochowskiego kulturysty Bartosza Soko\u0142owskiego. Kilka dni temu wygra\u0142 presti\u017cowe zawody MR universum w Hamburgu. Bartosz Soko\u0142owski po kontuzji pod<\/p>\n","protected":false},"author":15,"featured_media":64629,"comment_status":"open","ping_status":"open","sticky":false,"template":"","format":"standard","meta":{"_monsterinsights_skip_tracking":false,"_monsterinsights_sitenote_active":false,"_monsterinsights_sitenote_note":"","_monsterinsights_sitenote_category":0,"_uf_show_specific_survey":0,"_uf_disable_surveys":false,"footnotes":""},"categories":[5,11],"tags":[],"class_list":["post-64628","post","type-post","status-publish","format-standard","has-post-thumbnail","hentry","category-sport","category-pozostale"],"_links":{"self":[{"href":"https:\/\/gazetaregionalna.com\/index.php?rest_route=\/wp\/v2\/posts\/64628","targetHints":{"allow":["GET"]}}],"collection":[{"href":"https:\/\/gazetaregionalna.com\/index.php?rest_route=\/wp\/v2\/posts"}],"about":[{"href":"https:\/\/gazetaregionalna.com\/index.php?rest_route=\/wp\/v2\/types\/post"}],"author":[{"embeddable":true,"href":"https:\/\/gazetaregionalna.com\/index.php?rest_route=\/wp\/v2\/users\/15"}],"replies":[{"embeddable":true,"href":"https:\/\/gazetaregionalna.com\/index.php?rest_route=%2Fwp%2Fv2%2Fcomments&post=64628"}],"version-history":[{"count":1,"href":"https:\/\/gazetaregionalna.com\/index.php?rest_route=\/wp\/v2\/posts\/64628\/revisions"}],"predecessor-version":[{"id":64631,"href":"https:\/\/gazetaregionalna.com\/index.php?rest_route=\/wp\/v2\/posts\/64628\/revisions\/64631"}],"wp:featuredmedia":[{"embeddable":true,"href":"https:\/\/gazetaregionalna.com\/index.php?rest_route=\/wp\/v2\/media\/64629"}],"wp:attachment":[{"href":"https:\/\/gazetaregionalna.com\/index.php?rest_route=%2Fwp%2Fv2%2Fmedia&parent=64628"}],"wp:term":[{"taxonomy":"category","embeddable":true,"href":"https:\/\/gazetaregionalna.com\/index.php?rest_route=%2Fwp%2Fv2%2Fcategories&post=64628"},{"taxonomy":"post_tag","embeddable":true,"href":"https:\/\/gazetaregionalna.com\/index.php?rest_route=%2Fwp%2Fv2%2Ftags&post=64628"}],"curies":[{"name":"wp","href":"https:\/\/api.w.org\/{rel}","templated":true}]}}