{"id":64296,"date":"2021-11-22T11:29:31","date_gmt":"2021-11-22T11:29:31","guid":{"rendered":"https:\/\/gazetaregionalna.com\/?p=64296"},"modified":"2021-11-22T11:39:17","modified_gmt":"2021-11-22T11:39:17","slug":"blizny-premiera","status":"publish","type":"post","link":"https:\/\/gazetaregionalna.com\/?p=64296","title":{"rendered":"&#8222;Blizny&#8221;. 21. premiera w dorobku Cz\u0119stochowskiego Teatru Ta\u0144ca"},"content":{"rendered":"\n<h2 class=\"wp-block-heading\">W sobot\u0119, 27 listopada Cz\u0119stochowski Teatr Ta\u0144ca zaprasza na swoj\u0105 21. premier\u0119. &#8222;Blizny&#8221; zobaczymy o godz. 18.<\/h2>\n\n\n\n<p>Listopad to intensywny miesi\u0105c dla W\u0142odzimierza Kucy i stworzonego przez niego Cz\u0119stochowskiego Teatru Ta\u0144ca. W pierwsz\u0105 sobot\u0119 miesi\u0105ca odby\u0142a si\u0119 premiera &#8222;Sierotki Marysi&#8221;, czyli jubileuszowego, bo 20. spektaklu w dorobku tego tw\u00f3rcy (wydarzenie zapowiadali\u015bmy <a href=\"https:\/\/gazetaregionalna.com\/sierotka-marysia-premiera\/\">TUTAJ<\/a>).<\/p>\n\n\n\n<p>Tym razem inspiracji dostarczy\u0142a jedna z najbardziej znanych polskich bajek, kt\u00f3rej autork\u0105 jest Maria Konopnicka. Jaki \u015bwiat zaprezentowano w rozta\u0144czonym spektaklu? \u201cW Ba\u015bniowym Kr\u00f3lestwie Krasnoludk\u00f3w dobro przeplata si\u0119 ze z\u0142em, rado\u015b\u0107 ze smutkiem, uczciwo\u015b\u0107 z podst\u0119pem, lojalno\u015b\u0107 z chciwo\u015bci\u0105\u201d &#8211; zaznaczali tw\u00f3rcy.<\/p>\n\n\n\n<h4 class=\"wp-block-heading\">&#8222;Blizny&#8221;, czyli 21. premiera w dorobku teatru<\/h4>\n\n\n\n<p>Ostatnia sobota miesi\u0105ca przyniesie kolejny premierowy tytu\u0142. To &#8222;Blizny&#8221;, czyli najnowszy autorski projekt Kucy, kt\u00f3ry odpowiada za re\u017cyseri\u0119, choreografi\u0119, scenografi\u0119, kostiumy i dob\u00f3r muzyki. Obsad\u0119 spektaklu tworz\u0105 za\u015b Karolina Kuca, Marta Gierczak, Zuzanna Witkowska, Urszula Janik, Katarzyna G\u0142owacka, Kinga Os\u0142uchowska, Zuzanna Cierpia\u0142, Kamila Zimnowoda Aleksandra Leletko, Agata Wierus, Piotr Majer, Kamil Kuca, Bart\u0142omiej Fr\u0105czek i Bazyli Ogi\u0144ski.<\/p>\n\n\n\n<p>&#8222;Zabli\u017anione z\u0142otem blizny sprawiaj\u0105, \u017ce uszkodzony cz\u0142owiek staje si\u0119 jeszcze pi\u0119kniejszy ni\u017c wtedy, gdy b\u0142yszcza\u0142&#8221; &#8211; tak brzmi has\u0142o przewodnie 21. premiery Cz\u0119stochowskiego Teatru Ta\u0144ca.<\/p>\n\n\n\n<p>Premierowy spektakl b\u0119dzie grany 27 listopada o godz. 18 w Klubie Politechnik (al. Armii Krajowej 23\/25). Ten popremierowy grany b\u0119dzie dzie\u0144 p\u00f3\u017aniej o tej samej godzinie. Bilety kosztuj\u0105 odpowiednio 50 i 35 z\u0142.<\/p>\n\n\n\n<h4 class=\"wp-block-heading\">Cz\u0119stochowski Teatr Ta\u0144ca<\/h4>\n\n\n\n<p>Cz\u0119stochowski Teatr Ta\u0144ca swoj\u0105 artystyczn\u0105 dzia\u0142alno\u015b\u0107 rozpocz\u0105\u0142 jako META. Pod t\u0105 nazw\u0105 kry\u0142a si\u0119 M\u0142odzie\u017cowa Estrada Taneczna dzia\u0142aj\u0105ca w Klubie Mieszkaniowym \u201eNasza Praca\u201d. Potem grupa pracowa\u0142a pod auspicjami uczelni technicznej, jako Akademicki Teatr Ta\u0144ca Politechniki Cz\u0119stochowskiej. Obecnie Cz\u0119stochowski Teatr Ta\u0144ca wspierany jest przez Stowarzyszenie Przyjaci\u00f3\u0142 CTT.<\/p>\n\n\n\n<p>Pomys\u0142odawc\u0105 i za\u0142o\u017cycielem Cz\u0119stochowskiego Teatru Ta\u0144ca jest W\u0142odzimierz Kuca &#8211; ceniony tancerz, dyplomowany nauczyciel ta\u0144ca, choreograf i s\u0119dzia freestyle. To re\u017cyser i autor choreografii wszystkich 21. premier teatru. Na tej li\u015bcie znalaz\u0142y si\u0119 -obok listopadowych premier &#8211; takie tytu\u0142y jak &#8222;Dworzec ZOO\u201d, \u201eFeniks\u201d, Dracula\u201d, \u201eCo piszczy w trawie\u201d, \u201eApokalipsa\u201d, \u201eEdyp\u201d, \u201ePromocja\u201d, \u201eDzwonnik\u201d, \u201eDziewczyna z pomara\u0144czami\u201d , \u201eSprzedawca marze\u0144\u201d, \u201eAion\u201d, \u201eKopciuszek\u201d, \u201eKochankowie dnia \u2013 historia jednej fotografii\u201d, \u201eWitkacy\u201d, \u201eOrfeusz\u201d, \u201eApasz\u201d, \u201eWyspa Skarb\u00f3w\u201d, \u201eNie chc\u0119 wi\u0119cej\u201d i &#8222;Faraon&#8221;. Za swoj\u0105 dzia\u0142alno\u015b\u0107 Kuca zosta\u0142 dotychczas wyr\u00f3\u017cniony m.in. Nagrod\u0105 Specjaln\u0105 Ministra Kultury i Dziedzictwa Narodowego (2009), Odznak\u0105 Honorow\u0105 &#8222;Zas\u0142u\u017cony dla Kultury Polskiej&#8221; (2014) i Z\u0142ot\u0105 Mask\u0105 za autorsk\u0105 koncepcj\u0119 teatru (2016). Szczeg\u00f3\u0142y:<a href=\"https:\/\/www.facebook.com\/CzestochowskiTeatrTanca\/\" target=\"_blank\" rel=\"noopener\"> www.facebook.com\/CzestochowskiTeatrTanca<\/a>.<\/p>\n\n\n\n<p><strong>Zuzanna Suliga<\/strong><\/p>\n","protected":false},"excerpt":{"rendered":"<p>W sobot\u0119, 27 listopada Cz\u0119stochowski Teatr Ta\u0144ca zaprasza na swoj\u0105 21. premier\u0119. &#8222;Blizny&#8221; zobaczymy o godz. 18. Listopad to intensywny miesi\u0105c dla W\u0142odzimierza Kucy<\/p>\n","protected":false},"author":18,"featured_media":64300,"comment_status":"open","ping_status":"open","sticky":false,"template":"","format":"standard","meta":{"_monsterinsights_skip_tracking":false,"_monsterinsights_sitenote_active":false,"_monsterinsights_sitenote_note":"","_monsterinsights_sitenote_category":0,"_uf_show_specific_survey":0,"_uf_disable_surveys":false,"footnotes":""},"categories":[94,3,2],"tags":[3435,1750,3547],"class_list":["post-64296","post","type-post","status-publish","format-standard","has-post-thumbnail","hentry","category-polecane","category-czestochowa-informacje","category-wiadomosci","tag-czestochowski-teatr-tanca","tag-premiera","tag-wlodzimierz-kuca"],"_links":{"self":[{"href":"https:\/\/gazetaregionalna.com\/index.php?rest_route=\/wp\/v2\/posts\/64296","targetHints":{"allow":["GET"]}}],"collection":[{"href":"https:\/\/gazetaregionalna.com\/index.php?rest_route=\/wp\/v2\/posts"}],"about":[{"href":"https:\/\/gazetaregionalna.com\/index.php?rest_route=\/wp\/v2\/types\/post"}],"author":[{"embeddable":true,"href":"https:\/\/gazetaregionalna.com\/index.php?rest_route=\/wp\/v2\/users\/18"}],"replies":[{"embeddable":true,"href":"https:\/\/gazetaregionalna.com\/index.php?rest_route=%2Fwp%2Fv2%2Fcomments&post=64296"}],"version-history":[{"count":6,"href":"https:\/\/gazetaregionalna.com\/index.php?rest_route=\/wp\/v2\/posts\/64296\/revisions"}],"predecessor-version":[{"id":64311,"href":"https:\/\/gazetaregionalna.com\/index.php?rest_route=\/wp\/v2\/posts\/64296\/revisions\/64311"}],"wp:featuredmedia":[{"embeddable":true,"href":"https:\/\/gazetaregionalna.com\/index.php?rest_route=\/wp\/v2\/media\/64300"}],"wp:attachment":[{"href":"https:\/\/gazetaregionalna.com\/index.php?rest_route=%2Fwp%2Fv2%2Fmedia&parent=64296"}],"wp:term":[{"taxonomy":"category","embeddable":true,"href":"https:\/\/gazetaregionalna.com\/index.php?rest_route=%2Fwp%2Fv2%2Fcategories&post=64296"},{"taxonomy":"post_tag","embeddable":true,"href":"https:\/\/gazetaregionalna.com\/index.php?rest_route=%2Fwp%2Fv2%2Ftags&post=64296"}],"curies":[{"name":"wp","href":"https:\/\/api.w.org\/{rel}","templated":true}]}}