{"id":64049,"date":"2021-11-20T18:37:14","date_gmt":"2021-11-20T18:37:14","guid":{"rendered":"https:\/\/gazetaregionalna.com\/?p=64049"},"modified":"2021-11-20T18:37:15","modified_gmt":"2021-11-20T18:37:15","slug":"bezplatne-szczepienia-przeciw-grypie","status":"publish","type":"post","link":"https:\/\/gazetaregionalna.com\/?p=64049","title":{"rendered":"Bezp\u0142atne szczepienia przeciw grypie. Cz\u0119stochowianie maj\u0105cy powy\u017cej 65 lat mog\u0105 si\u0119 zg\u0142asza\u0107"},"content":{"rendered":"\n<h2 class=\"wp-block-heading\">Z miejskiego programu szczepie\u0144 przeciw grypie mog\u0105 skorzysta\u0107 mieszka\u0144cy Cz\u0119stochowy powy\u017cej 65. roku \u017cycia i dzieci do lat 18, chore na schorzenia przewlek\u0142e i nowotworowe oraz przedszkolaki.<\/h2>\n\n\n\n<p>O miejskim programie szczepie\u0144 przeciw grypie ju\u017c <a href=\"https:\/\/gazetaregionalna.com\/szczepienia-przeciw-grypie\/\">pisali\u015bmy<\/a>. \u201eSzczepienia ochronne przeciw grypie dla mieszka\u0144c\u00f3w Cz\u0119stochowy z grup szczeg\u00f3lnego ryzyka na lata 2014-2018-kontynuacja programu na lata 2019-2023\u201d to bezp\u0142atny program polityki zdrowotnej, kt\u00f3rego g\u0142\u00f3wnym celem jest zapobieganie zachorowaniom na gryp\u0119 w\u015br\u00f3d mieszkanek i mieszka\u0144c\u00f3w Cz\u0119stochowy oraz popularyzacja szczepie\u0144.<br>Beneficjenci programu s\u0105 mieszkanki i mieszka\u0144cy Cz\u0119stochowy w wieku powy\u017cej 65. roku \u017cycia oraz dzieci do lat 18, chore na schorzenia przewlek\u0142e i nowotworowe. Z programu mog\u0105 skorzysta\u0107 r\u00f3wnie\u017c dzieci ucz\u0119szczaj\u0105ce do cz\u0119stochowskich przedszkoli.<\/p>\n\n\n\n<p>Zainteresowani mog\u0105 si\u0119 jeszcze zg\u0142asza\u0107. Na bezp\u0142atne szczepienia zaprasza Przychodnia Lekarska \u201eP\u00f3\u0142noc\u201d przy ul. Andersa 12. Przed wizyt\u0105 nale\u017cy um\u00f3wi\u0107 si\u0119 telefonicznie &#8211; tel. 34 362 44 94, 660 781 815. Szczepienia wykonywane s\u0105 od poniedzia\u0142ku do pi\u0105tku od godz. 10 do 17.30. <\/p>\n\n\n\n<p><strong>ZS<\/strong><\/p>\n","protected":false},"excerpt":{"rendered":"<p>Z miejskiego programu szczepie\u0144 przeciw grypie mog\u0105 skorzysta\u0107 mieszka\u0144cy Cz\u0119stochowy powy\u017cej 65. roku \u017cycia i dzieci do lat 18, chore na schorzenia przewlek\u0142e i<\/p>\n","protected":false},"author":18,"featured_media":64052,"comment_status":"open","ping_status":"open","sticky":false,"template":"","format":"standard","meta":{"_monsterinsights_skip_tracking":false,"_monsterinsights_sitenote_active":false,"_monsterinsights_sitenote_note":"","_monsterinsights_sitenote_category":0,"_uf_show_specific_survey":0,"_uf_disable_surveys":false,"footnotes":""},"categories":[37,3,2],"tags":[2854,2368],"class_list":["post-64049","post","type-post","status-publish","format-standard","has-post-thumbnail","hentry","category-zdrowie","category-czestochowa-informacje","category-wiadomosci","tag-grypa","tag-szczepienia"],"_links":{"self":[{"href":"https:\/\/gazetaregionalna.com\/index.php?rest_route=\/wp\/v2\/posts\/64049","targetHints":{"allow":["GET"]}}],"collection":[{"href":"https:\/\/gazetaregionalna.com\/index.php?rest_route=\/wp\/v2\/posts"}],"about":[{"href":"https:\/\/gazetaregionalna.com\/index.php?rest_route=\/wp\/v2\/types\/post"}],"author":[{"embeddable":true,"href":"https:\/\/gazetaregionalna.com\/index.php?rest_route=\/wp\/v2\/users\/18"}],"replies":[{"embeddable":true,"href":"https:\/\/gazetaregionalna.com\/index.php?rest_route=%2Fwp%2Fv2%2Fcomments&post=64049"}],"version-history":[{"count":2,"href":"https:\/\/gazetaregionalna.com\/index.php?rest_route=\/wp\/v2\/posts\/64049\/revisions"}],"predecessor-version":[{"id":64051,"href":"https:\/\/gazetaregionalna.com\/index.php?rest_route=\/wp\/v2\/posts\/64049\/revisions\/64051"}],"wp:featuredmedia":[{"embeddable":true,"href":"https:\/\/gazetaregionalna.com\/index.php?rest_route=\/wp\/v2\/media\/64052"}],"wp:attachment":[{"href":"https:\/\/gazetaregionalna.com\/index.php?rest_route=%2Fwp%2Fv2%2Fmedia&parent=64049"}],"wp:term":[{"taxonomy":"category","embeddable":true,"href":"https:\/\/gazetaregionalna.com\/index.php?rest_route=%2Fwp%2Fv2%2Fcategories&post=64049"},{"taxonomy":"post_tag","embeddable":true,"href":"https:\/\/gazetaregionalna.com\/index.php?rest_route=%2Fwp%2Fv2%2Ftags&post=64049"}],"curies":[{"name":"wp","href":"https:\/\/api.w.org\/{rel}","templated":true}]}}